{"id":713,"date":"2026-04-26T16:30:07","date_gmt":"2026-04-26T14:30:07","guid":{"rendered":"http:\/\/www.10cose.it\/?p=713"},"modified":"2026-04-26T16:30:21","modified_gmt":"2026-04-26T14:30:21","slug":"que-voir-milan","status":"publish","type":"post","link":"https:\/\/www.10cose.it\/fr\/milan\/que-voir-milan","title":{"rendered":"Que faire et que voir \u00e0 Milan : 16 lieux incontournables"},"content":{"rendered":"<div class=\"wpb-content-wrapper\"><div id=\"tdi_1\" class=\"tdc-row\"><div class=\"vc_row tdi_2  wpb_row td-pb-row\" >\n<style scoped>\n\/* custom css - generated by TagDiv Composer *\/\n\n\/* custom css - generated by TagDiv Composer *\/\n.tdi_2,\r\n                .tdi_2 .tdc-columns{\r\n                    min-height: 0;\r\n                }.tdi_2,\r\n\t\t\t\t.tdi_2 .tdc-columns{\r\n\t\t\t\t    display: block;\r\n\t\t\t\t}.tdi_2 .tdc-columns{\r\n\t\t\t\t    width: 100%;\r\n\t\t\t\t}.tdi_2:before,\r\n\t\t\t\t.tdi_2:after{\r\n\t\t\t\t    display: table;\r\n\t\t\t\t}\n<\/style><div class=\"vc_column tdi_4  wpb_column vc_column_container tdc-column td-pb-span12\">\n<style scoped>\n\/* custom css - generated by TagDiv Composer *\/\n\n\/* custom css - generated by TagDiv Composer *\/\n.tdi_4{\r\n                    vertical-align: baseline;\r\n                }.tdi_4 > .wpb_wrapper,\r\n\t\t\t\t.tdi_4 > .wpb_wrapper > .tdc-elements{\r\n\t\t\t\t    display: block;\r\n\t\t\t\t}.tdi_4 > .wpb_wrapper > .tdc-elements{\r\n\t\t\t\t    width: 100%;\r\n\t\t\t\t}.tdi_4 > .wpb_wrapper > .vc_row_inner{\r\n\t\t\t\t    width: auto;\r\n\t\t\t\t}.tdi_4 > .wpb_wrapper{\r\n\t\t\t\t    width: auto;\r\n\t\t\t\t    height: auto;\r\n\t\t\t\t}\n<\/style><div class=\"wpb_wrapper\" >[vc_column_text]<strong>Milan<\/strong> est commun\u00e9ment connue comme la capitale \u00e9conomique de l\u2019Italie, une d\u00e9finition qui semble sugg\u00e9rer qu\u2019il y circule beaucoup d\u2019argent, mais qu\u2019il y a peu de choses int\u00e9ressantes \u00e0 voir. Et pourtant, <strong>les choses \u00e0 faire et \u00e0 voir \u00e0 Milan sont nombreuses<\/strong> : on peut commencer par le Milan \u00ab carte postale \u00bb, celui de <strong>Piazza Duomo, <\/strong>de la <strong>Galleria Vittorio Emanuele II <\/strong>et du <strong>Castello Sforzesco<\/strong>, symboles de l\u2019ancienne richesse de Milan.<\/p>\n<p>Puis il y a le Milan de <strong>L\u00e9onard de Vinci<\/strong>, qui mit son g\u00e9nie d\u2019architecte au service d\u2019un projet ambitieux : rendre navigables les Navigli, r\u00e9cemment r\u00e9habilit\u00e9s et devenus un lieu \u00e0 la mode. L\u00e9onard a \u00e9galement offert \u00e0 Milan l\u2019un de ses plus grands chefs-d\u2019\u0153uvre : la <strong>C\u00e8ne<\/strong>, peinte dans le r\u00e9fectoire de <strong>Santa Maria delle Grazie<\/strong>.<\/p>\n<p>Puis il y a le Milan international, celui qui attire les riches du monde entier : celui de <strong>San Babila <\/strong>avec sa belle \u00e9glise de style n\u00e9o-roman, mais surtout avec les rues de la mode, les vitrines des grandes marques, les mannequins dans les rues et les bolides gar\u00e9s.<\/p>\n<p>Bref, les choses \u00e0 faire et \u00e0 voir dans cette ville ne manquent certainement pas, auxquelles il faut ajouter le charme d\u2019une grande m\u00e9tropole europ\u00e9enne et une cuisine injustement sous-estim\u00e9e par rapport \u00e0 celle de Rome, Naples ou Florence.<\/p>\n<p>Voici donc <strong>10 choses \u00e0 voir \u00e0 Milan pour commencer \u00e0 d\u00e9couvrir cette grande et belle ville, m\u00eame le temps d\u2019un week-end.<\/strong><\/p>\n<blockquote class=\"td_quote_box td_box_center\">\n<p style=\"text-align: left;\">Si vous cherchez un h\u00f4tel, nous vous conseillons de choisir parmi ceux propos\u00e9s par <strong><a href=\"https:\/\/www.booking.com\/city\/it\/milan.it.html?aid=340168;label=milanoparagrafo\" target=\"_blank\" rel=\"sponsored noopener noreferrer\">Booking.com<\/a>.<\/strong> Il y a environ 2000 h\u00f4tels \u00e0 Milan avec prix, photos et commentaires de voyageurs ayant s\u00e9journ\u00e9 avant vous. <a href=\"https:\/\/www.booking.com\/city\/it\/milan.it.html?aid=340168;label=milanopostparagrafo\" target=\"_blank\" rel=\"sponsored noopener noreferrer\"><strong>Aller sur Booking.com<\/strong><\/a><\/p>\n<\/blockquote>\n<p>[\/vc_column_text][vc_column_text]<div class='code-block code-block-11' style='margin: 8px auto; text-align: center; display: block; clear: both;'>\n<script async src=\"https:\/\/pagead2.googlesyndication.com\/pagead\/js\/adsbygoogle.js?client=ca-pub-6745002529729253\"\n     crossorigin=\"anonymous\"><\/script>\n<!-- Primo Paragrafo -->\n<ins class=\"adsbygoogle\"\n     style=\"display:block\"\n     data-ad-client=\"ca-pub-6745002529729253\"\n     data-ad-slot=\"6773079954\"\n     data-ad-format=\"auto\"\n     data-full-width-responsive=\"true\"><\/ins>\n<script>\n     (adsbygoogle = window.adsbygoogle || []).push({});\n<\/script><\/div>\n[\/vc_column_text]<\/div><\/div><\/div><\/div><div id=\"tdi_5\" class=\"tdc-row\"><div class=\"vc_row tdi_6  wpb_row td-pb-row\" >\n<style scoped>\n\/* custom css - generated by TagDiv Composer *\/\n\n\/* custom css - generated by TagDiv Composer *\/\n.tdi_6,\r\n                .tdi_6 .tdc-columns{\r\n                    min-height: 0;\r\n                }.tdi_6,\r\n\t\t\t\t.tdi_6 .tdc-columns{\r\n\t\t\t\t    display: block;\r\n\t\t\t\t}.tdi_6 .tdc-columns{\r\n\t\t\t\t    width: 100%;\r\n\t\t\t\t}.tdi_6:before,\r\n\t\t\t\t.tdi_6:after{\r\n\t\t\t\t    display: table;\r\n\t\t\t\t}\n<\/style><div class=\"vc_column tdi_8  wpb_column vc_column_container tdc-column td-pb-span12\">\n<style scoped>\n\/* custom css - generated by TagDiv Composer *\/\n\n\/* custom css - generated by TagDiv Composer *\/\n.tdi_8{\r\n                    vertical-align: baseline;\r\n                }.tdi_8 > .wpb_wrapper,\r\n\t\t\t\t.tdi_8 > .wpb_wrapper > .tdc-elements{\r\n\t\t\t\t    display: block;\r\n\t\t\t\t}.tdi_8 > .wpb_wrapper > .tdc-elements{\r\n\t\t\t\t    width: 100%;\r\n\t\t\t\t}.tdi_8 > .wpb_wrapper > .vc_row_inner{\r\n\t\t\t\t    width: auto;\r\n\t\t\t\t}.tdi_8 > .wpb_wrapper{\r\n\t\t\t\t    width: auto;\r\n\t\t\t\t    height: auto;\r\n\t\t\t\t}\n<\/style><div class=\"wpb_wrapper\" >[vc_custom_heading text=\u00a0\u00bbLe Duomo de Milan\u00a0\u00bb google_fonts=\u00a0\u00bbfont_family:Open%20Sans%3A300%2C300italic%2Cregular%2Citalic%2C600%2C600italic%2C700%2C700italic%2C800%2C800italic|font_style:600%20bold%20regular%3A600%3Anormal\u00a0\u00bb css=\u00a0\u00bb.vc_custom_1442323894682{background-position: 0 0 !important;background-repeat: no-repeat !important;}\u00a0\u00bb][vc_column_text]<span class=\"dropcap\" style=\"background-color: #dd3333;\">1<\/span><\/p>\n<p><strong>Qu\u2019est-ce qui peut mieux repr\u00e9senter Milan que son Duomo ?<\/strong><\/p>\n<p>L\u2019\u00e9glise d\u00e9di\u00e9e \u00e0 Santa Maria Nascente, construite sur ordre de Gian Galeazzo Visconti, est le <strong>symbole de la ville, <\/strong>ainsi que <strong>l\u2019une des premi\u00e8res choses \u00e0 voir<\/strong> d\u00e8s que l\u2019on met les pieds \u00e0 Milan.<\/p>\n<figure id=\"attachment_3295\" aria-describedby=\"caption-attachment-3295\" style=\"width: 375px\" class=\"wp-caption alignleft\"><img decoding=\"async\" class=\"size-full wp-image-3295\" src=\"https:\/\/www.10cose.it\/wp-content\/uploads\/2015\/09\/duomo-milano.png\" alt=\"Le Duomo de Milan\" width=\"375\" height=\"250\" srcset=\"https:\/\/www.10cose.it\/wp-content\/uploads\/2015\/09\/duomo-milano.png 375w, https:\/\/www.10cose.it\/wp-content\/uploads\/2015\/09\/duomo-milano-300x200.png 300w\" sizes=\"(max-width: 375px) 100vw, 375px\" \/><figcaption id=\"caption-attachment-3295\" class=\"wp-caption-text\">Le Duomo de Milan<\/figcaption><\/figure>\n<p>Les travaux du Duomo de Milan commenc\u00e8rent en 1386 et donn\u00e8rent naissance \u00e0 un monument splendide, dot\u00e9 de merveilleuses verri\u00e8res et de superbes d\u00e9corations sculpt\u00e9es.<\/p>\n<p><strong>Cette majestueuse structure est le t\u00e9moignage le plus significatif de l\u2019architecture gothique<\/strong>, sans laisser place au moindre doute : c\u2019est la seule o\u00f9 se m\u00ealent caract\u00e8res nordiques et \u00e9l\u00e9ments lombards.<\/p>\n\n<h3>La c\u00e9l\u00e8bre Madonnina de Milan<\/h3>\n<p>La beaut\u00e9 du Duomo est compl\u00e9t\u00e9e par la fl\u00e8che principale, au sommet de laquelle tr\u00f4ne la <strong>c\u00e9l\u00e8bre Madonnina<\/strong>, une statue de cuivre dor\u00e9 haute de 4 m\u00e8tres.<\/p>\n<p>Si vous visitez l\u2019\u00e9glise par une belle journ\u00e9e ensoleill\u00e9e, vous pourrez profiter depuis les terrasses d\u2019une vue magnifique sur la ville et les Alpes.<\/p>\n<p>\u00c0 l\u2019int\u00e9rieur, ne manquez pas la zone du <strong>presbyt\u00e8re<\/strong>, r\u00e9nov\u00e9e dans la seconde moiti\u00e9 du XVIe si\u00e8cle. Au sommet de la vo\u00fbte absidiale se trouve la relique du <strong>Saint Clou de la Croix<\/strong>.<\/p>\n<p>Pour donner quelques chiffres, sachez que le Duomo compte <strong>3 500 statues<\/strong>, y compris les <strong>96 g\u00e9ants des gargouilles<\/strong>, que la structure mesure <strong>157 m\u00e8tres de long, 92 m\u00e8tres de large<\/strong> et que la <strong>fl\u00e8che culmine \u00e0 108,50<\/strong> m\u00e8tres.<\/p>\n<h3>Horaires d\u2019ouverture et prix du billet pour le Duomo de Milan<\/h3>\n<p><strong>Horaires d\u2019ouverture<\/strong> : tous les jours de 9 h \u00e0 19 h. Derni\u00e8re entr\u00e9e \u00e0 18 h. Dimanche et jours f\u00e9ri\u00e9s, r\u00e9servation anticip\u00e9e obligatoire.<br \/>\n<strong>Prix du billet<\/strong> : de 9 euros sans mont\u00e9e aux terrasses \u00e0 15 euros avec mont\u00e9e \u00e0 pied, ou 20 euros avec ascenseur. <strong>Tous les billets incluent :<\/strong> la visite de la Cath\u00e9drale, de la Zone Arch\u00e9ologique, du Mus\u00e9e du Duomo et de l\u2019\u00e9glise San Gottardo.<br \/>\nTous les <strong>jeudis soir<\/strong> depuis le 10 juin 2021, ouverture prolong\u00e9e des terrasses jusqu\u2019\u00e0 22 h, derni\u00e8re mont\u00e9e \u00e0 21 h 10, avec mont\u00e9e en ascenseur.<br \/>\n<strong>Comment arriver<\/strong> : il est l\u00e0, au centre de Milan, impossible de se tromper ! M\u00e9tro M1 et M3, arr\u00eat Duomo.<br \/>\n<strong>Site officiel<\/strong> : <a href=\"http:\/\/www.duomomilano.it\/\" target=\"_blank\" rel=\"noopener\">http:\/\/www.duomomilano.it\/<\/a>[\/vc_column_text]<div class=\"wpb_wrapper td_block_separator td_block_wrap vc_separator tdi_10  td_separator_solid td_separator_center\"><span style=\"border-color:juicy_pink;border-width:1px;width:100%;\"><\/span>\n<style scoped>\n\/* custom css - generated by TagDiv Composer *\/\n\n\/* custom css - generated by TagDiv Composer *\/\n.td_block_separator{\r\n                  width: 100%;\r\n                  align-items: center;\r\n                  margin-bottom: 38px;\r\n                  padding-bottom: 10px;\r\n                }.td_block_separator span{\r\n                  position: relative;\r\n                  display: block;\r\n                  margin: 0 auto;\r\n                  width: 100%;\r\n                  height: 1px;\r\n                  border-top: 1px solid #EBEBEB;\r\n                }.td_separator_align_left span{\r\n                  margin-left: 0;\r\n                }.td_separator_align_right span{\r\n                  margin-right: 0;\r\n                }.td_separator_dashed span{\r\n                  border-top-style: dashed;\r\n                }.td_separator_dotted span{\r\n                  border-top-style: dotted;\r\n                }.td_separator_double span{\r\n                  height: 3px;\r\n                  border-bottom: 1px solid #EBEBEB;\r\n                }.td_separator_shadow > span{\r\n                  position: relative;\r\n                  height: 20px;\r\n                  overflow: hidden;\r\n                  border: 0;\r\n                  color: #EBEBEB;\r\n                }.td_separator_shadow > span > span{\r\n                  position: absolute;\r\n                  top: -30px;\r\n                  left: 0;\r\n                  right: 0;\r\n                  margin: 0 auto;\r\n                  height: 13px;\r\n                  width: 98%;\r\n                  border-radius: 100%;\r\n                }html :where([style*='border-width']){\r\n                    border-style: none;\r\n                }\n<\/style><\/div>[vc_column_text]<div class='code-block code-block-1' style='margin: 8px auto; text-align: center; display: block; clear: both;'>\n<script async type='text\/javascript' src='\/\/s.clickiocdn.com\/t\/218260\/360_light.js'><\/script>\n<script class='__lxGc__' type='text\/javascript'>\n((__lxGc__=window.__lxGc__||{'s':{},'b':0})['s']['_218260']=__lxGc__['s']['_218260']||{'b':{}})['b']['_709459']={'i':__lxGc__.b++};\n<\/script>\n\n<script async type='text\/javascript' src='\/\/s.clickiocdn.com\/t\/218260\/360_light.js'><\/script>\n<script class='__lxGc__' type='text\/javascript'>\n((__lxGc__=window.__lxGc__||{'s':{},'b':0})['s']['_218260']=__lxGc__['s']['_218260']||{'b':{}})['b']['_709457']={'i':__lxGc__.b++};\n<\/script><\/div>\n[\/vc_column_text]<\/div><\/div><\/div><\/div><div id=\"tdi_11\" class=\"tdc-row\"><div class=\"vc_row tdi_12  wpb_row td-pb-row\" >\n<style scoped>\n\/* custom css - generated by TagDiv Composer *\/\n\n\/* custom css - generated by TagDiv Composer *\/\n.tdi_12,\r\n                .tdi_12 .tdc-columns{\r\n                    min-height: 0;\r\n                }.tdi_12,\r\n\t\t\t\t.tdi_12 .tdc-columns{\r\n\t\t\t\t    display: block;\r\n\t\t\t\t}.tdi_12 .tdc-columns{\r\n\t\t\t\t    width: 100%;\r\n\t\t\t\t}.tdi_12:before,\r\n\t\t\t\t.tdi_12:after{\r\n\t\t\t\t    display: table;\r\n\t\t\t\t}\n<\/style><div class=\"vc_column tdi_14  wpb_column vc_column_container tdc-column td-pb-span12\">\n<style scoped>\n\/* custom css - generated by TagDiv Composer *\/\n\n\/* custom css - generated by TagDiv Composer *\/\n.tdi_14{\r\n                    vertical-align: baseline;\r\n                }.tdi_14 > .wpb_wrapper,\r\n\t\t\t\t.tdi_14 > .wpb_wrapper > .tdc-elements{\r\n\t\t\t\t    display: block;\r\n\t\t\t\t}.tdi_14 > .wpb_wrapper > .tdc-elements{\r\n\t\t\t\t    width: 100%;\r\n\t\t\t\t}.tdi_14 > .wpb_wrapper > .vc_row_inner{\r\n\t\t\t\t    width: auto;\r\n\t\t\t\t}.tdi_14 > .wpb_wrapper{\r\n\t\t\t\t    width: auto;\r\n\t\t\t\t    height: auto;\r\n\t\t\t\t}\n<\/style><div class=\"wpb_wrapper\" >[vc_custom_heading text=\u00a0\u00bbMus\u00e9e du Novecento\u00a0\u00bb google_fonts=\u00a0\u00bbfont_family:Open%20Sans%3A300%2C300italic%2Cregular%2Citalic%2C600%2C600italic%2C700%2C700italic%2C800%2C800italic|font_style:600%20bold%20regular%3A600%3Anormal\u00a0\u00bb css=\u00a0\u00bb.vc_custom_1553069010362{background-position: 0 0 !important;background-repeat: no-repeat !important;}\u00a0\u00bb][vc_column_text]<span class=\"dropcap\" style=\"background-color: #dd3333;\">2<\/span><\/p>\n<p>\u00c0 quelques pas du Duomo se trouve le Palazzo dell\u2019Arengario, qui abrite le merveilleux <strong>Mus\u00e9e du Novecento. <\/strong><\/p>\n<figure id=\"attachment_19391\" aria-describedby=\"caption-attachment-19391\" style=\"width: 375px\" class=\"wp-caption alignleft\"><img decoding=\"async\" class=\"size-full wp-image-19391\" src=\"https:\/\/www.10cose.it\/wp-content\/uploads\/2015\/09\/museo-novecento-milano.jpg\" alt=\"Mus\u00e9e du Novecento\" width=\"375\" height=\"250\" srcset=\"https:\/\/www.10cose.it\/wp-content\/uploads\/2015\/09\/museo-novecento-milano.jpg 375w, https:\/\/www.10cose.it\/wp-content\/uploads\/2015\/09\/museo-novecento-milano-300x200.jpg 300w\" sizes=\"(max-width: 375px) 100vw, 375px\" \/><figcaption id=\"caption-attachment-19391\" class=\"wp-caption-text\">Mus\u00e9e du Novecento<\/figcaption><\/figure>\n<p>Une collection de plus de 400 \u0153uvres d\u2019art italien pr\u00e9sent\u00e9es dans l\u2019ordre chronologique : on commence donc imm\u00e9diatement avec \u00ab Quarto Stato \u00bb de <strong>Giuseppe Pellizza da Volpedo<\/strong>, auquel une salle enti\u00e8re est consacr\u00e9e.<\/p>\n<p>Parmi les auteurs du d\u00e9but du XXe si\u00e8cle, on rencontre des \u0153uvres de <strong>Picasso, Braque, Klee, Kandinskij et Modigliani<\/strong>. On passe ensuite au Futurisme avec <strong>Balla, Boccioni, Carr\u00e0, Depero, Severini et Soffici<\/strong>.<\/p>\n\n<p>Les ann\u00e9es 1920 et 1930 sont repr\u00e9sent\u00e9es par <strong>de Chirico, Morandi<\/strong> et un espace entier consacr\u00e9 \u00e0 <strong>Marino Marini<\/strong>. Au troisi\u00e8me \u00e9tage se trouvent des \u0153uvres d\u2019artistes informels, <strong>Burri, Vedova, Licini et d\u2019autres<\/strong>, ainsi que les ann\u00e9es 1950 et 1960 avec <strong>Piero Manzoni et les artistes d\u2019Azimuth<\/strong>.<\/p>\n<p>Le quatri\u00e8me \u00e9tage est enti\u00e8rement d\u00e9di\u00e9 \u00e0 Lucio Fontana, avec le grand \u00ab plafond spatial \u00bb de 1956, provenant de l\u2019H\u00f4tel del Golfo de l\u2019\u00eele d\u2019Elbe, le <strong>N\u00e9on<\/strong> et les Concepts spatiaux des ann\u00e9es 1950. La grande salle consacr\u00e9e \u00e0 Fontana poss\u00e8de de grandes baies vitr\u00e9es qui offrent une vue spectaculaire sur le Duomo.<\/p>\n<p>La passerelle suspendue m\u00e8ne au Palazzo Reale, avec la section consacr\u00e9e aux \u0153uvres des ann\u00e9es 1960 aux ann\u00e9es 1980 : <strong>Art cin\u00e9tique et programm\u00e9, Pop Art, peintures analytiques et art conceptuel<\/strong>, avec <strong>Kounellis, Paladino et d\u2019autres.<\/strong><\/p>\n<h3>Horaires d\u2019ouverture et prix du billet pour le Mus\u00e9e du Novecento<\/h3>\n<p><strong>Horaires d\u2019ouverture<\/strong> : tous les jours de 10 h \u00e0 19 h 30. Jeudi jusqu\u2019\u00e0 22 h 30.<br \/>\n<strong>Prix du billet<\/strong> : plein tarif 10 \u20ac. Tarif r\u00e9duit adultes 8 \u20ac, tarif r\u00e9duit jeunes et enfants 5 \u20ac.<br \/>\n<strong>Comment arriver<\/strong> : \u00e0 c\u00f4t\u00e9 du Duomo. M\u00e9tro M1 et M3, arr\u00eat Duomo.<br \/>\n<strong>Site officiel<\/strong> : <a href=\"http:\/\/museodelnovecento.org\/it\/\" target=\"_blank\" rel=\"noopener\">http:\/\/museodelnovecento.org\/it\/<\/a>[\/vc_column_text]<div class=\"wpb_wrapper td_block_separator td_block_wrap vc_separator tdi_16  td_separator_solid td_separator_center\"><span style=\"border-color:juicy_pink;border-width:1px;width:100%;\"><\/span><\/div>[vc_column_text]<div class='code-block code-block-2' style='margin: 8px auto; text-align: center; display: block; clear: both;'>\n<script async type='text\/javascript' src='\/\/s.clickiocdn.com\/t\/218260\/360_light.js'><\/script>\n<script class='__lxGc__' type='text\/javascript'>\n((__lxGc__=window.__lxGc__||{'s':{},'b':0})['s']['_218260']=__lxGc__['s']['_218260']||{'b':{}})['b']['_709459']={'i':__lxGc__.b++};\n<\/script>\n\n<script async type='text\/javascript' src='\/\/s.clickiocdn.com\/t\/218260\/360_light.js'><\/script>\n<script class='__lxGc__' type='text\/javascript'>\n((__lxGc__=window.__lxGc__||{'s':{},'b':0})['s']['_218260']=__lxGc__['s']['_218260']||{'b':{}})['b']['_709457']={'i':__lxGc__.b++};\n<\/script><\/div>\n[\/vc_column_text]<\/div><\/div><\/div><\/div><div id=\"tdi_17\" class=\"tdc-row\"><div class=\"vc_row tdi_18  wpb_row td-pb-row\" >\n<style scoped>\n\/* custom css - generated by TagDiv Composer *\/\n\n\/* custom css - generated by TagDiv Composer *\/\n.tdi_18,\r\n                .tdi_18 .tdc-columns{\r\n                    min-height: 0;\r\n                }.tdi_18,\r\n\t\t\t\t.tdi_18 .tdc-columns{\r\n\t\t\t\t    display: block;\r\n\t\t\t\t}.tdi_18 .tdc-columns{\r\n\t\t\t\t    width: 100%;\r\n\t\t\t\t}.tdi_18:before,\r\n\t\t\t\t.tdi_18:after{\r\n\t\t\t\t    display: table;\r\n\t\t\t\t}\n<\/style><div class=\"vc_column tdi_20  wpb_column vc_column_container tdc-column td-pb-span12\">\n<style scoped>\n\/* custom css - generated by TagDiv Composer *\/\n\n\/* custom css - generated by TagDiv Composer *\/\n.tdi_20{\r\n                    vertical-align: baseline;\r\n                }.tdi_20 > .wpb_wrapper,\r\n\t\t\t\t.tdi_20 > .wpb_wrapper > .tdc-elements{\r\n\t\t\t\t    display: block;\r\n\t\t\t\t}.tdi_20 > .wpb_wrapper > .tdc-elements{\r\n\t\t\t\t    width: 100%;\r\n\t\t\t\t}.tdi_20 > .wpb_wrapper > .vc_row_inner{\r\n\t\t\t\t    width: auto;\r\n\t\t\t\t}.tdi_20 > .wpb_wrapper{\r\n\t\t\t\t    width: auto;\r\n\t\t\t\t    height: auto;\r\n\t\t\t\t}\n<\/style><div class=\"wpb_wrapper\" >[vc_custom_heading text=\u00a0\u00bbLa C\u00e8ne de L\u00e9onard de Vinci \u00e0 Milan\u00a0\u00bb google_fonts=\u00a0\u00bbfont_family:Open%20Sans%3A300%2C300italic%2Cregular%2Citalic%2C600%2C600italic%2C700%2C700italic%2C800%2C800italic|font_style:600%20bold%20regular%3A600%3Anormal\u00a0\u00bb css=\u00a0\u00bb.vc_custom_1442323828707{background-position: 0 0 !important;background-repeat: no-repeat !important;}\u00a0\u00bb][vc_column_text]<span class=\"dropcap\" style=\"background-color: #c60c0c;\">3<\/span><\/p>\n<p>La <strong>C\u00e8ne de L\u00e9onard de Vinci<\/strong> est jalousement conserv\u00e9e \u00e0 l\u2019int\u00e9rieur du r\u00e9fectoire du couvent dominicain de <strong>Santa Maria delle Grazie de Milan<\/strong>. L\u00e9onard r\u00e9alisa cette \u0153uvre d\u2019une beaut\u00e9 saisissante sur le mur nord de la grande salle entre 1494 et 1498, sous la seigneurie de Ludovic le More.<\/p>\n<figure id=\"attachment_3293\" aria-describedby=\"caption-attachment-3293\" style=\"width: 375px\" class=\"wp-caption alignleft\"><img decoding=\"async\" class=\"size-full wp-image-3293\" src=\"https:\/\/www.10cose.it\/wp-content\/uploads\/2015\/09\/cenacolo-leonardo-da-vinci-milano.jpg\" alt=\"La C\u00e8ne de L\u00e9onard de Vinci \u00e0 Milan\" width=\"375\" height=\"250\" srcset=\"https:\/\/www.10cose.it\/wp-content\/uploads\/2015\/09\/cenacolo-leonardo-da-vinci-milano.jpg 375w, https:\/\/www.10cose.it\/wp-content\/uploads\/2015\/09\/cenacolo-leonardo-da-vinci-milano-300x200.jpg 300w\" sizes=\"(max-width: 375px) 100vw, 375px\" \/><figcaption id=\"caption-attachment-3293\" class=\"wp-caption-text\">La C\u00e8ne de L\u00e9onard de Vinci \u00e0 Milan<\/figcaption><\/figure>\n<p>Le g\u00e9nial L\u00e9onard ex\u00e9cuta ce chef-d\u2019\u0153uvre \u00ab <em>\u00e0 sec<\/em> \u00bb, au lieu d\u2019utiliser la technique de la fresque habituellement employ\u00e9e pour les peintures murales.<\/p>\n<p>Malheureusement, au fil du temps, \u00e0 cause des conditions environnementales et des \u00e9v\u00e9nements historiques, l\u2019\u0153uvre a subi de lourdes d\u00e9t\u00e9riorations et n\u2019est visible qu\u2019en partie.<\/p>\n\n<p><strong>De nombreuses restaurations ont \u00e9t\u00e9 effectu\u00e9es sur la C\u00e8ne<\/strong>, et celle de 1999 en particulier a rendu au tableau ses couleurs originales et supprim\u00e9 les interventions picturales pr\u00e9c\u00e9dentes.<\/p>\n<p>Afin d\u2019\u00e9viter que la peinture ne soit \u00e0 nouveau endommag\u00e9e, <strong>elle est conserv\u00e9e dans des conditions environnementales particuli\u00e8res<\/strong>, d\u00e9termin\u00e9es par le traitement de l\u2019air, et ne peut \u00eatre visit\u00e9e que par groupes de 25 visiteurs maximum \u00e0 la fois, toutes les 15 minutes.<\/p>\n<h3>Horaires d\u2019ouverture et prix du billet pour la C\u00e8ne de L\u00e9onard<\/h3>\n<p><strong>Horaires d\u2019ouverture<\/strong> : <b>du mardi au samedi, de 9 h 45 \u00e0 19 h<\/b>, derni\u00e8re entr\u00e9e \u00e0 18 h 45. <b>Dimanche de 14 h \u00e0 19 h<\/b>, derni\u00e8re entr\u00e9e \u00e0 18 h 45.<br \/>\nSeules 15 personnes peuvent visiter le r\u00e9fectoire toutes les 15 minutes.<br \/>\n<strong>Prix du billet<\/strong> : 15 euros, avec r\u00e9servation obligatoire sur le site de <a href=\"https:\/\/cenacolovinciano.vivaticket.it\/\" target=\"_blank\" rel=\"nofollow noopener noreferrer\"><strong>Vivaticket<\/strong><\/a><\/p>\n<p><strong>Comment arriver<\/strong> : Piazza Santa Maria delle Grazie. <strong>M\u00e9tro ligne 1<\/strong> : Cadorna ou Conciliazione<br \/>\n<strong>M\u00e9tro ligne 2<\/strong> : Cadorna ou Sant\u2019Ambrogio[\/vc_column_text]<div class=\"wpb_wrapper td_block_separator td_block_wrap vc_separator tdi_22  td_separator_solid td_separator_center\"><span style=\"border-color:juicy_pink;border-width:1px;width:100%;\"><\/span><\/div>[vc_column_text]<div class='code-block code-block-3' style='margin: 8px auto; text-align: center; display: block; clear: both;'>\n<script async type='text\/javascript' src='\/\/s.clickiocdn.com\/t\/218260\/360_light.js'><\/script>\n<script class='__lxGc__' type='text\/javascript'>\n((__lxGc__=window.__lxGc__||{'s':{},'b':0})['s']['_218260']=__lxGc__['s']['_218260']||{'b':{}})['b']['_709457']={'i':__lxGc__.b++};\n<\/script>\n\n<script async type='text\/javascript' src='\/\/s.clickiocdn.com\/t\/218260\/360_light.js'><\/script>\n<script class='__lxGc__' type='text\/javascript'>\n((__lxGc__=window.__lxGc__||{'s':{},'b':0})['s']['_218260']=__lxGc__['s']['_218260']||{'b':{}})['b']['_709459']={'i':__lxGc__.b++};\n<\/script><\/div>\n[\/vc_column_text]<\/div><\/div><\/div><\/div><div id=\"tdi_23\" class=\"tdc-row\"><div class=\"vc_row tdi_24  wpb_row td-pb-row\" >\n<style scoped>\n\/* custom css - generated by TagDiv Composer *\/\n\n\/* custom css - generated by TagDiv Composer *\/\n.tdi_24,\r\n                .tdi_24 .tdc-columns{\r\n                    min-height: 0;\r\n                }.tdi_24,\r\n\t\t\t\t.tdi_24 .tdc-columns{\r\n\t\t\t\t    display: block;\r\n\t\t\t\t}.tdi_24 .tdc-columns{\r\n\t\t\t\t    width: 100%;\r\n\t\t\t\t}.tdi_24:before,\r\n\t\t\t\t.tdi_24:after{\r\n\t\t\t\t    display: table;\r\n\t\t\t\t}\n<\/style><div class=\"vc_column tdi_26  wpb_column vc_column_container tdc-column td-pb-span12\">\n<style scoped>\n\/* custom css - generated by TagDiv Composer *\/\n\n\/* custom css - generated by TagDiv Composer *\/\n.tdi_26{\r\n                    vertical-align: baseline;\r\n                }.tdi_26 > .wpb_wrapper,\r\n\t\t\t\t.tdi_26 > .wpb_wrapper > .tdc-elements{\r\n\t\t\t\t    display: block;\r\n\t\t\t\t}.tdi_26 > .wpb_wrapper > .tdc-elements{\r\n\t\t\t\t    width: 100%;\r\n\t\t\t\t}.tdi_26 > .wpb_wrapper > .vc_row_inner{\r\n\t\t\t\t    width: auto;\r\n\t\t\t\t}.tdi_26 > .wpb_wrapper{\r\n\t\t\t\t    width: auto;\r\n\t\t\t\t    height: auto;\r\n\t\t\t\t}\n<\/style><div class=\"wpb_wrapper\" >[vc_custom_heading text=\u00a0\u00bbLa Pinacoth\u00e8que de Brera \u00e0 Milan\u00a0\u00bb google_fonts=\u00a0\u00bbfont_family:Open%20Sans%3A300%2C300italic%2Cregular%2Citalic%2C600%2C600italic%2C700%2C700italic%2C800%2C800italic|font_style:600%20bold%20regular%3A600%3Anormal\u00a0\u00bb css=\u00a0\u00bb.vc_custom_1442323853999{background-position: 0 0 !important;background-repeat: no-repeat !important;}\u00a0\u00bb][vc_column_text]<span class=\"dropcap\" style=\"background-color: #c60c0c;\">4<\/span><\/p>\n<p>La Pinacoth\u00e8que de Brera naquit en 1776 comme collection d\u2019<strong>\u0153uvres significatives destin\u00e9es \u00e0 la formation des \u00e9tudiants<\/strong> de l\u2019Acad\u00e9mie des Beaux-Arts.<\/p>\n<figure id=\"attachment_3303\" aria-describedby=\"caption-attachment-3303\" style=\"width: 375px\" class=\"wp-caption alignleft\"><img decoding=\"async\" class=\"size-full wp-image-3303\" src=\"https:\/\/www.10cose.it\/wp-content\/uploads\/2015\/09\/pinacoteca-brera-milano.jpg\" alt=\"La Pinacoth\u00e8que de Brera \u00e0 Milan\" width=\"375\" height=\"250\" srcset=\"https:\/\/www.10cose.it\/wp-content\/uploads\/2015\/09\/pinacoteca-brera-milano.jpg 375w, https:\/\/www.10cose.it\/wp-content\/uploads\/2015\/09\/pinacoteca-brera-milano-300x200.jpg 300w\" sizes=\"(max-width: 375px) 100vw, 375px\" \/><figcaption id=\"caption-attachment-3303\" class=\"wp-caption-text\">La Pinacoth\u00e8que de Brera \u00e0 Milan<\/figcaption><\/figure>\n<p>Lorsque <strong>Milan<\/strong> fut proclam\u00e9e capitale du Royaume d\u2019Italie par Napol\u00e9on, les tableaux confisqu\u00e9s aux \u00e9glises et aux aristocrates arriv\u00e8rent \u00e0 Brera, du moins ceux qui n\u2019avaient pas \u00e9t\u00e9 emport\u00e9s \u00e0 Paris.<\/p>\n\n<p>La Pinacoth\u00e8que de Brera se distingue donc des autres prestigieux mus\u00e9es italiens, car elle ne trouve pas son origine dans les collections priv\u00e9es de l\u2019aristocratie et des princes, mais dans une collection d\u2019\u00c9tat et politique.<\/p>\n<p>La collection est tr\u00e8s riche, avec certaines des \u0153uvres les plus c\u00e9l\u00e8bres du monde : de la <strong>C\u00e8ne \u00e0 Emma\u00fcs de Caravage au Christ mort de Mantegna, <\/strong>du <strong>Retable de Brera de Piero della Francesca <\/strong>au <strong>Mariage de la Vierge <\/strong>de <strong>Rapha\u00ebl. <\/strong><\/p>\n<p>\u00c0 c\u00f4t\u00e9 de ces \u0153uvres c\u00e9l\u00e8bres, il y en a beaucoup d\u2019autres, exceptionnelles m\u00eame si moins connues. <strong> <\/strong>L\u2019un des symboles de Brera est le tableau romantique par excellence : <strong>Le Baiser de Hayez. <\/strong>La collection va jusqu\u2019au XXe si\u00e8cle avec des \u0153uvres <strong>de Braque, Modigliani, Picasso, Morandi, De Chirico <\/strong>et beaucoup d\u2019autres.<\/p>\n<h3>Horaires d\u2019ouverture et prix du billet pour la Pinacoth\u00e8que de Brera<\/h3>\n<p><strong>Horaires d\u2019ouverture<\/strong> : valables du 1er juin au 4 juillet inclus :<br \/>\n\u2022 mardi : 9 h 30-14 h 30, derni\u00e8re entr\u00e9e \u00e0 13 h 30<br \/>\n\u2022 mercredi : 12 h 30-17 h 30, derni\u00e8re entr\u00e9e \u00e0 16 h 30<br \/>\n\u2022 jeudi : 12 h 30-17 h 30, derni\u00e8re entr\u00e9e \u00e0 16 h 30<br \/>\n\u2022 vendredi : 9 h 30-17 h 30, derni\u00e8re entr\u00e9e \u00e0 16 h 30<br \/>\n\u2022 samedi : 9 h 30-17 h 30, derni\u00e8re entr\u00e9e \u00e0 16 h 30<br \/>\n\u2022 dimanche : 9 h 30-17 h 30, derni\u00e8re entr\u00e9e \u00e0 16 h 30<\/p>\n<p><strong>Fermeture<\/strong> : tous les lundis, 1er janvier, 1er mai, 25 d\u00e9cembre.<br \/>\n<strong>Prix du billet<\/strong> : plein tarif 15 \u20ac, r\u00e9duit 10 \u20ac.<br \/>\n<strong>Comment arriver<\/strong> : Via Brera, 28. M2 arr\u00eat Lanza, M3 arr\u00eat Montenapoleone. <strong>Tram<\/strong> : 1-4-8-12-14-27. <strong>Bus<\/strong> : 61, 97<br \/>\n<strong>Site officiel<\/strong> : <a href=\"http:\/\/pinacotecabrera.org\/\" target=\"_blank\" rel=\"noopener\">http:\/\/pinacotecabrera.org\/<\/a>[\/vc_column_text]<div class=\"wpb_wrapper td_block_separator td_block_wrap vc_separator tdi_28  td_separator_solid td_separator_center\"><span style=\"border-color:juicy_pink;border-width:1px;width:100%;\"><\/span><\/div>[vc_column_text]<div class='code-block code-block-4' style='margin: 8px auto; text-align: center; display: block; clear: both;'>\n<script async type='text\/javascript' src='\/\/s.clickiocdn.com\/t\/218260\/360_light.js'><\/script>\n<script class='__lxGc__' type='text\/javascript'>\n((__lxGc__=window.__lxGc__||{'s':{},'b':0})['s']['_218260']=__lxGc__['s']['_218260']||{'b':{}})['b']['_709457']={'i':__lxGc__.b++};\n<\/script>\n\n<script async type='text\/javascript' src='\/\/s.clickiocdn.com\/t\/218260\/360_light.js'><\/script>\n<script class='__lxGc__' type='text\/javascript'>\n((__lxGc__=window.__lxGc__||{'s':{},'b':0})['s']['_218260']=__lxGc__['s']['_218260']||{'b':{}})['b']['_709459']={'i':__lxGc__.b++};\n<\/script><\/div>\n[\/vc_column_text]<\/div><\/div><\/div><\/div><div id=\"tdi_29\" class=\"tdc-row\"><div class=\"vc_row tdi_30  wpb_row td-pb-row\" >\n<style scoped>\n\/* custom css - generated by TagDiv Composer *\/\n\n\/* custom css - generated by TagDiv Composer *\/\n.tdi_30,\r\n                .tdi_30 .tdc-columns{\r\n                    min-height: 0;\r\n                }.tdi_30,\r\n\t\t\t\t.tdi_30 .tdc-columns{\r\n\t\t\t\t    display: block;\r\n\t\t\t\t}.tdi_30 .tdc-columns{\r\n\t\t\t\t    width: 100%;\r\n\t\t\t\t}.tdi_30:before,\r\n\t\t\t\t.tdi_30:after{\r\n\t\t\t\t    display: table;\r\n\t\t\t\t}\n<\/style><div class=\"vc_column tdi_32  wpb_column vc_column_container tdc-column td-pb-span12\">\n<style scoped>\n\/* custom css - generated by TagDiv Composer *\/\n\n\/* custom css - generated by TagDiv Composer *\/\n.tdi_32{\r\n                    vertical-align: baseline;\r\n                }.tdi_32 > .wpb_wrapper,\r\n\t\t\t\t.tdi_32 > .wpb_wrapper > .tdc-elements{\r\n\t\t\t\t    display: block;\r\n\t\t\t\t}.tdi_32 > .wpb_wrapper > .tdc-elements{\r\n\t\t\t\t    width: 100%;\r\n\t\t\t\t}.tdi_32 > .wpb_wrapper > .vc_row_inner{\r\n\t\t\t\t    width: auto;\r\n\t\t\t\t}.tdi_32 > .wpb_wrapper{\r\n\t\t\t\t    width: auto;\r\n\t\t\t\t    height: auto;\r\n\t\t\t\t}\n<\/style><div class=\"wpb_wrapper\" >[vc_custom_heading text=\u00a0\u00bbLes Navigli de Milan\u00a0\u00bb google_fonts=\u00a0\u00bbfont_family:Open%20Sans%3A300%2C300italic%2Cregular%2Citalic%2C600%2C600italic%2C700%2C700italic%2C800%2C800italic|font_style:600%20bold%20regular%3A600%3Anormal\u00a0\u00bb css=\u00a0\u00bb.vc_custom_1442323883265{background-position: 0 0 !important;background-repeat: no-repeat !important;}\u00a0\u00bb][vc_column_text css=\u00a0\u00bb\u00a0\u00bb]<span class=\"dropcap\" style=\"background-color: #c60c0c;\">5<\/span><\/p>\n<p>On ne pense presque jamais \u00e0 <strong>Milan comme \u00e0 une ville d\u2019eau<\/strong>, et pourtant c\u2019est bien le cas. Le syst\u00e8me des Navigli na\u00eet d\u2019un projet ambitieux : relier Milan au lac de C\u00f4me, \u00e0 l\u2019Adda, au lac Majeur et au P\u00f4, pour rejoindre ensuite le nord de l\u2019Europe et la mer. L\u2019histoire des Navigli commence dans la seconde moiti\u00e9 du XIIe si\u00e8cle, avec la construction du premier tron\u00e7on navigable.<\/p>\n<p>Le premier canal, le <strong>Ticinello<\/strong>, fut inaugur\u00e9 en 1179 et, avec ses 50 kilom\u00e8tres de long, lan\u00e7a la construction du <strong>Naviglio Grande<\/strong>. En 1457, Francesco Sforza confia \u00e0 Bertola da Novate la construction du <strong>Naviglio della Martesana<\/strong>, mais c\u2019est avec Ludovic le More que survint le v\u00e9ritable tournant.<\/p>\n<figure id=\"attachment_3299\" aria-describedby=\"caption-attachment-3299\" style=\"width: 375px\" class=\"wp-caption alignleft\"><img decoding=\"async\" class=\"size-full wp-image-3299\" src=\"https:\/\/www.10cose.it\/wp-content\/uploads\/2015\/09\/navigli-milano.jpg\" alt=\"Les Navigli de Milan\" width=\"375\" height=\"250\" srcset=\"https:\/\/www.10cose.it\/wp-content\/uploads\/2015\/09\/navigli-milano.jpg 375w, https:\/\/www.10cose.it\/wp-content\/uploads\/2015\/09\/navigli-milano-300x200.jpg 300w\" sizes=\"(max-width: 375px) 100vw, 375px\" \/><figcaption id=\"caption-attachment-3299\" class=\"wp-caption-text\">Les Navigli de Milan<\/figcaption><\/figure>\n<p>Et quel g\u00e9nie pouvait achever une \u0153uvre hydraulique aussi complexe sinon L\u00e9onard de Vinci ? Gr\u00e2ce \u00e0 un ing\u00e9nieux syst\u00e8me d\u2019\u00e9cluses, L\u00e9onard de Vinci r\u00e9ussit \u00e0 relier Milan au <a href=\"https:\/\/www.10cose.it\/lago-como\/cosa-vedere-lago-di-como\"><strong>lac de C\u00f4me<\/strong><\/a>.<\/p>\n<p>Il ne manquait plus que la liaison avec la mer par le P\u00f4 : Napol\u00e9on s\u2019en chargea en 1805, en achevant la construction du <b>Naviglio Pavese<\/b>.<\/p>\n<p>Les Navigli ont connu des p\u00e9riodes contrast\u00e9es : ils ont apport\u00e9 la richesse, puis subi l\u2019abandon et la pollution, et une bonne partie d\u2019entre eux a \u00e9t\u00e9 enterr\u00e9e.<\/p>\n<p><strong>Malgr\u00e9 tout, les Milanais les ont toujours aim\u00e9s, en allant s\u2019y promener ou en fr\u00e9quentant les auberges et les lieux qui naissaient autour d\u2019eux.<\/strong><\/p>\n<p>Aujourd\u2019hui, ils connaissent une renaissance et sont au c\u0153ur de nombreux projets de requalification : le premier achev\u00e9 est celui de la <strong>nouvelle Darsena, sur le Naviglio Grande<\/strong>, r\u00e9alis\u00e9 \u00e0 l\u2019occasion de l\u2019Expo 2015. Pistes cyclables, bateaux, zones de d\u00e9tente c\u00f4toient les auberges traditionnelles, les boutiques et les ateliers d\u2019artistes. <strong>\u00c0 ne pas manquer, m\u00eame si vous n\u2019\u00eates \u00e0 Milan que pour quelques heures !<\/strong>[\/vc_column_text]<div class=\"wpb_wrapper td_block_separator td_block_wrap vc_separator tdi_34  td_separator_solid td_separator_center\"><span style=\"border-color:juicy_pink;border-width:1px;width:100%;\"><\/span><\/div>[vc_column_text]<div class='code-block code-block-5' style='margin: 8px auto; text-align: center; display: block; clear: both;'>\n<script async type='text\/javascript' src='\/\/s.clickiocdn.com\/t\/218260\/360_light.js'><\/script>\n<script class='__lxGc__' type='text\/javascript'>\n((__lxGc__=window.__lxGc__||{'s':{},'b':0})['s']['_218260']=__lxGc__['s']['_218260']||{'b':{}})['b']['_709457']={'i':__lxGc__.b++};\n<\/script>\n\n<script async type='text\/javascript' src='\/\/s.clickiocdn.com\/t\/218260\/360_light.js'><\/script>\n<script class='__lxGc__' type='text\/javascript'>\n((__lxGc__=window.__lxGc__||{'s':{},'b':0})['s']['_218260']=__lxGc__['s']['_218260']||{'b':{}})['b']['_709459']={'i':__lxGc__.b++};\n<\/script><\/div>\n[\/vc_column_text]<\/div><\/div><\/div><\/div><div id=\"tdi_35\" class=\"tdc-row\"><div class=\"vc_row tdi_36  wpb_row td-pb-row\" >\n<style scoped>\n\/* custom css - generated by TagDiv Composer *\/\n\n\/* custom css - generated by TagDiv Composer *\/\n.tdi_36,\r\n                .tdi_36 .tdc-columns{\r\n                    min-height: 0;\r\n                }.tdi_36,\r\n\t\t\t\t.tdi_36 .tdc-columns{\r\n\t\t\t\t    display: block;\r\n\t\t\t\t}.tdi_36 .tdc-columns{\r\n\t\t\t\t    width: 100%;\r\n\t\t\t\t}.tdi_36:before,\r\n\t\t\t\t.tdi_36:after{\r\n\t\t\t\t    display: table;\r\n\t\t\t\t}\n<\/style><div class=\"vc_column tdi_38  wpb_column vc_column_container tdc-column td-pb-span12\">\n<style scoped>\n\/* custom css - generated by TagDiv Composer *\/\n\n\/* custom css - generated by TagDiv Composer *\/\n.tdi_38{\r\n                    vertical-align: baseline;\r\n                }.tdi_38 > .wpb_wrapper,\r\n\t\t\t\t.tdi_38 > .wpb_wrapper > .tdc-elements{\r\n\t\t\t\t    display: block;\r\n\t\t\t\t}.tdi_38 > .wpb_wrapper > .tdc-elements{\r\n\t\t\t\t    width: 100%;\r\n\t\t\t\t}.tdi_38 > .wpb_wrapper > .vc_row_inner{\r\n\t\t\t\t    width: auto;\r\n\t\t\t\t}.tdi_38 > .wpb_wrapper{\r\n\t\t\t\t    width: auto;\r\n\t\t\t\t    height: auto;\r\n\t\t\t\t}\n<\/style><div class=\"wpb_wrapper\" >[vc_custom_heading text=\u00a0\u00bbLe Castello Sforzesco de Milan\u00a0\u00bb google_fonts=\u00a0\u00bbfont_family:Open%20Sans%3A300%2C300italic%2Cregular%2Citalic%2C600%2C600italic%2C700%2C700italic%2C800%2C800italic|font_style:600%20bold%20regular%3A600%3Anormal\u00a0\u00bb css=\u00a0\u00bb.vc_custom_1442323868585{background-position: 0 0 !important;background-repeat: no-repeat !important;}\u00a0\u00bb][vc_column_text]<span class=\"dropcap\" style=\"background-color: #c60c0c;\">6<\/span><\/p>\n<p>Le Castello Sforzesco <strong>accompagne l\u2019histoire de Milan depuis 750 ans<\/strong> et a jou\u00e9 un r\u00f4le d\u00e9cisif \u00e0 de nombreuses occasions.<\/p>\n<p>La premi\u00e8re construction fut voulue par Galeazzo II, mais ce fut Francesco Sforza, auquel il doit son nom, qui lui donna sa forme actuelle.<\/p>\n<figure id=\"attachment_3310\" aria-describedby=\"caption-attachment-3310\" style=\"width: 375px\" class=\"wp-caption alignleft\"><img decoding=\"async\" class=\"size-full wp-image-3310\" src=\"https:\/\/www.10cose.it\/wp-content\/uploads\/2015\/09\/castello-sforzesco-milano.jpg\" alt=\"Le Castello Sforzesco de Milan\" width=\"375\" height=\"250\" srcset=\"https:\/\/www.10cose.it\/wp-content\/uploads\/2015\/09\/castello-sforzesco-milano.jpg 375w, https:\/\/www.10cose.it\/wp-content\/uploads\/2015\/09\/castello-sforzesco-milano-300x200.jpg 300w\" sizes=\"(max-width: 375px) 100vw, 375px\" \/><figcaption id=\"caption-attachment-3310\" class=\"wp-caption-text\">Le Castello Sforzesco de Milan<\/figcaption><\/figure>\n<p>Le ch\u00e2teau a presque toujours jou\u00e9 le r\u00f4le de citadelle militaire et reste aujourd\u2019hui l\u2019un des plus grands ch\u00e2teaux d\u2019Europe.<\/p>\n<p>Toujours li\u00e9 \u00e0 la guerre, aux dominations et aux deuils, donc aim\u00e9 et d\u00e9test\u00e9 par les Milanais, le ch\u00e2teau changea de visage au XXe si\u00e8cle et prit l\u2019aspect rassurant d\u2019un lieu de culture, destin\u00e9 \u00e0 prot\u00e9ger les t\u00e9moignages de l\u2019art lombard.<\/p>\n<h3>Les mus\u00e9es du Castello Sforzesco de Milan<\/h3>\n<p>Aujourd\u2019hui, le <strong>Castello Sforzesco regorge de mus\u00e9es<\/strong> : au rez-de-chauss\u00e9e de la Cour Ducale se trouve le <strong>Mus\u00e9e d\u2019Art Ancien<\/strong>, au premier \u00e9tage la collection de mobilier et la <strong>Pinacoth\u00e8que<\/strong>, au premier et au deuxi\u00e8me \u00e9tage de la Rocchetta se trouvent les collections d\u2019<strong>Arts Appliqu\u00e9s et le Mus\u00e9e des Instruments de Musique<\/strong>, dans les sous-sols de la <strong>Cour Ducale<\/strong> se trouvent le <strong>Mus\u00e9e de la Pr\u00e9histoire et Protohistoire et le Mus\u00e9e \u00c9gyptien. <\/strong><\/p>\n<p>Le ch\u00e2teau conserve plusieurs chefs-d\u2019\u0153uvre de l\u2019art italien : la <strong>Piet\u00e0 Rondanini de Michel-Ange<\/strong>, les <strong>fresques de L\u00e9onard<\/strong> dans la VIIIe salle du Mus\u00e9e d\u2019Art Ancien, la <strong><strong>Vierge en gloire <\/strong>avec les saints Jean-Baptiste, Gr\u00e9goire le Grand, Beno\u00eet et J\u00e9r\u00f4me<\/strong> de <strong>Mantegna <\/strong>dans la Pinacoth\u00e8que, ainsi que l\u2019extraordinaire cycle de tapisseries repr\u00e9sentant les douze mois de <strong>Bramantino<\/strong>, dans la Sala della Balla.<\/p>\n<p>Derri\u00e8re le Castello Sforzesco se trouve le <strong>Parco Sempione, le poumon vert de Milan<\/strong>. Une immense zone verte o\u00f9 les Milanais fuient le smog et le stress urbain pour courir, se promener ou pique-niquer.<\/p>\n<h3>Horaires d\u2019ouverture et prix du billet pour le Castello Sforzesco<\/h3>\n<p><strong>Horaires d\u2019ouverture<\/strong> : cours de 7 h \u00e0 19 h 30. Mus\u00e9es du ch\u00e2teau : du mardi au dimanche de 10 h \u00e0 17 h 30, derni\u00e8re entr\u00e9e \u00e0 17 h.<\/p>\n<p><strong>Fermeture<\/strong> : entr\u00e9e gratuite dans les cours. Mus\u00e9es 5 \u20ac. R\u00e9duit 3 \u20ac.<br \/>\n<strong>Comment arriver<\/strong> : Piazza Castello. <strong>Ligne rouge<\/strong> (M1) : arr\u00eats Cairoli et Cadorna FN<br \/>\n<strong>Ligne verte<\/strong> (M2) : arr\u00eats Lanza et Cadorna FN<\/p>\n<p><strong>Tram<\/strong><br \/>\nLignes 1, 2, 4, 12, 14, 27<\/p>\n<p><strong>Bus<\/strong><br \/>\nLignes 50, 57, 58, 61, 94<br \/>\n<strong>Site officiel<\/strong> : <a href=\"https:\/\/milanocastello.it\/\" target=\"_blank\" rel=\"noopener\">https:\/\/milanocastello.it\/<\/a>[\/vc_column_text]<div class=\"wpb_wrapper td_block_separator td_block_wrap vc_separator tdi_40  td_separator_solid td_separator_center\"><span style=\"border-color:juicy_pink;border-width:1px;width:100%;\"><\/span><\/div>[vc_column_text]<div class='code-block code-block-6' style='margin: 8px auto; text-align: center; display: block; clear: both;'>\n<script async type='text\/javascript' src='\/\/s.clickiocdn.com\/t\/218260\/360_light.js'><\/script>\n<script class='__lxGc__' type='text\/javascript'>\n((__lxGc__=window.__lxGc__||{'s':{},'b':0})['s']['_218260']=__lxGc__['s']['_218260']||{'b':{}})['b']['_709457']={'i':__lxGc__.b++};\n<\/script>\n\n<script async type='text\/javascript' src='\/\/s.clickiocdn.com\/t\/218260\/360_light.js'><\/script>\n<script class='__lxGc__' type='text\/javascript'>\n((__lxGc__=window.__lxGc__||{'s':{},'b':0})['s']['_218260']=__lxGc__['s']['_218260']||{'b':{}})['b']['_709459']={'i':__lxGc__.b++};\n<\/script><\/div>\n[\/vc_column_text]<\/div><\/div><\/div><\/div><div id=\"tdi_41\" class=\"tdc-row\"><div class=\"vc_row tdi_42  wpb_row td-pb-row\" >\n<style scoped>\n\/* custom css - generated by TagDiv Composer *\/\n\n\/* custom css - generated by TagDiv Composer *\/\n.tdi_42,\r\n                .tdi_42 .tdc-columns{\r\n                    min-height: 0;\r\n                }.tdi_42,\r\n\t\t\t\t.tdi_42 .tdc-columns{\r\n\t\t\t\t    display: block;\r\n\t\t\t\t}.tdi_42 .tdc-columns{\r\n\t\t\t\t    width: 100%;\r\n\t\t\t\t}.tdi_42:before,\r\n\t\t\t\t.tdi_42:after{\r\n\t\t\t\t    display: table;\r\n\t\t\t\t}\n<\/style><div class=\"vc_column tdi_44  wpb_column vc_column_container tdc-column td-pb-span12\">\n<style scoped>\n\/* custom css - generated by TagDiv Composer *\/\n\n\/* custom css - generated by TagDiv Composer *\/\n.tdi_44{\r\n                    vertical-align: baseline;\r\n                }.tdi_44 > .wpb_wrapper,\r\n\t\t\t\t.tdi_44 > .wpb_wrapper > .tdc-elements{\r\n\t\t\t\t    display: block;\r\n\t\t\t\t}.tdi_44 > .wpb_wrapper > .tdc-elements{\r\n\t\t\t\t    width: 100%;\r\n\t\t\t\t}.tdi_44 > .wpb_wrapper > .vc_row_inner{\r\n\t\t\t\t    width: auto;\r\n\t\t\t\t}.tdi_44 > .wpb_wrapper{\r\n\t\t\t\t    width: auto;\r\n\t\t\t\t    height: auto;\r\n\t\t\t\t}\n<\/style><div class=\"wpb_wrapper\" >[vc_custom_heading text=\u00a0\u00bbLa Galleria Vittorio Emanuele de Milan\u00a0\u00bb google_fonts=\u00a0\u00bbfont_family:Open%20Sans%3A300%2C300italic%2Cregular%2Citalic%2C600%2C600italic%2C700%2C700italic%2C800%2C800italic|font_style:600%20bold%20regular%3A600%3Anormal\u00a0\u00bb css=\u00a0\u00bb.vc_custom_1442323811639{background-position: 0 0 !important;background-repeat: no-repeat !important;}\u00a0\u00bb][vc_column_text]<span class=\"dropcap\" style=\"background-color: #c60c0c;\">7<\/span><\/p>\n<p>La Galleria Vittorio Emanuele II, le fameux salon de Milan, fut construite parce que, dans la premi\u00e8re moiti\u00e9 du XIXe si\u00e8cle, la ville regardait avec envie les \u00e9volutions urbanistiques des grandes capitales europ\u00e9ennes et souhaitait \u00eatre \u00e0 leur hauteur.<\/p>\n<figure id=\"attachment_3305\" aria-describedby=\"caption-attachment-3305\" style=\"width: 375px\" class=\"wp-caption alignleft\"><img decoding=\"async\" class=\"size-full wp-image-3305\" src=\"https:\/\/www.10cose.it\/wp-content\/uploads\/2015\/09\/galleria-milano.jpg\" alt=\"La Galleria Vittorio Emanuele de Milan\" width=\"375\" height=\"250\" srcset=\"https:\/\/www.10cose.it\/wp-content\/uploads\/2015\/09\/galleria-milano.jpg 375w, https:\/\/www.10cose.it\/wp-content\/uploads\/2015\/09\/galleria-milano-300x200.jpg 300w\" sizes=\"(max-width: 375px) 100vw, 375px\" \/><figcaption id=\"caption-attachment-3305\" class=\"wp-caption-text\">La Galleria Vittorio Emanuele de Milan<\/figcaption><\/figure>\n<p>En 1859, l\u2019id\u00e9e d\u2019un <strong>passage couvert reliant Piazza Duomo \u00e0 Piazza della Scala<\/strong> devint de plus en plus concr\u00e8te. Un concours international fut donc lanc\u00e9 pour \u00e9valuer les propositions de diff\u00e9rents architectes. Pas moins de <strong>176 architectes pr\u00e9sent\u00e8rent leurs id\u00e9es<\/strong> et celle de Giuseppe Mengoni se distingua : il imagina une longue galerie travers\u00e9e par un bras, avec une vaste salle octogonale au centre de l\u2019intersection.<\/p>\n\n<p>En 1865, les travaux commenc\u00e8rent avec la pose de la premi\u00e8re pierre par le roi Victor-Emmanuel II de Savoie lui-m\u00eame, et deux ans plus tard la Galerie fut inaugur\u00e9e, m\u00eame si elle \u00e9tait encore inachev\u00e9e et sans la pr\u00e9sence du roi.<\/p>\n<p>Mais la construction de la Galleria Vittorio Emanuele II eut un \u00e9pilogue tragique : son concepteur, Giuseppe Mengoni, mourut pr\u00e9cis\u00e9ment lors d\u2019une inspection de sa \u00ab cr\u00e9ature \u00bb.<\/p>\n<p>Beaucoup n\u2019y virent pas un simple accident, mais un v\u00e9ritable suicide d\u00fb aux nombreuses critiques adress\u00e9es \u00e0 son \u0153uvre et \u00e0 la d\u00e9ception caus\u00e9e par l\u2019absence du roi \u00e0 l\u2019inauguration : personne ne pouvait imaginer que le roi \u00e9tait en tr\u00e8s mauvaise sant\u00e9 et qu\u2019il mourrait quelques jours seulement plus tard.<\/p>\n<p><strong>La Galerie est le salon chic de Milan<\/strong>, o\u00f9 l\u2019on se donne rendez-vous pour se montrer, faire des achats, souvent \u00e0 prix \u00e9lev\u00e9, ou simplement prendre un caf\u00e9.[\/vc_column_text]<div class=\"wpb_wrapper td_block_separator td_block_wrap vc_separator tdi_46  td_separator_solid td_separator_center\"><span style=\"border-color:juicy_pink;border-width:1px;width:100%;\"><\/span><\/div>[vc_column_text]<div class='code-block code-block-7' style='margin: 8px auto; text-align: center; display: block; clear: both;'>\n<script async type='text\/javascript' src='\/\/s.clickiocdn.com\/t\/218260\/360_light.js'><\/script>\n<script class='__lxGc__' type='text\/javascript'>\n((__lxGc__=window.__lxGc__||{'s':{},'b':0})['s']['_218260']=__lxGc__['s']['_218260']||{'b':{}})['b']['_709457']={'i':__lxGc__.b++};\n<\/script>\n\n<script async type='text\/javascript' src='\/\/s.clickiocdn.com\/t\/218260\/360_light.js'><\/script>\n<script class='__lxGc__' type='text\/javascript'>\n((__lxGc__=window.__lxGc__||{'s':{},'b':0})['s']['_218260']=__lxGc__['s']['_218260']||{'b':{}})['b']['_709459']={'i':__lxGc__.b++};\n<\/script><\/div>\n[\/vc_column_text]<\/div><\/div><\/div><\/div><div id=\"tdi_47\" class=\"tdc-row\"><div class=\"vc_row tdi_48  wpb_row td-pb-row\" >\n<style scoped>\n\/* custom css - generated by TagDiv Composer *\/\n\n\/* custom css - generated by TagDiv Composer *\/\n.tdi_48,\r\n                .tdi_48 .tdc-columns{\r\n                    min-height: 0;\r\n                }.tdi_48,\r\n\t\t\t\t.tdi_48 .tdc-columns{\r\n\t\t\t\t    display: block;\r\n\t\t\t\t}.tdi_48 .tdc-columns{\r\n\t\t\t\t    width: 100%;\r\n\t\t\t\t}.tdi_48:before,\r\n\t\t\t\t.tdi_48:after{\r\n\t\t\t\t    display: table;\r\n\t\t\t\t}\n<\/style><div class=\"vc_column tdi_50  wpb_column vc_column_container tdc-column td-pb-span12\">\n<style scoped>\n\/* custom css - generated by TagDiv Composer *\/\n\n\/* custom css - generated by TagDiv Composer *\/\n.tdi_50{\r\n                    vertical-align: baseline;\r\n                }.tdi_50 > .wpb_wrapper,\r\n\t\t\t\t.tdi_50 > .wpb_wrapper > .tdc-elements{\r\n\t\t\t\t    display: block;\r\n\t\t\t\t}.tdi_50 > .wpb_wrapper > .tdc-elements{\r\n\t\t\t\t    width: 100%;\r\n\t\t\t\t}.tdi_50 > .wpb_wrapper > .vc_row_inner{\r\n\t\t\t\t    width: auto;\r\n\t\t\t\t}.tdi_50 > .wpb_wrapper{\r\n\t\t\t\t    width: auto;\r\n\t\t\t\t    height: auto;\r\n\t\t\t\t}\n<\/style><div class=\"wpb_wrapper\" >[vc_custom_heading text=\u00a0\u00bb\u00c9glise San Maurizio al Monastero Maggiore\u00a0\u00bb google_fonts=\u00a0\u00bbfont_family:Open%20Sans%3A300%2C300italic%2Cregular%2Citalic%2C600%2C600italic%2C700%2C700italic%2C800%2C800italic|font_style:600%20bold%20regular%3A600%3Anormal\u00a0\u00bb css=\u00a0\u00bb.vc_custom_1447275920512{background-position: 0 0 !important;background-repeat: no-repeat !important;}\u00a0\u00bb][vc_column_text]<span class=\"dropcap\" style=\"background-color: #c60c0c;\">8<\/span><\/p>\n<p>Apr\u00e8s 30 ans de restaurations, <strong>la magnifique \u00e9glise Renaissance de San Maurizio a retrouv\u00e9 tout son \u00e9clat.<\/strong><\/p>\n<p>\u00c9difi\u00e9e au d\u00e9but du XVIe si\u00e8cle sur les vestiges d\u2019un ancien lieu de culte, l\u2019\u00e9glise \u00e9tait annex\u00e9e au Monastero Maggiore de l\u2019ordre des B\u00e9n\u00e9dictines, d\u00e9moli en 1799, dont il reste aujourd\u2019hui le clo\u00eetre d\u2019entr\u00e9e, partie int\u00e9grante du <strong>Mus\u00e9e Arch\u00e9ologique<\/strong>.<\/p>\n<p>La division de l\u2019espace int\u00e9rieur en deux parties, l\u2019une ouverte aux fid\u00e8les et l\u2019autre, \u00e0 l\u2019arri\u00e8re, r\u00e9serv\u00e9e aux moniales du monast\u00e8re qui assistaient \u00e0 la messe derri\u00e8re une grille, t\u00e9moigne de l\u2019ancienne fonction de la structure.<\/p>\n<figure id=\"attachment_3406\" aria-describedby=\"caption-attachment-3406\" style=\"width: 375px\" class=\"wp-caption alignleft\"><img decoding=\"async\" class=\"size-full wp-image-3406\" src=\"https:\/\/www.10cose.it\/wp-content\/uploads\/2015\/09\/chiesa-san-maurizio-monastero-maggiore-milano.jpg\" alt=\"\u00c9glise San Maurizio al Monastero Maggiore\" width=\"375\" height=\"250\" srcset=\"https:\/\/www.10cose.it\/wp-content\/uploads\/2015\/09\/chiesa-san-maurizio-monastero-maggiore-milano.jpg 375w, https:\/\/www.10cose.it\/wp-content\/uploads\/2015\/09\/chiesa-san-maurizio-monastero-maggiore-milano-300x200.jpg 300w\" sizes=\"(max-width: 375px) 100vw, 375px\" \/><figcaption id=\"caption-attachment-3406\" class=\"wp-caption-text\">\u00c9glise San Maurizio al Monastero Maggiore<\/figcaption><\/figure>\n<p>La fa\u00e7ade simple et lin\u00e9aire de l\u2019\u00e9difice sur <strong>Corso Magenta<\/strong> ne laisse pas deviner l\u2019int\u00e9rieur surprenant, riche de merveilleux fresques qui recouvrent toute la structure architecturale, des murs \u00e0 la vo\u00fbte. C\u2019est pourquoi l\u2019\u00e9glise a \u00e9t\u00e9 surnomm\u00e9e la <strong>Chapelle Sixtine de Milan<\/strong>.<\/p>\n<p>Les d\u00e9corations \u00e0 fresque aux couleurs vives s\u2019\u00e9tendent sur 4 000 m\u00e8tres carr\u00e9s et sont l\u2019\u0153uvre de quelques-uns des plus grands ma\u00eetres de la peinture lombarde du XVIe si\u00e8cle :<\/p>\n\n<p>Bernardino Luini, \u00e0 qui l\u2019on doit notamment les \u00ab <em>Histoires de sainte Catherine<\/em> \u00bb dans la chapelle Besozzi et les \u00ab <em>Histoires de la vie du Christ<\/em> \u00bb dans le ch\u0153ur des moniales et sur le mur de s\u00e9paration ; <strong>Simone Peterzano, ma\u00eetre du Caravage<\/strong>, auteur du \u00ab <em>Retour du fils prodigue<\/em> \u00bb et du \u00ab <em>Christ chassant les marchands du temple<\/em> \u00bb, qui d\u00e9corent la fa\u00e7ade int\u00e9rieure de l\u2019\u00e9glise ; Antonio Campi, \u00e0 qui l\u2019on doit l\u2019\u00ab <em>Adoration des Mages<\/em> \u00bb sur le ma\u00eetre-autel ; Bergognone, dans le ch\u0153ur ; Lomazzo ; <strong>Boltraffio, \u00e9l\u00e8ve de L\u00e9onard<\/strong>.<\/p>\n<h3>L\u2019orgue<\/h3>\n<p>Dans le ch\u0153ur claustral, l\u2019orgue r\u00e9alis\u00e9 par Gian Giacomo Antegnani en 1557 est d\u2019une grande valeur. Destin\u00e9 \u00e0 l\u2019origine aux concerts liturgiques, il est aujourd\u2019hui utilis\u00e9 lors des \u00e9v\u00e9nements musicaux organis\u00e9s dans la ville. <strong>\u00c0 voir !<\/strong><\/p>\n<h3>Horaires d\u2019ouverture et prix du billet pour San Maurizio al Monastero Maggiore<\/h3>\n<p><strong>Horaires d\u2019ouverture<\/strong> : chaque vendredi, samedi et dimanche, avec entr\u00e9es de 10 h \u00e0 16 h. <strong>R\u00e9servation obligatoire sur <a href=\"https:\/\/www.eventbrite.it\/e\/biglietti-visita-la-chiesa-di-s-maurizio-al-monastero-maggioreufficiale-giugno2021-156105195843\" target=\"_blank\" rel=\"nofollow noopener noreferrer\">Eventbrite<\/a><\/strong><br \/>\n<strong>Prix du billet<\/strong> : gratuit<br \/>\n<strong>Comment arriver<\/strong> : Corso Magenta 15. <strong>M2 ligne verte<\/strong>, arr\u00eat Cadorna ; <strong>M1 ligne rouge<\/strong>, arr\u00eat Cordusio.<br \/>\nTram 19 \u2013 20 \u2013 24 ; Bus 19 \u2013 50 \u2013 59[\/vc_column_text]<div class=\"wpb_wrapper td_block_separator td_block_wrap vc_separator tdi_52  td_separator_solid td_separator_center\"><span style=\"border-color:juicy_pink;border-width:1px;width:100%;\"><\/span><\/div>[vc_column_text]<div class='code-block code-block-8' style='margin: 8px auto; text-align: center; display: block; clear: both;'>\n<script async type='text\/javascript' src='\/\/s.clickiocdn.com\/t\/218260\/360_light.js'><\/script>\n<script class='__lxGc__' type='text\/javascript'>\n((__lxGc__=window.__lxGc__||{'s':{},'b':0})['s']['_218260']=__lxGc__['s']['_218260']||{'b':{}})['b']['_709457']={'i':__lxGc__.b++};\n<\/script>\n\n<script async type='text\/javascript' src='\/\/s.clickiocdn.com\/t\/218260\/360_light.js'><\/script>\n<script class='__lxGc__' type='text\/javascript'>\n((__lxGc__=window.__lxGc__||{'s':{},'b':0})['s']['_218260']=__lxGc__['s']['_218260']||{'b':{}})['b']['_709459']={'i':__lxGc__.b++};\n<\/script><\/div>\n[\/vc_column_text]<\/div><\/div><\/div><\/div><div id=\"tdi_53\" class=\"tdc-row\"><div class=\"vc_row tdi_54  wpb_row td-pb-row\" >\n<style scoped>\n\/* custom css - generated by TagDiv Composer *\/\n\n\/* custom css - generated by TagDiv Composer *\/\n.tdi_54,\r\n                .tdi_54 .tdc-columns{\r\n                    min-height: 0;\r\n                }.tdi_54,\r\n\t\t\t\t.tdi_54 .tdc-columns{\r\n\t\t\t\t    display: block;\r\n\t\t\t\t}.tdi_54 .tdc-columns{\r\n\t\t\t\t    width: 100%;\r\n\t\t\t\t}.tdi_54:before,\r\n\t\t\t\t.tdi_54:after{\r\n\t\t\t\t    display: table;\r\n\t\t\t\t}\n<\/style><div class=\"vc_column tdi_56  wpb_column vc_column_container tdc-column td-pb-span12\">\n<style scoped>\n\/* custom css - generated by TagDiv Composer *\/\n\n\/* custom css - generated by TagDiv Composer *\/\n.tdi_56{\r\n                    vertical-align: baseline;\r\n                }.tdi_56 > .wpb_wrapper,\r\n\t\t\t\t.tdi_56 > .wpb_wrapper > .tdc-elements{\r\n\t\t\t\t    display: block;\r\n\t\t\t\t}.tdi_56 > .wpb_wrapper > .tdc-elements{\r\n\t\t\t\t    width: 100%;\r\n\t\t\t\t}.tdi_56 > .wpb_wrapper > .vc_row_inner{\r\n\t\t\t\t    width: auto;\r\n\t\t\t\t}.tdi_56 > .wpb_wrapper{\r\n\t\t\t\t    width: auto;\r\n\t\t\t\t    height: auto;\r\n\t\t\t\t}\n<\/style><div class=\"wpb_wrapper\" >[vc_custom_heading text=\u00a0\u00bbBasilique Sant\u2019Ambrogio \u00e0 Milan\u00a0\u00bb google_fonts=\u00a0\u00bbfont_family:Open%20Sans%3A300%2C300italic%2Cregular%2Citalic%2C600%2C600italic%2C700%2C700italic%2C800%2C800italic|font_style:600%20bold%20regular%3A600%3Anormal\u00a0\u00bb css=\u00a0\u00bb.vc_custom_1447193039407{background-position: 0 0 !important;background-repeat: no-repeat !important;}\u00a0\u00bb][vc_column_text]<span class=\"dropcap\" style=\"background-color: #c60c0c;\">9<\/span><\/p>\n<p>L\u2019\u00e9glise d\u00e9di\u00e9e au saint patron de la ville est consid\u00e9r\u00e9e comme <strong>la deuxi\u00e8me \u00e9glise la plus importante, apr\u00e8s le Duomo.<\/strong><\/p>\n<p>Fond\u00e9e au IVe si\u00e8cle sur ordre d\u2019Ambroise, \u00e9v\u00eaque de Milan, qui y fut enterr\u00e9 en 397, dans la zone du cimeti\u00e8re des chr\u00e9tiens martyris\u00e9s, elle s\u2019appelait \u00e0 l\u2019origine Basilica Martyrum. L\u2019\u00e9glise fut reconstruite selon les canons de l\u2019architecture romane entre 1088 et 1099.<\/p>\n<figure id=\"attachment_3409\" aria-describedby=\"caption-attachment-3409\" style=\"width: 375px\" class=\"wp-caption alignleft\"><img decoding=\"async\" class=\"size-full wp-image-3409\" src=\"https:\/\/www.10cose.it\/wp-content\/uploads\/2015\/09\/basilica-sant-ambrogio-milano.jpg\" alt=\"Basilique Sant\u2019Ambrogio \u00e0 Milan\" width=\"375\" height=\"250\" srcset=\"https:\/\/www.10cose.it\/wp-content\/uploads\/2015\/09\/basilica-sant-ambrogio-milano.jpg 375w, https:\/\/www.10cose.it\/wp-content\/uploads\/2015\/09\/basilica-sant-ambrogio-milano-300x200.jpg 300w\" sizes=\"(max-width: 375px) 100vw, 375px\" \/><figcaption id=\"caption-attachment-3409\" class=\"wp-caption-text\">Basilique Sant\u2019Ambrogio \u00e0 Milan<\/figcaption><\/figure>\n<p>M\u00eame si elle est consid\u00e9r\u00e9e comme <strong>le plus important exemple d\u2019architecture romane lombarde<\/strong>, la basilique doit aussi son aspect aux interventions et aux adaptations r\u00e9alis\u00e9es au fil des si\u00e8cles.<\/p>\n\n<p>La basilique, pr\u00e9c\u00e9d\u00e9e d\u2019un atrium \u00e0 quadriportique, pr\u00e9sente une fa\u00e7ade \u00e0 pignon caract\u00e9ris\u00e9e par deux loggias superpos\u00e9es et encadr\u00e9e par deux clochers : celui des Moines \u00e0 droite, datant du IXe si\u00e8cle, et celui des Chanoines \u00e0 gauche, \u00e9rig\u00e9 au XIIe si\u00e8cle, \u00e0 l\u2019exception des deux derniers \u00e9tages ajout\u00e9s en 1889.<\/p>\n<h3>L\u2019int\u00e9rieur de Sant\u2019Ambrogio<\/h3>\n<p><strong>L\u2019int\u00e9rieur est divis\u00e9 en trois nefs<\/strong>, chacune se terminant par une abside et s\u00e9par\u00e9e en quatre trav\u00e9es carr\u00e9es couvertes de vo\u00fbtes d\u2019ar\u00eates. Dans le presbyt\u00e8re, il faut signaler le <strong>ciborium du IXe si\u00e8cle, baldaquin en stuc lombardo-byzantin<\/strong> reposant sur quatre colonnes de porphyre rouge, sous lequel se trouve l\u2019Autel d\u2019or, chef-d\u2019\u0153uvre d\u2019orf\u00e8vrerie carolingienne, \u0153uvre de Vuolvino.<\/p>\n<p>Le <strong>sarcophage pal\u00e9ochr\u00e9tien<\/strong> dit de Stilicon, datant du IVe si\u00e8cle, est \u00e9galement d\u2019une grande valeur. La colonne romaine sur laquelle repose une singuli\u00e8re sculpture en bronze, le fameux \u00ab <em>serpent de Mo\u00efse<\/em> \u00bb, suscite aussi l\u2019int\u00e9r\u00eat : selon la l\u00e9gende, <strong>la fin du monde sera annonc\u00e9e par la descente de l\u2019animal de la colonne.<\/strong><\/p>\n<h3>La crypte avec les d\u00e9pouilles des saints<\/h3>\n<p>Dans la crypte souterraine sont conserv\u00e9es <strong>les d\u00e9pouilles des saints Ambroise, Gervais et Protais<\/strong>. \u00c0 l\u2019int\u00e9rieur de la basilique ambrosienne, on peut admirer la petite chapelle, ou sacellum, de San Vittore in Ciel d\u2019Oro, construite au IVe si\u00e8cle pour y d\u00e9poser les restes du martyr Victor, c\u00e9l\u00e8bre pour ses mosa\u00efques pal\u00e9ochr\u00e9tiennes sur les murs et la coupole, repr\u00e9sentant plusieurs saints, dont saint Ambroise.<\/p>\n<h3>La colonne de Satan et sa l\u00e9gende<\/h3>\n<p><strong>Pr\u00e8s de la basilique Sant\u2019Ambrogio se dresse une colonne d\u2019\u00e9poque romaine o\u00f9 l\u2019on voit deux trous qui, selon la l\u00e9gende, auraient \u00e9t\u00e9 faits par Satan<\/strong>. On raconte en effet que le diable, n\u2019ayant pas r\u00e9ussi \u00e0 s\u00e9duire Ambroise, tenta de le transpercer, mais frappa la colonne et y resta coinc\u00e9 avec ses longues cornes.<\/p>\n<p>Furieux, sous forme de fum\u00e9es de soufre, le Malin utilisa ces m\u00eames trous pour retourner aux enfers. N\u2019ayez donc pas peur si vous sentez une l\u00e9g\u00e8re odeur de soufre sortir de ces trous ou si, en y approchant l\u2019oreille, vous entendez d\u2019\u00e9tranges bruits en provenir&#8230;<\/p>\n<h3>Horaires d\u2019ouverture et prix du billet pour la basilique Sant\u2019Ambrogio<\/h3>\n<p><strong>Horaires d\u2019ouverture<\/strong> : du lundi au samedi : 10 h-12 h ; 14 h 30-18 h ; dimanche 15 h-17 h.<br \/>\n<strong>Prix du billet<\/strong> : gratuit<br \/>\n<strong>Comment arriver<\/strong> : Piazza Sant\u2019Ambrogio. <strong>M2 ligne verte<\/strong>, arr\u00eat S. Ambrogio<br \/>\n<strong>Bus<\/strong> 50 \u2013 58 \u2013 94<br \/>\n<strong>Site officiel<\/strong> : <a href=\"http:\/\/www.basilicasantambrogio.it\/\" target=\"_blank\" rel=\"noopener\">http:\/\/www.basilicasantambrogio.it\/<\/a>[\/vc_column_text]<div class=\"wpb_wrapper td_block_separator td_block_wrap vc_separator tdi_58  td_separator_solid td_separator_center\"><span style=\"border-color:juicy_pink;border-width:1px;width:100%;\"><\/span><\/div>[vc_column_text]<div class='code-block code-block-9' style='margin: 8px auto; text-align: center; display: block; clear: both;'>\n<script async type='text\/javascript' src='\/\/s.clickiocdn.com\/t\/218260\/360_light.js'><\/script>\n<script class='__lxGc__' type='text\/javascript'>\n((__lxGc__=window.__lxGc__||{'s':{},'b':0})['s']['_218260']=__lxGc__['s']['_218260']||{'b':{}})['b']['_709457']={'i':__lxGc__.b++};\n<\/script>\n\n<script async type='text\/javascript' src='\/\/s.clickiocdn.com\/t\/218260\/360_light.js'><\/script>\n<script class='__lxGc__' type='text\/javascript'>\n((__lxGc__=window.__lxGc__||{'s':{},'b':0})['s']['_218260']=__lxGc__['s']['_218260']||{'b':{}})['b']['_709459']={'i':__lxGc__.b++};\n<\/script><\/div>\n[\/vc_column_text]<\/div><\/div><\/div><\/div><div id=\"tdi_59\" class=\"tdc-row\"><div class=\"vc_row tdi_60  wpb_row td-pb-row\" >\n<style scoped>\n\/* custom css - generated by TagDiv Composer *\/\n\n\/* custom css - generated by TagDiv Composer *\/\n.tdi_60,\r\n                .tdi_60 .tdc-columns{\r\n                    min-height: 0;\r\n                }.tdi_60,\r\n\t\t\t\t.tdi_60 .tdc-columns{\r\n\t\t\t\t    display: block;\r\n\t\t\t\t}.tdi_60 .tdc-columns{\r\n\t\t\t\t    width: 100%;\r\n\t\t\t\t}.tdi_60:before,\r\n\t\t\t\t.tdi_60:after{\r\n\t\t\t\t    display: table;\r\n\t\t\t\t}\n<\/style><div class=\"vc_column tdi_62  wpb_column vc_column_container tdc-column td-pb-span12\">\n<style scoped>\n\/* custom css - generated by TagDiv Composer *\/\n\n\/* custom css - generated by TagDiv Composer *\/\n.tdi_62{\r\n                    vertical-align: baseline;\r\n                }.tdi_62 > .wpb_wrapper,\r\n\t\t\t\t.tdi_62 > .wpb_wrapper > .tdc-elements{\r\n\t\t\t\t    display: block;\r\n\t\t\t\t}.tdi_62 > .wpb_wrapper > .tdc-elements{\r\n\t\t\t\t    width: 100%;\r\n\t\t\t\t}.tdi_62 > .wpb_wrapper > .vc_row_inner{\r\n\t\t\t\t    width: auto;\r\n\t\t\t\t}.tdi_62 > .wpb_wrapper{\r\n\t\t\t\t    width: auto;\r\n\t\t\t\t    height: auto;\r\n\t\t\t\t}\n<\/style><div class=\"wpb_wrapper\" >[vc_custom_heading text=\u00a0\u00bbSan Bernardino alle Ossa \u00e0 Milan\u00a0\u00bb google_fonts=\u00a0\u00bbfont_family:Open%20Sans%3A300%2C300italic%2Cregular%2Citalic%2C600%2C600italic%2C700%2C700italic%2C800%2C800italic|font_style:600%20bold%20regular%3A600%3Anormal\u00a0\u00bb css=\u00a0\u00bb.vc_custom_1670245755215{background-position: 0 0 !important;background-repeat: no-repeat !important;}\u00a0\u00bb][vc_column_text]<span class=\"dropcap\" style=\"background-color: #c60c0c;\">10<\/span><\/p>\n<p>\u00c0 environ 500 m\u00e8tres de Piazza del Duomo, sur Piazza Santo Stefano, <strong>se trouve l\u2019un des lieux les plus insolites, fascinants et macabres de Milan.<\/strong> Il s\u2019agit du <strong>sanctuaire de San Bernardino alle Ossa<\/strong>, et son nom en dit d\u00e9j\u00e0 long.<\/p>\n<figure id=\"attachment_28644\" aria-describedby=\"caption-attachment-28644\" style=\"width: 375px\" class=\"wp-caption alignleft\"><img decoding=\"async\" class=\"size-full wp-image-28644\" src=\"https:\/\/www.10cose.it\/wp-content\/uploads\/2015\/09\/chiesa-san-bernardino-alle-ossa-milano.jpg\" alt=\"San Bernardino alle Ossa\" width=\"375\" height=\"250\" srcset=\"https:\/\/www.10cose.it\/wp-content\/uploads\/2015\/09\/chiesa-san-bernardino-alle-ossa-milano.jpg 375w, https:\/\/www.10cose.it\/wp-content\/uploads\/2015\/09\/chiesa-san-bernardino-alle-ossa-milano-300x200.jpg 300w\" sizes=\"(max-width: 375px) 100vw, 375px\" \/><figcaption id=\"caption-attachment-28644\" class=\"wp-caption-text\">San Bernardino alle Ossa<\/figcaption><\/figure>\n<p>Cette petite chapelle, devenue ensuite \u00e9glise, <strong>a en effet servi pendant des si\u00e8cles d\u2019ossuaire, et ses murs int\u00e9rieurs sont enti\u00e8rement d\u00e9cor\u00e9s avec les os des morts.<\/strong><\/p>\n\n<p>L\u2019histoire commence en 1145, lorsqu\u2019un h\u00f4pital et un cimeti\u00e8re furent construits dans la zone pour enterrer les malades qui y mouraient.<\/p>\n<p>Apr\u00e8s quelques ann\u00e9es, l\u2019espace disponible se r\u00e9v\u00e9la insuffisant et il fallut construire une salle destin\u00e9e \u00e0 accueillir les os des d\u00e9funts exhum\u00e9s des tombes les plus anciennes.<\/p>\n<p><strong>Apr\u00e8s l\u2019effondrement de l\u2019ancien ossuaire, \u00e0 la fin du XVIIe si\u00e8cle, un nouvel ossuaire fut construit. Les fr\u00e8res le d\u00e9cor\u00e8rent avec les os des morts et le firent peindre \u00e0 fresque en 1693-1694 par le peintre v\u00e9nitien Sebastiano Ricci.<\/strong><\/p>\n<p>Les murs sont <strong>enti\u00e8rement recouverts d\u2019os, m\u00ealant le macabre \u00e0 la d\u00e9licatesse des d\u00e9corations rococo.<\/strong> M\u00eame si la l\u00e9gende pr\u00e9tend qu\u2019il s\u2019agit des os de martyrs chr\u00e9tiens, ce sont en r\u00e9alit\u00e9 les restes des malades de l\u2019h\u00f4pital, des fr\u00e8res qui vivaient dans l\u2019\u00e9glise, des d\u00e9tenus de Milan et de certains membres des familles nobles milanaises. <strong>\u00c0 voir absolument !<\/strong><\/p>\n<h3>Horaires d\u2019ouverture et prix du billet pour San Bernardino alle Ossa<\/h3>\n<p><strong>Horaires d\u2019ouverture :<\/strong><\/p>\n<p>lundi &#8211; vendredi : de 8 h \u00e0 18 h<br \/>\nsamedi : de 9 h 30 \u00e0 18 h<br \/>\ndimanche : \u00e9glise ouverte de 9 h 30 \u00e0 12 h. Ossuaire FERM\u00c9.<\/p>\n<p><strong>Prix du billet<\/strong> : gratuit, avec offrande libre.<\/p>\n<p><strong>Comment arriver<\/strong> : Piazza Santo Stefano. \u00c0 pied depuis Piazza del Duomo en environ 5 minutes.[\/vc_column_text]<div class=\"wpb_wrapper td_block_separator td_block_wrap vc_separator tdi_64  td_separator_solid td_separator_center\"><span style=\"border-color:juicy_pink;border-width:1px;width:100%;\"><\/span><\/div>[vc_column_text]<div class='code-block code-block-10' style='margin: 8px auto; text-align: center; display: block; clear: both;'>\n<script async type='text\/javascript' src='\/\/s.clickiocdn.com\/t\/218260\/360_light.js'><\/script>\n<script class='__lxGc__' type='text\/javascript'>\n((__lxGc__=window.__lxGc__||{'s':{},'b':0})['s']['_218260']=__lxGc__['s']['_218260']||{'b':{}})['b']['_709457']={'i':__lxGc__.b++};\n<\/script>\n\n<script async type='text\/javascript' src='\/\/s.clickiocdn.com\/t\/218260\/360_light.js'><\/script>\n<script class='__lxGc__' type='text\/javascript'>\n((__lxGc__=window.__lxGc__||{'s':{},'b':0})['s']['_218260']=__lxGc__['s']['_218260']||{'b':{}})['b']['_709459']={'i':__lxGc__.b++};\n<\/script><\/div>\n[\/vc_column_text]<\/div><\/div><\/div><\/div><div id=\"tdi_65\" class=\"tdc-row\"><div class=\"vc_row tdi_66  wpb_row td-pb-row\" >\n<style scoped>\n\/* custom css - generated by TagDiv Composer *\/\n\n\/* custom css - generated by TagDiv Composer *\/\n.tdi_66,\r\n                .tdi_66 .tdc-columns{\r\n                    min-height: 0;\r\n                }.tdi_66,\r\n\t\t\t\t.tdi_66 .tdc-columns{\r\n\t\t\t\t    display: block;\r\n\t\t\t\t}.tdi_66 .tdc-columns{\r\n\t\t\t\t    width: 100%;\r\n\t\t\t\t}.tdi_66:before,\r\n\t\t\t\t.tdi_66:after{\r\n\t\t\t\t    display: table;\r\n\t\t\t\t}\n<\/style><div class=\"vc_column tdi_68  wpb_column vc_column_container tdc-column td-pb-span12\">\n<style scoped>\n\/* custom css - generated by TagDiv Composer *\/\n\n\/* custom css - generated by TagDiv Composer *\/\n.tdi_68{\r\n                    vertical-align: baseline;\r\n                }.tdi_68 > .wpb_wrapper,\r\n\t\t\t\t.tdi_68 > .wpb_wrapper > .tdc-elements{\r\n\t\t\t\t    display: block;\r\n\t\t\t\t}.tdi_68 > .wpb_wrapper > .tdc-elements{\r\n\t\t\t\t    width: 100%;\r\n\t\t\t\t}.tdi_68 > .wpb_wrapper > .vc_row_inner{\r\n\t\t\t\t    width: auto;\r\n\t\t\t\t}.tdi_68 > .wpb_wrapper{\r\n\t\t\t\t    width: auto;\r\n\t\t\t\t    height: auto;\r\n\t\t\t\t}\n<\/style><div class=\"wpb_wrapper\" >[vc_custom_heading text=\u00a0\u00bbParco Sempione \u00e0 Milan\u00a0\u00bb google_fonts=\u00a0\u00bbfont_family:Open%20Sans%3A300%2C300italic%2Cregular%2Citalic%2C600%2C600italic%2C700%2C700italic%2C800%2C800italic|font_style:600%20bold%20regular%3A600%3Anormal\u00a0\u00bb css=\u00a0\u00bb.vc_custom_1670246863902{background-position: 0 0 !important;background-repeat: no-repeat !important;}\u00a0\u00bb][vc_column_text]<span class=\"dropcap\" style=\"background-color: #c60c0c;\">11<\/span><\/p>\n<p>Dans une ville chaotique comme Milan, <strong>Parco Sempione est un poumon vert o\u00f9 prendre une bouff\u00e9e d\u2019oxyg\u00e8ne loin de la circulation<\/strong>. Le parc est vaste et bien entretenu. Il s\u2019\u00e9tend du <strong>Castello Sforzesco<\/strong> \u00e0 l\u2019Arco della Pace, en longeant l\u2019Arena Civica, l\u2019Aquarium et la Triennale.<\/p>\n<figure id=\"attachment_30005\" aria-describedby=\"caption-attachment-30005\" style=\"width: 375px\" class=\"wp-caption alignleft\"><img decoding=\"async\" class=\"wp-image-30005 size-full\" src=\"https:\/\/www.10cose.it\/wp-content\/uploads\/2015\/09\/Parco-sempione-Milano-foto-luca-volpi.jpg\" alt=\"Parco Sempione \u00e0 Milan\" width=\"375\" height=\"250\" srcset=\"https:\/\/www.10cose.it\/wp-content\/uploads\/2015\/09\/Parco-sempione-Milano-foto-luca-volpi.jpg 375w, https:\/\/www.10cose.it\/wp-content\/uploads\/2015\/09\/Parco-sempione-Milano-foto-luca-volpi-300x200.jpg 300w\" sizes=\"(max-width: 375px) 100vw, 375px\" \/><figcaption id=\"caption-attachment-30005\" class=\"wp-caption-text\">Parco Sempione \u00e0 Milan &#8211; Photo de Luca Volpi<\/figcaption><\/figure>\n<p>Pour les Milanais, c\u2019est l\u2019endroit o\u00f9 <strong>faire du jogging, se promener ou se d\u00e9tendre allong\u00e9 sur l\u2019herbe, promener son chien et laisser les enfants jouer en plein air pendant les journ\u00e9es ensoleill\u00e9es<\/strong>.<\/p>\n\n<p>Le parc abrite plusieurs espaces pour chiens, une aire de jeux avec man\u00e8ges pour les familles, des terrains de basket et de volley, une biblioth\u00e8que et diff\u00e9rents parcours de sant\u00e9 \u00e9quip\u00e9s.<\/p>\n<p>Tr\u00e8s cher aux Milanais, surtout aux couples, le <strong>Ponte delle Sirenette<\/strong> traverse un petit lac artificiel, dans un coin ind\u00e9niablement pittoresque. On dit que passer sur ce petit pont porte bonheur : voil\u00e0 donc une bonne raison d\u2019y aller.<\/p>\n<p>Le Parco Sempione est r\u00e9guli\u00e8rement utilis\u00e9 par la municipalit\u00e9 pour organiser <strong>manifestations, foires et \u00e9v\u00e9nements.<\/strong> Une promenade y est agr\u00e9able toute l\u2019ann\u00e9e et chaque saison offre des couleurs particuli\u00e8res.<\/p>\n<p>L\u2019automne est sans doute l\u2019un des moments les plus suggestifs, avec son tapis de feuilles et les ch\u00e2taignes qui tombent spontan\u00e9ment. Les journ\u00e9es de printemps se pr\u00eatent plut\u00f4t \u00e0 manger quelque chose aupr\u00e8s des kiosques diss\u00e9min\u00e9s dans le parc, boire une boisson ou lire un livre assis dans l\u2019herbe.<\/p>\n<p><strong>Parco Sempione est l\u2019un des symboles de Milan, ainsi qu\u2019une \u00e9tape obligatoire pour faire une pause pendant une journ\u00e9e de mus\u00e9es<\/strong>. Il est conseill\u00e9 d\u2019y aller en dehors du week-end pour en profiter pleinement lorsqu\u2019il est moins fr\u00e9quent\u00e9. Cela vaut la peine de s\u2019accorder une demi-heure pour se promener parmi la riche flore et la faune qui l\u2019habitent. Les amateurs de parcours p\u00e9dagogiques peuvent participer \u00e0 des visites guid\u00e9es par des b\u00e9n\u00e9voles pour d\u00e9couvrir les esp\u00e8ces d\u2019arbres et les arbres monumentaux.<\/p>\n<p><b>Comment arriver<\/b><\/p>\n<p>Le Parco Sempione est tr\u00e8s central. Les stations de m\u00e9tro de r\u00e9f\u00e9rence sont : Cairoli, ligne M1 rouge ; Lanza, ligne M2 verte ; et Cadorna, lignes M1 rouge et M2 verte.[\/vc_column_text]<div class=\"wpb_wrapper td_block_separator td_block_wrap vc_separator tdi_70  td_separator_solid td_separator_center\"><span style=\"border-color:juicy_pink;border-width:1px;width:100%;\"><\/span><\/div>[vc_column_text]<div class='ai-viewports ai-viewport-3 ai-insert-13-76019357' style='margin: 8px auto; text-align: center; display: block; clear: both;' data-insertion-position='prepend' data-selector='.ai-insert-13-76019357' data-insertion-no-dbg data-code='PGRpdiBjbGFzcz0nY29kZS1ibG9jayBjb2RlLWJsb2NrLTEzJyBzdHlsZT0nbWFyZ2luOiA4cHggYXV0bzsgdGV4dC1hbGlnbjogY2VudGVyOyBkaXNwbGF5OiBibG9jazsgY2xlYXI6IGJvdGg7Jz4KPHNjcmlwdCBhc3luYyB0eXBlPSd0ZXh0L2phdmFzY3JpcHQnIHNyYz0nLy9zLmNsaWNraW9jZG4uY29tL3QvMjE4MjYwLzM2MF9saWdodC5qcyc+PC9zY3JpcHQ+CjxzY3JpcHQgY2xhc3M9J19fbHhHY19fJyB0eXBlPSd0ZXh0L2phdmFzY3JpcHQnPgooKF9fbHhHY19fPXdpbmRvdy5fX2x4R2NfX3x8eydzJzp7fSwnYic6MH0pWydzJ11bJ18yMTgyNjAnXT1fX2x4R2NfX1sncyddWydfMjE4MjYwJ118fHsnYic6e319KVsnYiddWydfNzA5NDU3J109eydpJzpfX2x4R2NfXy5iKyt9Owo8L3NjcmlwdD4KCjxzY3JpcHQgYXN5bmMgdHlwZT0ndGV4dC9qYXZhc2NyaXB0JyBzcmM9Jy8vcy5jbGlja2lvY2RuLmNvbS90LzIxODI2MC8zNjBfbGlnaHQuanMnPjwvc2NyaXB0Pgo8c2NyaXB0IGNsYXNzPSdfX2x4R2NfXycgdHlwZT0ndGV4dC9qYXZhc2NyaXB0Jz4KKChfX2x4R2NfXz13aW5kb3cuX19seEdjX198fHsncyc6e30sJ2InOjB9KVsncyddWydfMjE4MjYwJ109X19seEdjX19bJ3MnXVsnXzIxODI2MCddfHx7J2InOnt9fSlbJ2InXVsnXzcwOTQ1OSddPXsnaSc6X19seEdjX18uYisrfTsKPC9zY3JpcHQ+PC9kaXY+Cg==' data-block='13'><\/div>\n<script>\n  ai_run_504963555863 = function(){ai_insert_viewport_code ('ai-insert-13-76019357');};\n  if (document.readyState === 'complete' || (document.readyState !== 'loading' && !document.documentElement.doScroll)) ai_run_504963555863 (); else document.addEventListener ('DOMContentLoaded', ai_run_504963555863);\n<\/script>\n[\/vc_column_text]<\/div><\/div><\/div><\/div><div id=\"tdi_71\" class=\"tdc-row\"><div class=\"vc_row tdi_72  wpb_row td-pb-row\" >\n<style scoped>\n\/* custom css - generated by TagDiv Composer *\/\n\n\/* custom css - generated by TagDiv Composer *\/\n.tdi_72,\r\n                .tdi_72 .tdc-columns{\r\n                    min-height: 0;\r\n                }.tdi_72,\r\n\t\t\t\t.tdi_72 .tdc-columns{\r\n\t\t\t\t    display: block;\r\n\t\t\t\t}.tdi_72 .tdc-columns{\r\n\t\t\t\t    width: 100%;\r\n\t\t\t\t}.tdi_72:before,\r\n\t\t\t\t.tdi_72:after{\r\n\t\t\t\t    display: table;\r\n\t\t\t\t}\n<\/style><div class=\"vc_column tdi_74  wpb_column vc_column_container tdc-column td-pb-span12\">\n<style scoped>\n\/* custom css - generated by TagDiv Composer *\/\n\n\/* custom css - generated by TagDiv Composer *\/\n.tdi_74{\r\n                    vertical-align: baseline;\r\n                }.tdi_74 > .wpb_wrapper,\r\n\t\t\t\t.tdi_74 > .wpb_wrapper > .tdc-elements{\r\n\t\t\t\t    display: block;\r\n\t\t\t\t}.tdi_74 > .wpb_wrapper > .tdc-elements{\r\n\t\t\t\t    width: 100%;\r\n\t\t\t\t}.tdi_74 > .wpb_wrapper > .vc_row_inner{\r\n\t\t\t\t    width: auto;\r\n\t\t\t\t}.tdi_74 > .wpb_wrapper{\r\n\t\t\t\t    width: auto;\r\n\t\t\t\t    height: auto;\r\n\t\t\t\t}\n<\/style><div class=\"wpb_wrapper\" >[vc_custom_heading text=\u00a0\u00bbCimeti\u00e8re Monumental de Milan\u00a0\u00bb google_fonts=\u00a0\u00bbfont_family:Open%20Sans%3A300%2C300italic%2Cregular%2Citalic%2C600%2C600italic%2C700%2C700italic%2C800%2C800italic|font_style:600%20bold%20regular%3A600%3Anormal\u00a0\u00bb css=\u00a0\u00bb.vc_custom_1670246703056{background-position: 0 0 !important;background-repeat: no-repeat !important;}\u00a0\u00bb][vc_column_text]<span class=\"dropcap\" style=\"background-color: #c60c0c;\">12<\/span><\/p>\n<p>S\u2019il est vrai que visiter un cimeti\u00e8re n\u2019est pas toujours bien vu, nous vous garantissons que la visite du <strong>Cimeti\u00e8re Monumental de Milan est une exp\u00e9rience \u00e0 ne pas manquer<\/strong>.<\/p>\n<p>D\u2019\u00e9minents architectes et artistes y ont laiss\u00e9 leur signature : \u00e9dicules, chapelles, temples et sculptures poss\u00e8dent une tr\u00e8s grande valeur artistique autant que symbolique. Les courants sculpturaux y sont tr\u00e8s vari\u00e9s, <strong>du Liberty au Symbolisme, en passant par la Scapigliatura.<\/strong><\/p>\n<figure id=\"attachment_30003\" aria-describedby=\"caption-attachment-30003\" style=\"width: 375px\" class=\"wp-caption alignleft\"><img decoding=\"async\" class=\"size-full wp-image-30003\" src=\"https:\/\/www.10cose.it\/wp-content\/uploads\/2015\/09\/cimitero-monumentale-milano.jpg\" alt=\"Cimeti\u00e8re Monumental de Milan\" width=\"375\" height=\"250\" srcset=\"https:\/\/www.10cose.it\/wp-content\/uploads\/2015\/09\/cimitero-monumentale-milano.jpg 375w, https:\/\/www.10cose.it\/wp-content\/uploads\/2015\/09\/cimitero-monumentale-milano-300x200.jpg 300w\" sizes=\"(max-width: 375px) 100vw, 375px\" \/><figcaption id=\"caption-attachment-30003\" class=\"wp-caption-text\">Cimeti\u00e8re Monumental de Milan<\/figcaption><\/figure>\n<p>Nous conseillons donc ne serait-ce qu\u2019une promenade dans ce mus\u00e9e \u00e0 ciel ouvert, qui exprime toute la grandeur des personnages illustres de l\u2019histoire italienne et milanaise qui y sont enterr\u00e9s : <strong>Wanda Osiris, Giorgio Gaber, Alda Merini, Dario Fo, Franca Rame et Enzo Jannacci<\/strong>, pour n\u2019en citer que quelques-uns.<\/p>\n\n<p><strong>Le Cimeti\u00e8re Monumental de Milan se visite gratuitement.<\/strong> On peut le parcourir en autonomie en choisissant parmi une s\u00e9rie d\u2019itin\u00e9raires conseill\u00e9s qui permettent de d\u00e9couvrir les diff\u00e9rentes zones. Autre option, que nous recommandons : participer \u00e0 <strong>une int\u00e9ressante visite guid\u00e9e par les b\u00e9n\u00e9voles du Service Civil, sur r\u00e9servation pr\u00e9alable.<\/strong><\/p>\n<p>Le parcours A inclut 24 monuments et dure environ une heure, tandis que, pour ceux qui disposent de moins de temps, le parcours B comprend 12 monuments et dure une demi-heure.<\/p>\n<h3>Le Famedio avec les tombes des c\u00e9l\u00e9brit\u00e9s de Milan<\/h3>\n<p>Ne manquez pas la visite du <strong>Famedio, ou \u00ab Temple de la Renomm\u00e9e \u00bb<\/strong>, situ\u00e9 dans la partie principale du Cimeti\u00e8re Monumental. Il vaut la peine d\u2019entrer pour admirer la beaut\u00e9 et la richesse d\u00e9corative des int\u00e9rieurs, ainsi que les s\u00e9pultures illustres de <strong>Manzoni, Carlo Cattaneo, Luca Beltrami, Salvatore Quasimodo, Carlo Forlanini, Bruno Munari et Leo Valiani.<\/strong> Il est \u00e9galement possible de descendre dans la crypte du Famedio.<\/p>\n<p>Parmi les autres points d\u2019int\u00e9r\u00eat du cimeti\u00e8re, citons : le <strong>Monument aux victimes des camps d\u2019extermination nazis, le Temple cr\u00e9matoire, l\u2019\u00c9dicule Bocconi, le Monument Bistoletti, l\u2019\u00c9dicule Toscanini et l\u2019Ossuaire central.<\/strong><\/p>\n<h3>Comment arriver au Cimeti\u00e8re Monumental de Milan<b><br \/>\n<\/b><\/h3>\n<p><strong>En m\u00e9tro :<\/strong><br \/>\nArr\u00eat Monumentale, ligne M5<br \/>\nArr\u00eat Garibaldi, ligne M2. De l\u00e0, continuer \u00e0 pied pendant 7 ou 8 minutes.<\/p>\n<p><strong>En bus :<\/strong><br \/>\n94, arr\u00eat P.ta Volta<br \/>\n70, arr\u00eat Ceresio<\/p>\n<p><strong>En tram :<\/strong><br \/>\n2, 4, 33, arr\u00eat Farini<br \/>\n10, arr\u00eat Monumentale<br \/>\n12 et 14, arr\u00eat Bramante<b><\/b>[\/vc_column_text]<div class=\"wpb_wrapper td_block_separator td_block_wrap vc_separator tdi_76  td_separator_solid td_separator_center\"><span style=\"border-color:juicy_pink;border-width:1px;width:100%;\"><\/span><\/div>[vc_column_text]<div class='ai-viewports ai-viewport-3 ai-insert-13-92024795' style='margin: 8px auto; text-align: center; display: block; clear: both;' data-insertion-position='prepend' data-selector='.ai-insert-13-92024795' data-insertion-no-dbg data-code='PGRpdiBjbGFzcz0nY29kZS1ibG9jayBjb2RlLWJsb2NrLTEzJyBzdHlsZT0nbWFyZ2luOiA4cHggYXV0bzsgdGV4dC1hbGlnbjogY2VudGVyOyBkaXNwbGF5OiBibG9jazsgY2xlYXI6IGJvdGg7Jz4KPHNjcmlwdCBhc3luYyB0eXBlPSd0ZXh0L2phdmFzY3JpcHQnIHNyYz0nLy9zLmNsaWNraW9jZG4uY29tL3QvMjE4MjYwLzM2MF9saWdodC5qcyc+PC9zY3JpcHQ+CjxzY3JpcHQgY2xhc3M9J19fbHhHY19fJyB0eXBlPSd0ZXh0L2phdmFzY3JpcHQnPgooKF9fbHhHY19fPXdpbmRvdy5fX2x4R2NfX3x8eydzJzp7fSwnYic6MH0pWydzJ11bJ18yMTgyNjAnXT1fX2x4R2NfX1sncyddWydfMjE4MjYwJ118fHsnYic6e319KVsnYiddWydfNzA5NDU3J109eydpJzpfX2x4R2NfXy5iKyt9Owo8L3NjcmlwdD4KCjxzY3JpcHQgYXN5bmMgdHlwZT0ndGV4dC9qYXZhc2NyaXB0JyBzcmM9Jy8vcy5jbGlja2lvY2RuLmNvbS90LzIxODI2MC8zNjBfbGlnaHQuanMnPjwvc2NyaXB0Pgo8c2NyaXB0IGNsYXNzPSdfX2x4R2NfXycgdHlwZT0ndGV4dC9qYXZhc2NyaXB0Jz4KKChfX2x4R2NfXz13aW5kb3cuX19seEdjX198fHsncyc6e30sJ2InOjB9KVsncyddWydfMjE4MjYwJ109X19seEdjX19bJ3MnXVsnXzIxODI2MCddfHx7J2InOnt9fSlbJ2InXVsnXzcwOTQ1OSddPXsnaSc6X19seEdjX18uYisrfTsKPC9zY3JpcHQ+PC9kaXY+Cg==' data-block='13'><\/div>\n<script>\n  ai_run_356018818359 = function(){ai_insert_viewport_code ('ai-insert-13-92024795');};\n  if (document.readyState === 'complete' || (document.readyState !== 'loading' && !document.documentElement.doScroll)) ai_run_356018818359 (); else document.addEventListener ('DOMContentLoaded', ai_run_356018818359);\n<\/script>\n[\/vc_column_text]<\/div><\/div><\/div><\/div><div id=\"tdi_77\" class=\"tdc-row\"><div class=\"vc_row tdi_78  wpb_row td-pb-row\" >\n<style scoped>\n\/* custom css - generated by TagDiv Composer *\/\n\n\/* custom css - generated by TagDiv Composer *\/\n.tdi_78,\r\n                .tdi_78 .tdc-columns{\r\n                    min-height: 0;\r\n                }.tdi_78,\r\n\t\t\t\t.tdi_78 .tdc-columns{\r\n\t\t\t\t    display: block;\r\n\t\t\t\t}.tdi_78 .tdc-columns{\r\n\t\t\t\t    width: 100%;\r\n\t\t\t\t}.tdi_78:before,\r\n\t\t\t\t.tdi_78:after{\r\n\t\t\t\t    display: table;\r\n\t\t\t\t}\n<\/style><div class=\"vc_column tdi_80  wpb_column vc_column_container tdc-column td-pb-span12\">\n<style scoped>\n\/* custom css - generated by TagDiv Composer *\/\n\n\/* custom css - generated by TagDiv Composer *\/\n.tdi_80{\r\n                    vertical-align: baseline;\r\n                }.tdi_80 > .wpb_wrapper,\r\n\t\t\t\t.tdi_80 > .wpb_wrapper > .tdc-elements{\r\n\t\t\t\t    display: block;\r\n\t\t\t\t}.tdi_80 > .wpb_wrapper > .tdc-elements{\r\n\t\t\t\t    width: 100%;\r\n\t\t\t\t}.tdi_80 > .wpb_wrapper > .vc_row_inner{\r\n\t\t\t\t    width: auto;\r\n\t\t\t\t}.tdi_80 > .wpb_wrapper{\r\n\t\t\t\t    width: auto;\r\n\t\t\t\t    height: auto;\r\n\t\t\t\t}\n<\/style><div class=\"wpb_wrapper\" >[vc_custom_heading text=\u00a0\u00bbL\u2019Albergo Diurno Venezia de Milan\u00a0\u00bb google_fonts=\u00a0\u00bbfont_family:Open%20Sans%3A300%2C300italic%2Cregular%2Citalic%2C600%2C600italic%2C700%2C700italic%2C800%2C800italic|font_style:600%20bold%20regular%3A600%3Anormal\u00a0\u00bb css=\u00a0\u00bb.vc_custom_1670246321010{background-position: 0 0 !important;background-repeat: no-repeat !important;}\u00a0\u00bb][vc_column_text]<span class=\"dropcap\" style=\"background-color: #c60c0c;\">13<\/span><\/p>\n<p>\u00c0 Milan, il existe un lieu o\u00f9 faire un voyage dans la Belle \u00c9poque : c\u2019est <strong>l\u2019Albergo Diurno Venezia<\/strong>. Il se trouve sous Piazza Guglielmo Oberdan, pr\u00e8s de l\u2019entr\u00e9e du m\u00e9tro Porta Venezia, ligne M1.<\/p>\n<figure id=\"attachment_30001\" aria-describedby=\"caption-attachment-30001\" style=\"width: 375px\" class=\"wp-caption alignleft\"><img decoding=\"async\" class=\"size-full wp-image-30001\" src=\"https:\/\/www.10cose.it\/wp-content\/uploads\/2015\/09\/albergo-diurno-venezia-milano.jpg\" alt=\"L\u2019Albergo Diurno Venezia de Milan\" width=\"375\" height=\"250\" srcset=\"https:\/\/www.10cose.it\/wp-content\/uploads\/2015\/09\/albergo-diurno-venezia-milano.jpg 375w, https:\/\/www.10cose.it\/wp-content\/uploads\/2015\/09\/albergo-diurno-venezia-milano-300x200.jpg 300w\" sizes=\"(max-width: 375px) 100vw, 375px\" \/><figcaption id=\"caption-attachment-30001\" class=\"wp-caption-text\">L\u2019Albergo Diurno Venezia de Milan<\/figcaption><\/figure>\n<p>Pour y entrer, il faut <strong>r\u00e9server une visite guid\u00e9e organis\u00e9e par les b\u00e9n\u00e9voles du FAI<\/strong>, avec Milanoguida, qui dure environ une heure.<\/p>\n<p>Les membres du FAI y acc\u00e8dent gratuitement. C\u2019est une exp\u00e9rience curieuse et hors des itin\u00e9raires touristiques classiques, \u00e0 faire pour d\u00e9couvrir un morceau d\u2019histoire moderne milanaise.<\/p>\n\n<p>Cet h\u00f4tel de jour, con\u00e7u par Piero Portaluppi, <strong>\u00e9tait utilis\u00e9 dans les ann\u00e9es 1920 comme \u00ab halte de repos \u00bb par les Milanais qui, rentrant du travail ou d\u2019un voyage<\/strong>, voulaient se d\u00e9tendre et prendre soin de leur corps pendant quelques heures.<\/p>\n<p>\u00c0 l\u2019\u00e9poque, c\u2019\u00e9tait un luxe de se l\u2019offrir, car tout le monde ne disposait pas d\u2019une salle de bain priv\u00e9e \u00e0 la maison. \u00c0 l\u2019Albergo Diurno, il y avait <strong>un espace consacr\u00e9 au barbier, un autre \u00e0 la manucure, aux thermes<\/strong>, les fameux \u00ab Bagni \u00bb, et ainsi de suite. Aujourd\u2019hui, on pourrait l\u2019associer \u00e0 nos spas et centres de bien-\u00eatre.<\/p>\n<p><strong>Le lieu poss\u00e8de ce charme d\u2019une autre \u00e9poque qui plaira s\u00fbrement aux amateurs de style Liberty et Art d\u00e9co.<\/strong> Malheureusement, l\u2019Albergo Diurno est inutilisable \u00e0 cause de sa longue p\u00e9riode d\u2019abandon et n\u00e9cessite des travaux de restauration et de mise en s\u00e9curit\u00e9.<\/p>\n<p>Actuellement, il n\u2019est pas ouvert au public et ne peut pas \u00eatre visit\u00e9. Une r\u00e9ouverture est pr\u00e9vue, mais aucune date certaine n\u2019a encore \u00e9t\u00e9 annonc\u00e9e ; elle aura probablement lieu dans quelques ann\u00e9es, en m\u00eame temps que l\u2019inauguration du nouveau Mus\u00e9e d\u2019Art Num\u00e9rique.[\/vc_column_text]<div class=\"wpb_wrapper td_block_separator td_block_wrap vc_separator tdi_82  td_separator_solid td_separator_center\"><span style=\"border-color:juicy_pink;border-width:1px;width:100%;\"><\/span><\/div>[vc_column_text]<div class='ai-viewports ai-viewport-3 ai-insert-13-58521467' style='margin: 8px auto; text-align: center; display: block; clear: both;' data-insertion-position='prepend' data-selector='.ai-insert-13-58521467' data-insertion-no-dbg data-code='PGRpdiBjbGFzcz0nY29kZS1ibG9jayBjb2RlLWJsb2NrLTEzJyBzdHlsZT0nbWFyZ2luOiA4cHggYXV0bzsgdGV4dC1hbGlnbjogY2VudGVyOyBkaXNwbGF5OiBibG9jazsgY2xlYXI6IGJvdGg7Jz4KPHNjcmlwdCBhc3luYyB0eXBlPSd0ZXh0L2phdmFzY3JpcHQnIHNyYz0nLy9zLmNsaWNraW9jZG4uY29tL3QvMjE4MjYwLzM2MF9saWdodC5qcyc+PC9zY3JpcHQ+CjxzY3JpcHQgY2xhc3M9J19fbHhHY19fJyB0eXBlPSd0ZXh0L2phdmFzY3JpcHQnPgooKF9fbHhHY19fPXdpbmRvdy5fX2x4R2NfX3x8eydzJzp7fSwnYic6MH0pWydzJ11bJ18yMTgyNjAnXT1fX2x4R2NfX1sncyddWydfMjE4MjYwJ118fHsnYic6e319KVsnYiddWydfNzA5NDU3J109eydpJzpfX2x4R2NfXy5iKyt9Owo8L3NjcmlwdD4KCjxzY3JpcHQgYXN5bmMgdHlwZT0ndGV4dC9qYXZhc2NyaXB0JyBzcmM9Jy8vcy5jbGlja2lvY2RuLmNvbS90LzIxODI2MC8zNjBfbGlnaHQuanMnPjwvc2NyaXB0Pgo8c2NyaXB0IGNsYXNzPSdfX2x4R2NfXycgdHlwZT0ndGV4dC9qYXZhc2NyaXB0Jz4KKChfX2x4R2NfXz13aW5kb3cuX19seEdjX198fHsncyc6e30sJ2InOjB9KVsncyddWydfMjE4MjYwJ109X19seEdjX19bJ3MnXVsnXzIxODI2MCddfHx7J2InOnt9fSlbJ2InXVsnXzcwOTQ1OSddPXsnaSc6X19seEdjX18uYisrfTsKPC9zY3JpcHQ+PC9kaXY+Cg==' data-block='13'><\/div>\n<script>\n  ai_run_452044628422 = function(){ai_insert_viewport_code ('ai-insert-13-58521467');};\n  if (document.readyState === 'complete' || (document.readyState !== 'loading' && !document.documentElement.doScroll)) ai_run_452044628422 (); else document.addEventListener ('DOMContentLoaded', ai_run_452044628422);\n<\/script>\n[\/vc_column_text]<\/div><\/div><\/div><\/div><div id=\"tdi_83\" class=\"tdc-row\"><div class=\"vc_row tdi_84  wpb_row td-pb-row\" >\n<style scoped>\n\/* custom css - generated by TagDiv Composer *\/\n\n\/* custom css - generated by TagDiv Composer *\/\n.tdi_84,\r\n                .tdi_84 .tdc-columns{\r\n                    min-height: 0;\r\n                }.tdi_84,\r\n\t\t\t\t.tdi_84 .tdc-columns{\r\n\t\t\t\t    display: block;\r\n\t\t\t\t}.tdi_84 .tdc-columns{\r\n\t\t\t\t    width: 100%;\r\n\t\t\t\t}.tdi_84:before,\r\n\t\t\t\t.tdi_84:after{\r\n\t\t\t\t    display: table;\r\n\t\t\t\t}\n<\/style><div class=\"vc_column tdi_86  wpb_column vc_column_container tdc-column td-pb-span12\">\n<style scoped>\n\/* custom css - generated by TagDiv Composer *\/\n\n\/* custom css - generated by TagDiv Composer *\/\n.tdi_86{\r\n                    vertical-align: baseline;\r\n                }.tdi_86 > .wpb_wrapper,\r\n\t\t\t\t.tdi_86 > .wpb_wrapper > .tdc-elements{\r\n\t\t\t\t    display: block;\r\n\t\t\t\t}.tdi_86 > .wpb_wrapper > .tdc-elements{\r\n\t\t\t\t    width: 100%;\r\n\t\t\t\t}.tdi_86 > .wpb_wrapper > .vc_row_inner{\r\n\t\t\t\t    width: auto;\r\n\t\t\t\t}.tdi_86 > .wpb_wrapper{\r\n\t\t\t\t    width: auto;\r\n\t\t\t\t    height: auto;\r\n\t\t\t\t}\n<\/style><div class=\"wpb_wrapper\" >[vc_custom_heading text=\u00a0\u00bbLe quartier de la Maggiolina \u00e0 Milan\u00a0\u00bb google_fonts=\u00a0\u00bbfont_family:Open%20Sans%3A300%2C300italic%2Cregular%2Citalic%2C600%2C600italic%2C700%2C700italic%2C800%2C800italic|font_style:600%20bold%20regular%3A600%3Anormal\u00a0\u00bb css=\u00a0\u00bb.vc_custom_1671266224556{background-position: 0 0 !important;background-repeat: no-repeat !important;}\u00a0\u00bb][vc_column_text]<span class=\"dropcap\" style=\"background-color: #c60c0c;\">14<\/span><\/p>\n<p>La <strong>Maggiolina<\/strong> est un quartier historique de Milan situ\u00e9 \u00e0 la limite du Quartiere dei Giornalisti. Il tire son nom d\u2019une ancienne ferme qui se trouvait autrefois sur les rives du Seveso, aujourd\u2019hui disparue.<\/p>\n<p><strong>La Maggiolina ne fait pas partie des itin\u00e9raires touristiques classiques<\/strong>, et pourtant elle m\u00e9riterait l\u2019attention pour son atmosph\u00e8re atypique. N\u2019attendez pas de monuments, d\u2019\u00e9glises, de lieux d\u2019int\u00e9r\u00eat c\u00e9l\u00e8bres ou de gratte-ciel. Le quartier est excentr\u00e9, situ\u00e9 en p\u00e9riph\u00e9rie nord-est de la ville.<\/p>\n<figure id=\"attachment_30365\" aria-describedby=\"caption-attachment-30365\" style=\"width: 375px\" class=\"wp-caption alignleft\"><img decoding=\"async\" class=\"size-full wp-image-30365\" src=\"https:\/\/www.10cose.it\/wp-content\/uploads\/2015\/09\/quartiere-maggiolina-milano.jpg\" alt=\"Le quartier de la Maggiolina \u00e0 Milan\" width=\"375\" height=\"250\" srcset=\"https:\/\/www.10cose.it\/wp-content\/uploads\/2015\/09\/quartiere-maggiolina-milano.jpg 375w, https:\/\/www.10cose.it\/wp-content\/uploads\/2015\/09\/quartiere-maggiolina-milano-300x200.jpg 300w\" sizes=\"(max-width: 375px) 100vw, 375px\" \/><figcaption id=\"caption-attachment-30365\" class=\"wp-caption-text\">Le quartier de la Maggiolina \u00e0 Milan<\/figcaption><\/figure>\n<p><strong>Milan ne cesse jamais de surprendre, et la Maggiolina en est la preuve<\/strong>. Un lieu qui, au fil des ann\u00e9es, a connu diff\u00e9rentes transformations et qui est aujourd\u2019hui connu pour ses <strong>maisons curieuses en forme d\u2019igloo et de champignon<\/strong>, que les Milanais appellent les <strong>\u00ab maisons des gnomes \u00bb ou \u00ab maisons des Schtroumpfs \u00bb<\/strong>.<\/p>\n\n<p>Beaucoup de maisons en forme de champignon furent d\u00e9molies dans les ann\u00e9es 1960 ; il n\u2019en reste que quelques-unes, aujourd\u2019hui situ\u00e9es <strong>via Lepanto<\/strong>.<\/p>\n<p>Les \u00ab igloos \u00bb de la Maggiolina sont construits sur deux niveaux et sont encore habit\u00e9s. <strong>Une promenade dans les rues du quartier vous fera d\u00e9couvrir un Milan insolite, exp\u00e9rimental et aussi tr\u00e8s calme par rapport au centre plus chaotique.<\/strong><\/p>\n<h3>Villa Figini<\/h3>\n<p>Un autre \u00e9difice digne d\u2019int\u00e9r\u00eat est <strong>Villa Figini, via Perrone<\/strong>, connue sous le nom de \u00ab Palafitta \u00bb, con\u00e7ue par son propri\u00e9taire, l\u2019architecte Luigi Figini.<\/p>\n<p><strong>De plus, lors des Journ\u00e9es FAI, ne manquez pas la visite de la proche Villa Mirabello<\/strong>, qui remonte \u00e0 la seconde moiti\u00e9 du XVe si\u00e8cle, avec sa petite chapelle priv\u00e9e et sa cour \u00e0 loggia.<\/p>\n<p>C\u2019est un exemple typique d\u2019architecture de <strong>ferme suburbaine<\/strong> qui, au fil du temps, a \u00e9t\u00e9 transform\u00e9e de maison de campagne en villa priv\u00e9e.<\/p>\n<p>Pour appr\u00e9cier pleinement la Maggiolina, nous conseillons de participer \u00e0 une visite organis\u00e9e : c\u2019est le seul moyen d\u2019approfondir l\u2019histoire, l\u2019architecture et toutes les curiosit\u00e9s li\u00e9es au quartier. Saviez-vous que le fleuve Seveso coule sous ses rues ?<\/p>\n<h3>Comment arriver \u00e0 la Maggiolina<\/h3>\n<p><strong>En m\u00e9tro<\/strong> : ligne M3 rouge, arr\u00eat Zara ou arr\u00eat Sondrio, puis quelques minutes \u00e0 pied<br \/>\n<strong>En bus<\/strong> : n\u00b0 81, 42, 43[\/vc_column_text]<div class=\"wpb_wrapper td_block_separator td_block_wrap vc_separator tdi_88  td_separator_solid td_separator_center\"><span style=\"border-color:juicy_pink;border-width:1px;width:100%;\"><\/span><\/div>[vc_column_text]<div class='ai-viewports ai-viewport-3 ai-insert-13-41209040' style='margin: 8px auto; text-align: center; display: block; clear: both;' data-insertion-position='prepend' data-selector='.ai-insert-13-41209040' data-insertion-no-dbg data-code='PGRpdiBjbGFzcz0nY29kZS1ibG9jayBjb2RlLWJsb2NrLTEzJyBzdHlsZT0nbWFyZ2luOiA4cHggYXV0bzsgdGV4dC1hbGlnbjogY2VudGVyOyBkaXNwbGF5OiBibG9jazsgY2xlYXI6IGJvdGg7Jz4KPHNjcmlwdCBhc3luYyB0eXBlPSd0ZXh0L2phdmFzY3JpcHQnIHNyYz0nLy9zLmNsaWNraW9jZG4uY29tL3QvMjE4MjYwLzM2MF9saWdodC5qcyc+PC9zY3JpcHQ+CjxzY3JpcHQgY2xhc3M9J19fbHhHY19fJyB0eXBlPSd0ZXh0L2phdmFzY3JpcHQnPgooKF9fbHhHY19fPXdpbmRvdy5fX2x4R2NfX3x8eydzJzp7fSwnYic6MH0pWydzJ11bJ18yMTgyNjAnXT1fX2x4R2NfX1sncyddWydfMjE4MjYwJ118fHsnYic6e319KVsnYiddWydfNzA5NDU3J109eydpJzpfX2x4R2NfXy5iKyt9Owo8L3NjcmlwdD4KCjxzY3JpcHQgYXN5bmMgdHlwZT0ndGV4dC9qYXZhc2NyaXB0JyBzcmM9Jy8vcy5jbGlja2lvY2RuLmNvbS90LzIxODI2MC8zNjBfbGlnaHQuanMnPjwvc2NyaXB0Pgo8c2NyaXB0IGNsYXNzPSdfX2x4R2NfXycgdHlwZT0ndGV4dC9qYXZhc2NyaXB0Jz4KKChfX2x4R2NfXz13aW5kb3cuX19seEdjX198fHsncyc6e30sJ2InOjB9KVsncyddWydfMjE4MjYwJ109X19seEdjX19bJ3MnXVsnXzIxODI2MCddfHx7J2InOnt9fSlbJ2InXVsnXzcwOTQ1OSddPXsnaSc6X19seEdjX18uYisrfTsKPC9zY3JpcHQ+PC9kaXY+Cg==' data-block='13'><\/div>\n<script>\n  ai_run_100175873383 = function(){ai_insert_viewport_code ('ai-insert-13-41209040');};\n  if (document.readyState === 'complete' || (document.readyState !== 'loading' && !document.documentElement.doScroll)) ai_run_100175873383 (); else document.addEventListener ('DOMContentLoaded', ai_run_100175873383);\n<\/script>\n[\/vc_column_text]<\/div><\/div><\/div><\/div><div id=\"tdi_89\" class=\"tdc-row\"><div class=\"vc_row tdi_90  wpb_row td-pb-row\" >\n<style scoped>\n\/* custom css - generated by TagDiv Composer *\/\n\n\/* custom css - generated by TagDiv Composer *\/\n.tdi_90,\r\n                .tdi_90 .tdc-columns{\r\n                    min-height: 0;\r\n                }.tdi_90,\r\n\t\t\t\t.tdi_90 .tdc-columns{\r\n\t\t\t\t    display: block;\r\n\t\t\t\t}.tdi_90 .tdc-columns{\r\n\t\t\t\t    width: 100%;\r\n\t\t\t\t}.tdi_90:before,\r\n\t\t\t\t.tdi_90:after{\r\n\t\t\t\t    display: table;\r\n\t\t\t\t}\n<\/style><div class=\"vc_column tdi_92  wpb_column vc_column_container tdc-column td-pb-span12\">\n<style scoped>\n\/* custom css - generated by TagDiv Composer *\/\n\n\/* custom css - generated by TagDiv Composer *\/\n.tdi_92{\r\n                    vertical-align: baseline;\r\n                }.tdi_92 > .wpb_wrapper,\r\n\t\t\t\t.tdi_92 > .wpb_wrapper > .tdc-elements{\r\n\t\t\t\t    display: block;\r\n\t\t\t\t}.tdi_92 > .wpb_wrapper > .tdc-elements{\r\n\t\t\t\t    width: 100%;\r\n\t\t\t\t}.tdi_92 > .wpb_wrapper > .vc_row_inner{\r\n\t\t\t\t    width: auto;\r\n\t\t\t\t}.tdi_92 > .wpb_wrapper{\r\n\t\t\t\t    width: auto;\r\n\t\t\t\t    height: auto;\r\n\t\t\t\t}\n<\/style><div class=\"wpb_wrapper\" >[vc_custom_heading text=\u00a0\u00bbVilla Invernizzi et les flamants roses \u00e0 Milan\u00a0\u00bb google_fonts=\u00a0\u00bbfont_family:Open%20Sans%3A300%2C300italic%2Cregular%2Citalic%2C600%2C600italic%2C700%2C700italic%2C800%2C800italic|font_style:600%20bold%20regular%3A600%3Anormal\u00a0\u00bb css=\u00a0\u00bb.vc_custom_1675260995359{background-position: 0 0 !important;background-repeat: no-repeat !important;}\u00a0\u00bb][vc_column_text]<span class=\"dropcap\" style=\"background-color: #c60c0c;\">15<\/span><\/p>\n<p>En plein centre de <strong>Milan, il existe un jardin o\u00f9 vivent des flamants roses<\/strong>, une attraction sans aucun doute singuli\u00e8re. C\u2019est le jardin de la <strong>Villa Invernizzi<\/strong>, du nom des propri\u00e9taires de l\u2019usine des c\u00e9l\u00e8bres petits fromages. S\u2019il vous reste un peu de temps, il faut l\u2019ajouter \u00e0 la liste des choses \u00e0 voir \u00e0 Milan !<\/p>\n<p>La fa\u00e7ade du palais de style Liberty donne sur <strong>Corso Venezia, au num\u00e9ro 32<\/strong>, et constitue d\u00e9j\u00e0 un motif d\u2019int\u00e9r\u00eat, mais le v\u00e9ritable attrait, ce sont les flamants qui vivent dans le parc arri\u00e8re depuis des d\u00e9cennies. Pour les voir, il suffit de tourner au coin avec via Serbelloni et de se d\u00e9placer vers via Cappuccini.<\/p>\n<figure id=\"attachment_32448\" aria-describedby=\"caption-attachment-32448\" style=\"width: 375px\" class=\"wp-caption alignleft\"><img decoding=\"async\" class=\"size-full wp-image-32448\" src=\"https:\/\/www.10cose.it\/wp-content\/uploads\/2015\/09\/villa-invernizzi-fenicotteri-rosa-milano.jpg\" alt=\"Villa Invernizzi et les flamants roses \u00e0 Milan\" width=\"375\" height=\"250\" srcset=\"https:\/\/www.10cose.it\/wp-content\/uploads\/2015\/09\/villa-invernizzi-fenicotteri-rosa-milano.jpg 375w, https:\/\/www.10cose.it\/wp-content\/uploads\/2015\/09\/villa-invernizzi-fenicotteri-rosa-milano-300x200.jpg 300w\" sizes=\"(max-width: 375px) 100vw, 375px\" \/><figcaption id=\"caption-attachment-32448\" class=\"wp-caption-text\">Villa Invernizzi et les flamants roses \u00e0 Milan<\/figcaption><\/figure>\n<p>Import\u00e9s \u00e0 Milan depuis l\u2019Afrique et l\u2019Am\u00e9rique du Sud, on raconte que le premier flamant arriva du Chili vers le milieu du XXe si\u00e8cle, \u00e0 une \u00e9poque o\u00f9 leur importation \u00e9tait encore autoris\u00e9e. Depuis, la colonie s\u2019est d\u00e9velopp\u00e9e gr\u00e2ce au propri\u00e9taire de la villa, l\u2019entrepreneur <strong>Cavalier Invernizzi<\/strong>, qui a recr\u00e9\u00e9 l\u2019habitat id\u00e9al pour les accueillir.<\/p>\n\n<p>Amoureux de la campagne, mais ayant une \u00e9pouse qui aimait la ville, il d\u00e9cida de r\u00e9aliser ce coin de verdure o\u00f9 vivre au c\u0153ur de Milan.<\/p>\n<p>Aujourd\u2019hui, la villa appartient \u00e0 la <strong>Fondation Romeo et Enrica Invernizzi<\/strong>, qui s\u2019occupe de prot\u00e9ger les oiseaux. Elle est ferm\u00e9e au public, mais cela vaut la peine de faire un petit d\u00e9tour par rapport aux rues de la mode et du shopping pour passer voir ce lieu qui int\u00e9resse aussi bien les Milanais que les visiteurs.<\/p>\n<p>En g\u00e9n\u00e9ral, les flamants ne s\u2019approchent pas du portail, mais on peut les observer \u00e0 travers les haies et les photographier lorsqu\u2019ils se d\u00e9placent entre le jardin et la fontaine.<\/p>\n<p>Le quartier lui-m\u00eame m\u00e9rite une promenade. Il est connu sous le nom de <strong>Quadrilat\u00e8re du Silence<\/strong> car, comme son nom l\u2019indique, il est tr\u00e8s tranquille. Promenez-vous parmi les palais de style Liberty et, entre une architecture \u00e9l\u00e9gante et une autre, rejoignez la plus insolite du quartier. \u00c0 noter \u00e9galement : <strong>l\u2019Arco di via Tommaso Salvini, Palazzo Rocca Saporiti, Casa Berri Meregalli et Villa Necchi Campiglio<\/strong>.<\/p>\n<h3>Comment arriver \u00e0 Villa Invernizzi :<\/h3>\n<p>M\u00e9tro Palestro, ligne M1 rouge, puis 200 m\u00e8tres \u00e0 pied.[\/vc_column_text]<div class=\"wpb_wrapper td_block_separator td_block_wrap vc_separator tdi_94  td_separator_solid td_separator_center\"><span style=\"border-color:juicy_pink;border-width:1px;width:100%;\"><\/span><\/div>[vc_column_text]<div class='ai-viewports ai-viewport-3 ai-insert-13-91023939' style='margin: 8px auto; text-align: center; display: block; clear: both;' data-insertion-position='prepend' data-selector='.ai-insert-13-91023939' data-insertion-no-dbg data-code='PGRpdiBjbGFzcz0nY29kZS1ibG9jayBjb2RlLWJsb2NrLTEzJyBzdHlsZT0nbWFyZ2luOiA4cHggYXV0bzsgdGV4dC1hbGlnbjogY2VudGVyOyBkaXNwbGF5OiBibG9jazsgY2xlYXI6IGJvdGg7Jz4KPHNjcmlwdCBhc3luYyB0eXBlPSd0ZXh0L2phdmFzY3JpcHQnIHNyYz0nLy9zLmNsaWNraW9jZG4uY29tL3QvMjE4MjYwLzM2MF9saWdodC5qcyc+PC9zY3JpcHQ+CjxzY3JpcHQgY2xhc3M9J19fbHhHY19fJyB0eXBlPSd0ZXh0L2phdmFzY3JpcHQnPgooKF9fbHhHY19fPXdpbmRvdy5fX2x4R2NfX3x8eydzJzp7fSwnYic6MH0pWydzJ11bJ18yMTgyNjAnXT1fX2x4R2NfX1sncyddWydfMjE4MjYwJ118fHsnYic6e319KVsnYiddWydfNzA5NDU3J109eydpJzpfX2x4R2NfXy5iKyt9Owo8L3NjcmlwdD4KCjxzY3JpcHQgYXN5bmMgdHlwZT0ndGV4dC9qYXZhc2NyaXB0JyBzcmM9Jy8vcy5jbGlja2lvY2RuLmNvbS90LzIxODI2MC8zNjBfbGlnaHQuanMnPjwvc2NyaXB0Pgo8c2NyaXB0IGNsYXNzPSdfX2x4R2NfXycgdHlwZT0ndGV4dC9qYXZhc2NyaXB0Jz4KKChfX2x4R2NfXz13aW5kb3cuX19seEdjX198fHsncyc6e30sJ2InOjB9KVsncyddWydfMjE4MjYwJ109X19seEdjX19bJ3MnXVsnXzIxODI2MCddfHx7J2InOnt9fSlbJ2InXVsnXzcwOTQ1OSddPXsnaSc6X19seEdjX18uYisrfTsKPC9zY3JpcHQ+PC9kaXY+Cg==' data-block='13'><\/div>\n<script>\n  ai_run_125893604995 = function(){ai_insert_viewport_code ('ai-insert-13-91023939');};\n  if (document.readyState === 'complete' || (document.readyState !== 'loading' && !document.documentElement.doScroll)) ai_run_125893604995 (); else document.addEventListener ('DOMContentLoaded', ai_run_125893604995);\n<\/script>\n[\/vc_column_text]<\/div><\/div><\/div><\/div><div id=\"tdi_95\" class=\"tdc-row\"><div class=\"vc_row tdi_96  wpb_row td-pb-row\" >\n<style scoped>\n\/* custom css - generated by TagDiv Composer *\/\n\n\/* custom css - generated by TagDiv Composer *\/\n.tdi_96,\r\n                .tdi_96 .tdc-columns{\r\n                    min-height: 0;\r\n                }.tdi_96,\r\n\t\t\t\t.tdi_96 .tdc-columns{\r\n\t\t\t\t    display: block;\r\n\t\t\t\t}.tdi_96 .tdc-columns{\r\n\t\t\t\t    width: 100%;\r\n\t\t\t\t}.tdi_96:before,\r\n\t\t\t\t.tdi_96:after{\r\n\t\t\t\t    display: table;\r\n\t\t\t\t}\n<\/style><div class=\"vc_column tdi_98  wpb_column vc_column_container tdc-column td-pb-span12\">\n<style scoped>\n\/* custom css - generated by TagDiv Composer *\/\n\n\/* custom css - generated by TagDiv Composer *\/\n.tdi_98{\r\n                    vertical-align: baseline;\r\n                }.tdi_98 > .wpb_wrapper,\r\n\t\t\t\t.tdi_98 > .wpb_wrapper > .tdc-elements{\r\n\t\t\t\t    display: block;\r\n\t\t\t\t}.tdi_98 > .wpb_wrapper > .tdc-elements{\r\n\t\t\t\t    width: 100%;\r\n\t\t\t\t}.tdi_98 > .wpb_wrapper > .vc_row_inner{\r\n\t\t\t\t    width: auto;\r\n\t\t\t\t}.tdi_98 > .wpb_wrapper{\r\n\t\t\t\t    width: auto;\r\n\t\t\t\t    height: auto;\r\n\t\t\t\t}\n<\/style><div class=\"wpb_wrapper\" >[vc_custom_heading text=\u00a0\u00bbQue manger \u00e0 Milan\u00a0\u00bb google_fonts=\u00a0\u00bbfont_family:Open%20Sans%3A300%2C300italic%2Cregular%2Citalic%2C600%2C600italic%2C700%2C700italic%2C800%2C800italic|font_style:600%20bold%20regular%3A600%3Anormal\u00a0\u00bb css=\u00a0\u00bb.vc_custom_1442323795596{background-position: 0 0 !important;background-repeat: no-repeat !important;}\u00a0\u00bb][vc_column_text]<span class=\"dropcap\" style=\"background-color: #c60c0c;\">16<\/span><\/p>\n<p>Comme toutes les villes italiennes, Milan poss\u00e8de elle aussi une grande tradition culinaire. Le v\u00e9ritable roi de la cuisine milanaise est le <strong>beurre<\/strong>, utilis\u00e9 dans la plupart des plats, du <strong>risotto \u00e0 la c\u00f4telette \u00e0 la milanaise, jusqu\u2019au panettone<\/strong>.<\/p>\n<figure id=\"attachment_3307\" aria-describedby=\"caption-attachment-3307\" style=\"width: 375px\" class=\"wp-caption alignleft\"><img decoding=\"async\" class=\"size-full wp-image-3307\" src=\"https:\/\/www.10cose.it\/wp-content\/uploads\/2015\/09\/cosa-mangiare-milano.jpeg\" alt=\"Que manger \u00e0 Milan\" width=\"375\" height=\"250\" srcset=\"https:\/\/www.10cose.it\/wp-content\/uploads\/2015\/09\/cosa-mangiare-milano.jpeg 375w, https:\/\/www.10cose.it\/wp-content\/uploads\/2015\/09\/cosa-mangiare-milano-300x200.jpeg 300w\" sizes=\"(max-width: 375px) 100vw, 375px\" \/><figcaption id=\"caption-attachment-3307\" class=\"wp-caption-text\">Que manger \u00e0 Milan<\/figcaption><\/figure>\n<p>Pour commencer avec les plats traditionnels, le plus connu est sans doute le <strong>risotto \u00e0 la milanaise<\/strong>, pr\u00e9par\u00e9 avec du safran. La recette traditionnelle pr\u00e9voit l\u2019utilisation de moelle de b\u0153uf, mais aujourd\u2019hui peu de gens le cuisinent encore ainsi.<\/p>\n<p>Un autre premier plat typiquement milanais est la \u00ab <em>busecca<\/em> \u00bb, d\u2019o\u00f9 vient le surnom de \u00ab busecconi \u00bb, pr\u00e9par\u00e9e avec de la <strong>tripe mijot\u00e9e.<\/strong><\/p>\n\n<p>Parmi les seconds plats, le plus connu et appr\u00e9ci\u00e9 est la <strong>c\u00f4telette \u00e0 la milanaise<\/strong>, qui, selon la tradition, est pr\u00e9par\u00e9e avec du veau, \u00e9paisse d\u2019au moins un doigt, et frite dans le beurre, m\u00eame si aujourd\u2019hui on pr\u00e9f\u00e8re souvent l\u2019huile d\u2019olive ou de graines, plus saine et moins grasse. N\u2019oublions pas l\u2019ossobuco, \u00ab \u00f2sbus a la milanesa \u00bb : <strong>tranche de jarret de veau ou de b\u0153uf mijot\u00e9e<\/strong>.<\/p>\n<p>La \u00ab <em>cassoeula<\/em> \u00bb est quant \u00e0 elle un plat tr\u00e8s riche, \u00e0 base de chou et des parties \u00ab pauvres \u00bb du porc, comme la couenne, la t\u00eate, les c\u00f4tes et les pieds. C\u00f4t\u00e9 desserts, le <strong>panettone et la colombe<\/strong> sont originaires de la capitale lombarde. Les produits laitiers font aussi partie des produits typiques de la r\u00e9gion : <strong>le stracchino, le mascarpone, le grana de Lodi et, bien s\u00fbr, le gorgonzola.<\/strong>[\/vc_column_text]<div class=\"wpb_wrapper td_block_separator td_block_wrap vc_separator tdi_100  td_separator_solid td_separator_center\"><span style=\"border-color:juicy_pink;border-width:1px;width:100%;\"><\/span><\/div>[vc_column_text]<div class='ai-viewports ai-viewport-3 ai-insert-13-46129536' style='margin: 8px auto; text-align: center; display: block; clear: both;' data-insertion-position='prepend' data-selector='.ai-insert-13-46129536' data-insertion-no-dbg data-code='PGRpdiBjbGFzcz0nY29kZS1ibG9jayBjb2RlLWJsb2NrLTEzJyBzdHlsZT0nbWFyZ2luOiA4cHggYXV0bzsgdGV4dC1hbGlnbjogY2VudGVyOyBkaXNwbGF5OiBibG9jazsgY2xlYXI6IGJvdGg7Jz4KPHNjcmlwdCBhc3luYyB0eXBlPSd0ZXh0L2phdmFzY3JpcHQnIHNyYz0nLy9zLmNsaWNraW9jZG4uY29tL3QvMjE4MjYwLzM2MF9saWdodC5qcyc+PC9zY3JpcHQ+CjxzY3JpcHQgY2xhc3M9J19fbHhHY19fJyB0eXBlPSd0ZXh0L2phdmFzY3JpcHQnPgooKF9fbHhHY19fPXdpbmRvdy5fX2x4R2NfX3x8eydzJzp7fSwnYic6MH0pWydzJ11bJ18yMTgyNjAnXT1fX2x4R2NfX1sncyddWydfMjE4MjYwJ118fHsnYic6e319KVsnYiddWydfNzA5NDU3J109eydpJzpfX2x4R2NfXy5iKyt9Owo8L3NjcmlwdD4KCjxzY3JpcHQgYXN5bmMgdHlwZT0ndGV4dC9qYXZhc2NyaXB0JyBzcmM9Jy8vcy5jbGlja2lvY2RuLmNvbS90LzIxODI2MC8zNjBfbGlnaHQuanMnPjwvc2NyaXB0Pgo8c2NyaXB0IGNsYXNzPSdfX2x4R2NfXycgdHlwZT0ndGV4dC9qYXZhc2NyaXB0Jz4KKChfX2x4R2NfXz13aW5kb3cuX19seEdjX198fHsncyc6e30sJ2InOjB9KVsncyddWydfMjE4MjYwJ109X19seEdjX19bJ3MnXVsnXzIxODI2MCddfHx7J2InOnt9fSlbJ2InXVsnXzcwOTQ1OSddPXsnaSc6X19seEdjX18uYisrfTsKPC9zY3JpcHQ+PC9kaXY+Cg==' data-block='13'><\/div>\n<script>\n  ai_run_286957632983 = function(){ai_insert_viewport_code ('ai-insert-13-46129536');};\n  if (document.readyState === 'complete' || (document.readyState !== 'loading' && !document.documentElement.doScroll)) ai_run_286957632983 (); else document.addEventListener ('DOMContentLoaded', ai_run_286957632983);\n<\/script>\n[\/vc_column_text]<\/div><\/div><\/div><\/div><div id=\"tdi_101\" class=\"tdc-row\"><div class=\"vc_row tdi_102  wpb_row td-pb-row\" >\n<style scoped>\n\/* custom css - generated by TagDiv Composer *\/\n\n\/* custom css - generated by TagDiv Composer *\/\n.tdi_102,\r\n                .tdi_102 .tdc-columns{\r\n                    min-height: 0;\r\n                }.tdi_102,\r\n\t\t\t\t.tdi_102 .tdc-columns{\r\n\t\t\t\t    display: block;\r\n\t\t\t\t}.tdi_102 .tdc-columns{\r\n\t\t\t\t    width: 100%;\r\n\t\t\t\t}.tdi_102:before,\r\n\t\t\t\t.tdi_102:after{\r\n\t\t\t\t    display: table;\r\n\t\t\t\t}\n<\/style><div class=\"vc_column tdi_104  wpb_column vc_column_container tdc-column td-pb-span12\">\n<style scoped>\n\/* custom css - generated by TagDiv Composer *\/\n\n\/* custom css - generated by TagDiv Composer *\/\n.tdi_104{\r\n                    vertical-align: baseline;\r\n                }.tdi_104 > .wpb_wrapper,\r\n\t\t\t\t.tdi_104 > .wpb_wrapper > .tdc-elements{\r\n\t\t\t\t    display: block;\r\n\t\t\t\t}.tdi_104 > .wpb_wrapper > .tdc-elements{\r\n\t\t\t\t    width: 100%;\r\n\t\t\t\t}.tdi_104 > .wpb_wrapper > .vc_row_inner{\r\n\t\t\t\t    width: auto;\r\n\t\t\t\t}.tdi_104 > .wpb_wrapper{\r\n\t\t\t\t    width: auto;\r\n\t\t\t\t    height: auto;\r\n\t\t\t\t}\n<\/style><div class=\"wpb_wrapper\" >[vc_custom_heading text=\u00a0\u00bbO\u00f9 dormir \u00e0 Milan\u00a0\u00bb google_fonts=\u00a0\u00bbfont_family:Open%20Sans%3A300%2C300italic%2Cregular%2Citalic%2C600%2C600italic%2C700%2C700italic%2C800%2C800italic\u00a0\u00bb css=\u00a0\u00bb.vc_custom_1553071539715{background-position: 0 0 !important;background-repeat: no-repeat !important;}\u00a0\u00bb][vc_column_text]Milan n\u2019est plus seulement une destination de managers et d\u2019hommes d\u2019affaires. D\u00e9j\u00e0 avant l\u2019Expo 2015, elle \u00e9tait devenue un point d\u2019arriv\u00e9e pour un tourisme culturel : la relance des Navigli, la multiplication des expositions et l\u2019ouverture de nouveaux mus\u00e9es ont attir\u00e9 un grand nombre de nouveaux visiteurs dans la ville.<\/p>\n<figure id=\"attachment_3308\" aria-describedby=\"caption-attachment-3308\" style=\"width: 375px\" class=\"wp-caption alignleft\"><img decoding=\"async\" class=\"size-full wp-image-3308\" src=\"https:\/\/www.10cose.it\/wp-content\/uploads\/2015\/09\/hotel-dove-dormire-milano.jpg\" alt=\"O\u00f9 dormir \u00e0 Milan\" width=\"375\" height=\"250\" srcset=\"https:\/\/www.10cose.it\/wp-content\/uploads\/2015\/09\/hotel-dove-dormire-milano.jpg 375w, https:\/\/www.10cose.it\/wp-content\/uploads\/2015\/09\/hotel-dove-dormire-milano-300x200.jpg 300w\" sizes=\"(max-width: 375px) 100vw, 375px\" \/><figcaption id=\"caption-attachment-3308\" class=\"wp-caption-text\">O\u00f9 dormir \u00e0 Milan<\/figcaption><\/figure>\n<p>Vu la forte affluence, Milan a d\u00fb \u00e9largir son offre d\u2019h\u00e9bergement et, aujourd\u2019hui plus qu\u2019hier, elle est pr\u00eate \u00e0 accueillir les touristes dans ses nombreux <strong>alberghi, h\u00f4tels, bed &amp; breakfast, appartements et auberges<\/strong>, r\u00e9partis dans toutes les zones de la ville.<\/p>\n<p>\u00c0 c\u00f4t\u00e9 des grandes cha\u00eenes h\u00f4teli\u00e8res luxueuses, vous trouverez aussi des h\u00f4tels plus modestes et accueillants, des chambres d\u2019h\u00f4tes confortables, des bed &amp; breakfast familiaux et m\u00eame de surprenantes maisons Liberty du d\u00e9but du XXe si\u00e8cle. Il n\u2019est pas facile de trouver une chambre \u00e0 bon prix, surtout dans le centre et lors des \u00e9v\u00e9nements internationaux.<\/p>\n<p>Les prix commencent \u00e0 80 \u20ac par nuit dans un h\u00f4tel 3 \u00e9toiles, puis augmentent. Le conseil est de r\u00e9server \u00e0 l\u2019avance. Tous les h\u00e9bergements sont parfaitement reli\u00e9s au centre de Milan gr\u00e2ce \u00e0 un syst\u00e8me de transports efficace et fonctionnel. Si vous voulez \u00e9conomiser un peu, vous pourrez donc choisir de dormir en p\u00e9riph\u00e9rie sans vous soucier des d\u00e9placements.<\/p>\n<blockquote class=\"td_quote_box td_box_center\">\n<p style=\"text-align: left;\">Si vous cherchez plut\u00f4t un h\u00f4tel, nous vous conseillons de choisir parmi ceux propos\u00e9s par <strong><a href=\"https:\/\/www.booking.com\/city\/it\/milan.it.html?aid=340168;label=milanofondo\" target=\"_blank\" rel=\"sponsored noopener noreferrer\">Booking.com<\/a>.<\/strong> Il y a environ 2000 h\u00f4tels \u00e0 Milan avec prix, photos et commentaires de voyageurs ayant s\u00e9journ\u00e9 avant vous. <a href=\"https:\/\/www.booking.com\/city\/it\/milan.it.html?aid=340168;label=milanofondo\" target=\"_blank\" rel=\"sponsored noopener noreferrer\"><strong>Aller sur Booking.com<\/strong><\/a><\/p>\n<\/blockquote>\n<p>[\/vc_column_text]<div class=\"wpb_wrapper td_block_separator td_block_wrap vc_separator tdi_106  td_separator_solid td_separator_center\"><span style=\"border-color:juicy_pink;border-width:1px;width:100%;\"><\/span><\/div><\/div><\/div><\/div><\/div><div id=\"tdi_107\" class=\"tdc-row\"><div class=\"vc_row tdi_108  wpb_row td-pb-row\" >\n<style scoped>\n\/* custom css - generated by TagDiv Composer *\/\n\n\/* custom css - generated by TagDiv Composer *\/\n.tdi_108,\r\n                .tdi_108 .tdc-columns{\r\n                    min-height: 0;\r\n                }.tdi_108,\r\n\t\t\t\t.tdi_108 .tdc-columns{\r\n\t\t\t\t    display: block;\r\n\t\t\t\t}.tdi_108 .tdc-columns{\r\n\t\t\t\t    width: 100%;\r\n\t\t\t\t}.tdi_108:before,\r\n\t\t\t\t.tdi_108:after{\r\n\t\t\t\t    display: table;\r\n\t\t\t\t}\n<\/style><div class=\"vc_column tdi_110  wpb_column vc_column_container tdc-column td-pb-span12\">\n<style scoped>\n\/* custom css - generated by TagDiv Composer *\/\n\n\/* custom css - generated by TagDiv Composer *\/\n.tdi_110{\r\n                    vertical-align: baseline;\r\n                }.tdi_110 > .wpb_wrapper,\r\n\t\t\t\t.tdi_110 > .wpb_wrapper > .tdc-elements{\r\n\t\t\t\t    display: block;\r\n\t\t\t\t}.tdi_110 > .wpb_wrapper > .tdc-elements{\r\n\t\t\t\t    width: 100%;\r\n\t\t\t\t}.tdi_110 > .wpb_wrapper > .vc_row_inner{\r\n\t\t\t\t    width: auto;\r\n\t\t\t\t}.tdi_110 > .wpb_wrapper{\r\n\t\t\t\t    width: auto;\r\n\t\t\t\t    height: auto;\r\n\t\t\t\t}\n<\/style><div class=\"wpb_wrapper\" ><div class=\"td_block_wrap td_block_image_box tdi_111 td-pb-border-top td_block_template_1\"  data-td-block-uid=\"tdi_111\" >\n<style>\n\/* custom css - generated by TagDiv Composer *\/\n.td_block_image_box .td-custom{\r\n                  position: relative;\r\n                }.td_block_image_box .td-custom a:hover:after{\r\n                  opacity: 0.6;\r\n                }.td_block_image_box .td-custom-image a{\r\n                  display: block;\r\n                  background-size: cover;\r\n                  background-position: center;\r\n                }.td_block_image_box .td-custom-image a:before{\r\n                  content: '';\r\n                  width: 100%;\r\n                  height: 100%;\r\n                  opacity: 0.4;\r\n                  position: absolute;\r\n                  top: 0;\r\n                  left: 0;\r\n                  background-color: #000;\r\n                  -webkit-transition: all 0.3s ease 0s;\r\n                  transition: all 0.3s ease 0s;\r\n                }.td_block_image_box .td-custom-image a:after{\r\n                  content: '';\r\n                  border: 1px solid #fff;\r\n                  opacity: 0.3;\r\n                  position: absolute;\r\n                  top: 0;\r\n                  left: 0;\r\n                  bottom: 0;\r\n                  right: 0;\r\n                  margin: 10px;\r\n                  -webkit-transition: all 0.3s ease 0s;\r\n                  transition: all 0.3s ease 0s;\r\n                }.td_block_image_box .td-custom-image.td-no-img-custom-url a{\r\n                  pointer-events: none;\r\n                  cursor: default;\r\n                }.td_block_image_box .td-custom-image img{\r\n                  vertical-align: top;\r\n                }.td_block_image_box .td-custom-title{\r\n                  position: absolute;\r\n                  top: 50%;\r\n                  -webkit-transform: translateY(-50%);\r\n                  transform: translateY(-50%);\r\n                  display: table;\r\n                  text-align: center;\r\n                  width: 100%;\r\n                  padding: 10px 20px;\r\n                  pointer-events: none;\r\n                }.td_block_image_box .entry-title{\r\n                  margin: 0;\r\n                  padding: 0;\r\n                  font-size: 19px;\r\n                  text-transform: uppercase;\r\n                  font-weight: 500;\r\n                }.td_block_image_box .entry-title a{\r\n                  color: #fff;\r\n                }.td_block_image_box .entry-title:after{\r\n                  display: none;\r\n                }.td_block_image_box .td-image-box-row{\r\n                  margin: 0 -20px;\r\n                  *zoom: 1;\r\n                }.td_block_image_box .td-image-box-row:before,\r\n                .td_block_image_box .td-image-box-row:after{\r\n                  display: table;\r\n                  content: '';\r\n                  line-height: 0;\r\n                }.td_block_image_box .td-image-box-row:after{\r\n                  clear: both;\r\n                }.td_block_image_box .td-image-box-span{\r\n                  padding: 0 20px;\r\n                  float: left;\r\n                }.td_block_image_box .td-big-image .td-image-box-span{\r\n                  width: 100%;\r\n                }.td_block_image_box .td-big-image .td-custom-image a{\r\n                  height: 360px;\r\n                }.td_block_image_box .td-medium-image .td-image-box-span{\r\n                  width: 50%;\r\n                }.td_block_image_box .td-medium-image .td-custom-image a{\r\n                  height: 320px;\r\n                }.td_block_image_box .td-small-image .td-image-box-span{\r\n                  width: 33.33333333%;\r\n                }.td_block_image_box .td-small-image .td-custom-image a{\r\n                  height: 220px;\r\n                }.td_block_image_box .td-tiny-image .td-image-box-span{\r\n                  width: 25%;\r\n                }.td_block_image_box .td-tiny-image .td-custom-image a{\r\n                  height: 160px;\r\n                }.td_block_image_box .td-tiny-image .td-custom-image a:after{\r\n                  margin: 8px;\r\n                }.td_block_image_box .td-tiny-image .entry-title{\r\n                  font-size: 12px;\r\n                }.td_block_image_box.td-box-vertical .td-image-box-row{\r\n                  margin-left: 0 !important;\r\n                  margin-right: 0 !important;\r\n                }.td_block_image_box.td-box-vertical .td-image-box-span{\r\n                  float: none;\r\n                  width: 100%;\r\n                  padding-left: 0 !important;\r\n                  padding-right: 0 !important;\r\n                  margin-bottom: 5px;\r\n                }.td_block_image_box.td-box-vertical .td-image-box-span a:after{\r\n                  margin: 8px;\r\n                }.td_block_image_box.td-box-vertical .td-image-box-span:last-child{\r\n                  margin-bottom: 0 !important;\r\n                }.td_block_image_box.td-box-vertical .entry-title{\r\n                  font-size: 15px;\r\n                }.td_block_image_box.td-image-box-top .td-custom-image a{\r\n                  background-position: top center;\r\n                }.td_block_image_box.td-image-box-bottom .td-custom-image a{\r\n                  background-position: bottom center;\r\n                }.td_block_image_box.td-image-box-style-2 .td-custom-image a:before,\r\n                .td_block_image_box.td-image-box-style-2 .td-custom-image a:after{\r\n                  display: none;\r\n                }.td_block_image_box.td-image-box-style-2 .entry-title{\r\n                  font-size: 15px;\r\n                }.td_block_image_box.td-image-box-style-2 .entry-title a{\r\n                  padding: 8px 16px;\r\n                  background-color: #fff;\r\n                  color: #000;\r\n                }.td_block_image_box.td-image-box-style-2 .entry-title a:empty{\r\n                  display: none;\r\n                }@media (max-width: 767px) {\r\n                  .td_block_image_box .td-custom {\r\n                    margin: 0 -20px;\r\n                  }\r\n                  .td_block_image_box .td-custom-image a {\r\n                    margin-bottom: 5px;\r\n                  }\r\n                  .td_block_image_box .td-image-box-row {\r\n                    margin: 0 -20px;\r\n                  }\r\n                  .td_block_image_box .td-image-box-span {\r\n                    width: 100% !important;\r\n                    float: none;\r\n                    padding: 0 10px;\r\n                  }\r\n                  .td_block_image_box .td-big-image .td-custom-image a,\r\n                  .td_block_image_box .td-medium-image .td-custom-image a,\r\n                  .td_block_image_box .td-small-image .td-custom-image a {\r\n                    height: 160px;\r\n                  }\r\n                  .td_block_image_box .entry-title,\r\n                  .td_block_image_box .td-tiny-image .entry-title {\r\n                    font-size: 16px;\r\n                  }\r\n                }\n<\/style><div class=\"td-block-title-wrap\"><h4 class=\"block-title td-block-title\"><span class=\"td-pulldown-size\">CELA POURRAIT AUSSI VOUS INT\u00c9RESSER :<\/span><\/h4><\/div><div class=\"td-image-box-row td-medium-image\"><div class=\"td-image-box-span\"><div class=\"td-custom\"><div class=\"td-custom-image\"><a style=\"background-image: url('https:\/\/www.10cose.it\/wp-content\/uploads\/2022\/01\/cosa-vedere-monza.jpg');\" href=\"https:\/\/www.10cose.it\/monza\/cosa-vedere-monza\"  title=\"Monza cosa vedere\"><\/a><\/div><div class=\"td-custom-title\"><h3 class=\"entry-title\"><a href=\"https:\/\/www.10cose.it\/monza\/cosa-vedere-monza\" >MONZA : 15 KM<\/a><\/h3><\/div><\/div><\/div><div class=\"td-image-box-span\"><div class=\"td-custom\"><div class=\"td-custom-image\"><a style=\"background-image: url('https:\/\/www.10cose.it\/wp-content\/uploads\/2018\/08\/cosa-vedere-bergamo.jpg');\" href=\"https:\/\/www.10cose.it\/bergamo\/cosa-vedere-bergamo\"  title=\"Cosa vedere a Bergamo | Piazza Vecchia\"><\/a><\/div><div class=\"td-custom-title\"><h3 class=\"entry-title\"><a href=\"https:\/\/www.10cose.it\/bergamo\/cosa-vedere-bergamo\" >BERGAME : 60 KM<\/a><\/h3><\/div><\/div><\/div><\/div><\/div><\/div><\/div><\/div><\/div><div id=\"tdi_112\" class=\"tdc-row\"><div class=\"vc_row tdi_113  wpb_row td-pb-row\" >\n<style scoped>\n\/* custom css - generated by TagDiv Composer *\/\n\n\/* custom css - generated by TagDiv Composer *\/\n.tdi_113,\r\n                .tdi_113 .tdc-columns{\r\n                    min-height: 0;\r\n                }.tdi_113,\r\n\t\t\t\t.tdi_113 .tdc-columns{\r\n\t\t\t\t    display: block;\r\n\t\t\t\t}.tdi_113 .tdc-columns{\r\n\t\t\t\t    width: 100%;\r\n\t\t\t\t}.tdi_113:before,\r\n\t\t\t\t.tdi_113:after{\r\n\t\t\t\t    display: table;\r\n\t\t\t\t}\n<\/style><div class=\"vc_column tdi_115  wpb_column vc_column_container tdc-column td-pb-span12\">\n<style scoped>\n\/* custom css - generated by TagDiv Composer *\/\n\n\/* custom css - generated by TagDiv Composer *\/\n.tdi_115{\r\n                    vertical-align: baseline;\r\n                }.tdi_115 > .wpb_wrapper,\r\n\t\t\t\t.tdi_115 > .wpb_wrapper > .tdc-elements{\r\n\t\t\t\t    display: block;\r\n\t\t\t\t}.tdi_115 > .wpb_wrapper > .tdc-elements{\r\n\t\t\t\t    width: 100%;\r\n\t\t\t\t}.tdi_115 > .wpb_wrapper > .vc_row_inner{\r\n\t\t\t\t    width: auto;\r\n\t\t\t\t}.tdi_115 > .wpb_wrapper{\r\n\t\t\t\t    width: auto;\r\n\t\t\t\t    height: auto;\r\n\t\t\t\t}\n<\/style><div class=\"wpb_wrapper\" ><div class=\"td_block_wrap td_block_image_box tdi_116 td-pb-border-top td_block_template_1\"  data-td-block-uid=\"tdi_116\" ><div class=\"td-block-title-wrap\"><\/div><div class=\"td-image-box-row td-medium-image\"><div class=\"td-image-box-span\"><div class=\"td-custom\"><div class=\"td-custom-image\"><a style=\"background-image: url('https:\/\/www.10cose.it\/wp-content\/uploads\/2021\/08\/pavia-cosa-vedere.jpg');\" href=\"https:\/\/www.10cose.it\/pavia\/cosa-vedere-pavia\"  title=\"Cosa vedere a Pavia\"><\/a><\/div><div class=\"td-custom-title\"><h3 class=\"entry-title\"><a href=\"https:\/\/www.10cose.it\/pavia\/cosa-vedere-pavia\" >PAVIE : 45 KM<\/a><\/h3><\/div><\/div><\/div><div class=\"td-image-box-span\"><div class=\"td-custom\"><div class=\"td-custom-image\"><a style=\"background-image: url('https:\/\/www.10cose.it\/wp-content\/uploads\/2015\/09\/lago-di-como.jpg');\" href=\"https:\/\/www.10cose.it\/lago-como\/cosa-vedere-lago-di-como\"  title=\"Lago di Como\"><\/a><\/div><div class=\"td-custom-title\"><h3 class=\"entry-title\"><a href=\"https:\/\/www.10cose.it\/lago-como\/cosa-vedere-lago-di-como\" >LAC DE C\u00d4ME : 50 KM<\/a><\/h3><\/div><\/div><\/div><\/div><\/div><\/div><\/div><\/div><\/div>\n<\/div>","protected":false},"excerpt":{"rendered":"[vc_column_text]Milan est commun\u00e9ment connue comme la capitale \u00e9conomique de l\u2019Italie, une d\u00e9finition qui semble sugg\u00e9rer qu\u2019il y circule beaucoup d\u2019argent, mais qu\u2019il y a peu de choses int\u00e9ressantes \u00e0 voir. Et pourtant, les choses \u00e0 faire et \u00e0 voir \u00e0 Milan sont nombreuses : on peut commencer par le Milan \u00ab carte postale \u00bb, celui [...]","protected":false},"author":3,"featured_media":21921,"comment_status":"closed","ping_status":"closed","sticky":false,"template":"","format":"standard","meta":{"_bos_mb_destination":["Milano"],"footnotes":""},"categories":[606,620,603],"tags":[],"class_list":{"0":"post-713","1":"post","2":"type-post","3":"status-publish","4":"format-standard","5":"has-post-thumbnail","7":"category-italia","8":"category-milan","9":"category-villes-d-art"},"yoast_head":"<!-- This site is optimized with the Yoast SEO plugin v26.8 - https:\/\/yoast.com\/product\/yoast-seo-wordpress\/ -->\n<title>Que faire et que voir \u00e0 Milan : 16 lieux incontournables<\/title>\n<meta name=\"description\" content=\"Les choses \u00e0 faire et \u00e0 voir absolument pendant des vacances ou un week-end \u00e0 Milan.\" \/>\n<meta name=\"robots\" content=\"index, follow, max-snippet:-1, max-image-preview:large, max-video-preview:-1\" \/>\n<link rel=\"canonical\" href=\"https:\/\/www.10cose.it\/fr\/milan\/que-voir-milan\" \/>\n<meta property=\"og:locale\" content=\"fr_FR\" \/>\n<meta property=\"og:type\" content=\"article\" \/>\n<meta property=\"og:title\" content=\"I fenicotteri rosa e altre 15 cose da vedere a Milano\" \/>\n<meta property=\"og:description\" content=\"Les choses \u00e0 faire et \u00e0 voir absolument pendant des vacances ou un week-end \u00e0 Milan.\" \/>\n<meta property=\"og:url\" content=\"https:\/\/www.10cose.it\/fr\/milan\/que-voir-milan\" \/>\n<meta property=\"og:site_name\" content=\"10Cose.it\" \/>\n<meta property=\"article:publisher\" content=\"https:\/\/www.facebook.com\/10cose\" \/>\n<meta property=\"article:author\" content=\"https:\/\/www.facebook.com\/alfonso.cannavacciuolo\" \/>\n<meta property=\"article:published_time\" content=\"2026-04-26T14:30:07+00:00\" \/>\n<meta property=\"article:modified_time\" content=\"2026-04-26T14:30:21+00:00\" \/>\n<meta property=\"og:image\" content=\"https:\/\/www.10cose.it\/wp-content\/uploads\/2015\/09\/milano-social-fenicotteri.jpg\" \/>\n\t<meta property=\"og:image:width\" content=\"2048\" \/>\n\t<meta property=\"og:image:height\" content=\"1365\" \/>\n\t<meta property=\"og:image:type\" content=\"image\/jpeg\" \/>\n<meta name=\"author\" content=\"Alfonso Cannavacciuolo\" \/>\n<meta name=\"twitter:card\" content=\"summary_large_image\" \/>\n<meta name=\"twitter:label1\" content=\"\u00c9crit par\" \/>\n\t<meta name=\"twitter:data1\" content=\"Alfonso Cannavacciuolo\" \/>\n\t<meta name=\"twitter:label2\" content=\"Dur\u00e9e de lecture estim\u00e9e\" \/>\n\t<meta name=\"twitter:data2\" content=\"24 minutes\" \/>\n<script type=\"application\/ld+json\" class=\"yoast-schema-graph\">{\"@context\":\"https:\/\/schema.org\",\"@graph\":[{\"@type\":\"Article\",\"@id\":\"https:\/\/www.10cose.it\/fr\/milan\/que-voir-milan#article\",\"isPartOf\":{\"@id\":\"https:\/\/www.10cose.it\/fr\/milan\/que-voir-milan\"},\"author\":{\"name\":\"Alfonso Cannavacciuolo\",\"@id\":\"https:\/\/www.10cose.it\/fr#\/schema\/person\/c80c316b467d8a1154ed7e3cbb1aa70e\"},\"headline\":\"Que faire et que voir \u00e0 Milan : 16 lieux incontournables\",\"datePublished\":\"2026-04-26T14:30:07+00:00\",\"dateModified\":\"2026-04-26T14:30:21+00:00\",\"mainEntityOfPage\":{\"@id\":\"https:\/\/www.10cose.it\/fr\/milan\/que-voir-milan\"},\"wordCount\":7793,\"image\":{\"@id\":\"https:\/\/www.10cose.it\/fr\/milan\/que-voir-milan#primaryimage\"},\"thumbnailUrl\":\"https:\/\/www.10cose.it\/wp-content\/uploads\/2015\/09\/milano.jpg\",\"articleSection\":[\"Italia\",\"Milan\",\"Villes d&#039;art\"],\"inLanguage\":\"fr-FR\"},{\"@type\":\"WebPage\",\"@id\":\"https:\/\/www.10cose.it\/fr\/milan\/que-voir-milan\",\"url\":\"https:\/\/www.10cose.it\/fr\/milan\/que-voir-milan\",\"name\":\"Que faire et que voir \u00e0 Milan : 16 lieux incontournables\",\"isPartOf\":{\"@id\":\"https:\/\/www.10cose.it\/fr#website\"},\"primaryImageOfPage\":{\"@id\":\"https:\/\/www.10cose.it\/fr\/milan\/que-voir-milan#primaryimage\"},\"image\":{\"@id\":\"https:\/\/www.10cose.it\/fr\/milan\/que-voir-milan#primaryimage\"},\"thumbnailUrl\":\"https:\/\/www.10cose.it\/wp-content\/uploads\/2015\/09\/milano.jpg\",\"datePublished\":\"2026-04-26T14:30:07+00:00\",\"dateModified\":\"2026-04-26T14:30:21+00:00\",\"author\":{\"@id\":\"https:\/\/www.10cose.it\/fr#\/schema\/person\/c80c316b467d8a1154ed7e3cbb1aa70e\"},\"description\":\"Les choses \u00e0 faire et \u00e0 voir absolument pendant des vacances ou un week-end \u00e0 Milan.\",\"breadcrumb\":{\"@id\":\"https:\/\/www.10cose.it\/fr\/milan\/que-voir-milan#breadcrumb\"},\"inLanguage\":\"fr-FR\",\"potentialAction\":[{\"@type\":\"ReadAction\",\"target\":[\"https:\/\/www.10cose.it\/fr\/milan\/que-voir-milan\"]}]},{\"@type\":\"ImageObject\",\"inLanguage\":\"fr-FR\",\"@id\":\"https:\/\/www.10cose.it\/fr\/milan\/que-voir-milan#primaryimage\",\"url\":\"https:\/\/www.10cose.it\/wp-content\/uploads\/2015\/09\/milano.jpg\",\"contentUrl\":\"https:\/\/www.10cose.it\/wp-content\/uploads\/2015\/09\/milano.jpg\",\"width\":1103,\"height\":765,\"caption\":\"Milano\"},{\"@type\":\"BreadcrumbList\",\"@id\":\"https:\/\/www.10cose.it\/fr\/milan\/que-voir-milan#breadcrumb\",\"itemListElement\":[{\"@type\":\"ListItem\",\"position\":1,\"name\":\"Home\",\"item\":\"https:\/\/www.10cose.it\/fr\"},{\"@type\":\"ListItem\",\"position\":2,\"name\":\"Que faire et que voir \u00e0 Milan : 16 lieux incontournables\"}]},{\"@type\":\"WebSite\",\"@id\":\"https:\/\/www.10cose.it\/fr#website\",\"url\":\"https:\/\/www.10cose.it\/fr\",\"name\":\"10Cose.it\",\"description\":\"La guida turistica che conta\",\"potentialAction\":[{\"@type\":\"SearchAction\",\"target\":{\"@type\":\"EntryPoint\",\"urlTemplate\":\"https:\/\/www.10cose.it\/fr?s={search_term_string}\"},\"query-input\":{\"@type\":\"PropertyValueSpecification\",\"valueRequired\":true,\"valueName\":\"search_term_string\"}}],\"inLanguage\":\"fr-FR\"},{\"@type\":\"Person\",\"@id\":\"https:\/\/www.10cose.it\/fr#\/schema\/person\/c80c316b467d8a1154ed7e3cbb1aa70e\",\"name\":\"Alfonso Cannavacciuolo\",\"image\":{\"@type\":\"ImageObject\",\"inLanguage\":\"fr-FR\",\"@id\":\"https:\/\/www.10cose.it\/fr#\/schema\/person\/image\/\",\"url\":\"https:\/\/secure.gravatar.com\/avatar\/07dd21fa5f5be64529ebba6b73d41aa689a271c3ded36579ae89cf0610610977?s=96&d=mm&r=g\",\"contentUrl\":\"https:\/\/secure.gravatar.com\/avatar\/07dd21fa5f5be64529ebba6b73d41aa689a271c3ded36579ae89cf0610610977?s=96&d=mm&r=g\",\"caption\":\"Alfonso Cannavacciuolo\"},\"description\":\"Alfonso Cannavacciuolo \u00e8 un copywriter e redattore professionista. Scrive per aziende e agenzie pubblicitarie. Insegna scrittura in master e universit\u00e0 e ha pubblicato tre manuali di scrittura con Hoepli editore. Appassionato di viaggi e fotografia, scrive guide e reportage. Ha fondato 10cose.it nel 2009. Oggi 10cose.it \u00e8 uno dei principali portali turistici italiani.\",\"sameAs\":[\"https:\/\/g.co\/kgs\/ZZghdD\",\"https:\/\/www.facebook.com\/alfonso.cannavacciuolo\",\"https:\/\/www.instagram.com\/cannavacciuo\/\",\"https:\/\/www.linkedin.com\/in\/alfonso-cannavacciuolo-a551775\/\"],\"url\":\"https:\/\/www.10cose.it\/fr\/author\/br5fcowh3nlo2ckhzx\"}]}<\/script>\n<!-- \/ Yoast SEO plugin. -->","yoast_head_json":{"title":"Que faire et que voir \u00e0 Milan : 16 lieux incontournables","description":"Les choses \u00e0 faire et \u00e0 voir absolument pendant des vacances ou un week-end \u00e0 Milan.","robots":{"index":"index","follow":"follow","max-snippet":"max-snippet:-1","max-image-preview":"max-image-preview:large","max-video-preview":"max-video-preview:-1"},"canonical":"https:\/\/www.10cose.it\/fr\/milan\/que-voir-milan","og_locale":"fr_FR","og_type":"article","og_title":"I fenicotteri rosa e altre 15 cose da vedere a Milano","og_description":"Les choses \u00e0 faire et \u00e0 voir absolument pendant des vacances ou un week-end \u00e0 Milan.","og_url":"https:\/\/www.10cose.it\/fr\/milan\/que-voir-milan","og_site_name":"10Cose.it","article_publisher":"https:\/\/www.facebook.com\/10cose","article_author":"https:\/\/www.facebook.com\/alfonso.cannavacciuolo","article_published_time":"2026-04-26T14:30:07+00:00","article_modified_time":"2026-04-26T14:30:21+00:00","og_image":[{"width":2048,"height":1365,"url":"https:\/\/www.10cose.it\/wp-content\/uploads\/2015\/09\/milano-social-fenicotteri.jpg","type":"image\/jpeg"}],"author":"Alfonso Cannavacciuolo","twitter_card":"summary_large_image","twitter_misc":{"\u00c9crit par":"Alfonso Cannavacciuolo","Dur\u00e9e de lecture estim\u00e9e":"24 minutes"},"schema":{"@context":"https:\/\/schema.org","@graph":[{"@type":"Article","@id":"https:\/\/www.10cose.it\/fr\/milan\/que-voir-milan#article","isPartOf":{"@id":"https:\/\/www.10cose.it\/fr\/milan\/que-voir-milan"},"author":{"name":"Alfonso Cannavacciuolo","@id":"https:\/\/www.10cose.it\/fr#\/schema\/person\/c80c316b467d8a1154ed7e3cbb1aa70e"},"headline":"Que faire et que voir \u00e0 Milan : 16 lieux incontournables","datePublished":"2026-04-26T14:30:07+00:00","dateModified":"2026-04-26T14:30:21+00:00","mainEntityOfPage":{"@id":"https:\/\/www.10cose.it\/fr\/milan\/que-voir-milan"},"wordCount":7793,"image":{"@id":"https:\/\/www.10cose.it\/fr\/milan\/que-voir-milan#primaryimage"},"thumbnailUrl":"https:\/\/www.10cose.it\/wp-content\/uploads\/2015\/09\/milano.jpg","articleSection":["Italia","Milan","Villes d&#039;art"],"inLanguage":"fr-FR"},{"@type":"WebPage","@id":"https:\/\/www.10cose.it\/fr\/milan\/que-voir-milan","url":"https:\/\/www.10cose.it\/fr\/milan\/que-voir-milan","name":"Que faire et que voir \u00e0 Milan : 16 lieux incontournables","isPartOf":{"@id":"https:\/\/www.10cose.it\/fr#website"},"primaryImageOfPage":{"@id":"https:\/\/www.10cose.it\/fr\/milan\/que-voir-milan#primaryimage"},"image":{"@id":"https:\/\/www.10cose.it\/fr\/milan\/que-voir-milan#primaryimage"},"thumbnailUrl":"https:\/\/www.10cose.it\/wp-content\/uploads\/2015\/09\/milano.jpg","datePublished":"2026-04-26T14:30:07+00:00","dateModified":"2026-04-26T14:30:21+00:00","author":{"@id":"https:\/\/www.10cose.it\/fr#\/schema\/person\/c80c316b467d8a1154ed7e3cbb1aa70e"},"description":"Les choses \u00e0 faire et \u00e0 voir absolument pendant des vacances ou un week-end \u00e0 Milan.","breadcrumb":{"@id":"https:\/\/www.10cose.it\/fr\/milan\/que-voir-milan#breadcrumb"},"inLanguage":"fr-FR","potentialAction":[{"@type":"ReadAction","target":["https:\/\/www.10cose.it\/fr\/milan\/que-voir-milan"]}]},{"@type":"ImageObject","inLanguage":"fr-FR","@id":"https:\/\/www.10cose.it\/fr\/milan\/que-voir-milan#primaryimage","url":"https:\/\/www.10cose.it\/wp-content\/uploads\/2015\/09\/milano.jpg","contentUrl":"https:\/\/www.10cose.it\/wp-content\/uploads\/2015\/09\/milano.jpg","width":1103,"height":765,"caption":"Milano"},{"@type":"BreadcrumbList","@id":"https:\/\/www.10cose.it\/fr\/milan\/que-voir-milan#breadcrumb","itemListElement":[{"@type":"ListItem","position":1,"name":"Home","item":"https:\/\/www.10cose.it\/fr"},{"@type":"ListItem","position":2,"name":"Que faire et que voir \u00e0 Milan : 16 lieux incontournables"}]},{"@type":"WebSite","@id":"https:\/\/www.10cose.it\/fr#website","url":"https:\/\/www.10cose.it\/fr","name":"10Cose.it","description":"La guida turistica che conta","potentialAction":[{"@type":"SearchAction","target":{"@type":"EntryPoint","urlTemplate":"https:\/\/www.10cose.it\/fr?s={search_term_string}"},"query-input":{"@type":"PropertyValueSpecification","valueRequired":true,"valueName":"search_term_string"}}],"inLanguage":"fr-FR"},{"@type":"Person","@id":"https:\/\/www.10cose.it\/fr#\/schema\/person\/c80c316b467d8a1154ed7e3cbb1aa70e","name":"Alfonso Cannavacciuolo","image":{"@type":"ImageObject","inLanguage":"fr-FR","@id":"https:\/\/www.10cose.it\/fr#\/schema\/person\/image\/","url":"https:\/\/secure.gravatar.com\/avatar\/07dd21fa5f5be64529ebba6b73d41aa689a271c3ded36579ae89cf0610610977?s=96&d=mm&r=g","contentUrl":"https:\/\/secure.gravatar.com\/avatar\/07dd21fa5f5be64529ebba6b73d41aa689a271c3ded36579ae89cf0610610977?s=96&d=mm&r=g","caption":"Alfonso Cannavacciuolo"},"description":"Alfonso Cannavacciuolo \u00e8 un copywriter e redattore professionista. Scrive per aziende e agenzie pubblicitarie. Insegna scrittura in master e universit\u00e0 e ha pubblicato tre manuali di scrittura con Hoepli editore. Appassionato di viaggi e fotografia, scrive guide e reportage. Ha fondato 10cose.it nel 2009. Oggi 10cose.it \u00e8 uno dei principali portali turistici italiani.","sameAs":["https:\/\/g.co\/kgs\/ZZghdD","https:\/\/www.facebook.com\/alfonso.cannavacciuolo","https:\/\/www.instagram.com\/cannavacciuo\/","https:\/\/www.linkedin.com\/in\/alfonso-cannavacciuolo-a551775\/"],"url":"https:\/\/www.10cose.it\/fr\/author\/br5fcowh3nlo2ckhzx"}]}},"_links":{"self":[{"href":"https:\/\/www.10cose.it\/fr\/wp-json\/wp\/v2\/posts\/713","targetHints":{"allow":["GET"]}}],"collection":[{"href":"https:\/\/www.10cose.it\/fr\/wp-json\/wp\/v2\/posts"}],"about":[{"href":"https:\/\/www.10cose.it\/fr\/wp-json\/wp\/v2\/types\/post"}],"author":[{"embeddable":true,"href":"https:\/\/www.10cose.it\/fr\/wp-json\/wp\/v2\/users\/3"}],"replies":[{"embeddable":true,"href":"https:\/\/www.10cose.it\/fr\/wp-json\/wp\/v2\/comments?post=713"}],"version-history":[{"count":50,"href":"https:\/\/www.10cose.it\/fr\/wp-json\/wp\/v2\/posts\/713\/revisions"}],"predecessor-version":[{"id":36820,"href":"https:\/\/www.10cose.it\/fr\/wp-json\/wp\/v2\/posts\/713\/revisions\/36820"}],"wp:featuredmedia":[{"embeddable":true,"href":"https:\/\/www.10cose.it\/fr\/wp-json\/wp\/v2\/media\/21921"}],"wp:attachment":[{"href":"https:\/\/www.10cose.it\/fr\/wp-json\/wp\/v2\/media?parent=713"}],"wp:term":[{"taxonomy":"category","embeddable":true,"href":"https:\/\/www.10cose.it\/fr\/wp-json\/wp\/v2\/categories?post=713"},{"taxonomy":"post_tag","embeddable":true,"href":"https:\/\/www.10cose.it\/fr\/wp-json\/wp\/v2\/tags?post=713"}],"curies":[{"name":"wp","href":"https:\/\/api.w.org\/{rel}","templated":true}]}}