{"id":1538,"date":"2019-03-12T14:15:24","date_gmt":"2019-03-12T13:15:24","guid":{"rendered":"http:\/\/www.10cose.it\/?p=1538"},"modified":"2026-04-26T07:51:36","modified_gmt":"2026-04-26T05:51:36","slug":"que-voir-rome","status":"publish","type":"post","link":"https:\/\/www.10cose.it\/fr\/rome\/que-voir-rome","title":{"rendered":"Que voir \u00e0 Rome : 20 lieux incontournables de la Ville \u00e9ternelle"},"content":{"rendered":"<div class=\"wpb-content-wrapper\"><div id=\"tdi_1\" class=\"tdc-row\"><div class=\"vc_row tdi_2  wpb_row td-pb-row\" >\n<style scoped>\n\/* custom css - generated by TagDiv Composer *\/\n\n\/* custom css - generated by TagDiv Composer *\/\n.tdi_2,\r\n                .tdi_2 .tdc-columns{\r\n                    min-height: 0;\r\n                }.tdi_2,\r\n\t\t\t\t.tdi_2 .tdc-columns{\r\n\t\t\t\t    display: block;\r\n\t\t\t\t}.tdi_2 .tdc-columns{\r\n\t\t\t\t    width: 100%;\r\n\t\t\t\t}.tdi_2:before,\r\n\t\t\t\t.tdi_2:after{\r\n\t\t\t\t    display: table;\r\n\t\t\t\t}\n<\/style><div class=\"vc_column tdi_4  wpb_column vc_column_container tdc-column td-pb-span12\">\n<style scoped>\n\/* custom css - generated by TagDiv Composer *\/\n\n\/* custom css - generated by TagDiv Composer *\/\n.tdi_4{\r\n                    vertical-align: baseline;\r\n                }.tdi_4 > .wpb_wrapper,\r\n\t\t\t\t.tdi_4 > .wpb_wrapper > .tdc-elements{\r\n\t\t\t\t    display: block;\r\n\t\t\t\t}.tdi_4 > .wpb_wrapper > .tdc-elements{\r\n\t\t\t\t    width: 100%;\r\n\t\t\t\t}.tdi_4 > .wpb_wrapper > .vc_row_inner{\r\n\t\t\t\t    width: auto;\r\n\t\t\t\t}.tdi_4 > .wpb_wrapper{\r\n\t\t\t\t    width: auto;\r\n\t\t\t\t    height: auto;\r\n\t\t\t\t}\n<\/style><div class=\"wpb_wrapper\" >[vc_column_text]Il est difficile de parler de <strong>ce qu\u2019il faut voir \u00e0 Rome <\/strong>en quelques mots, tout comme il est difficile de croire que cette merveilleuse ville soit n\u00e9e d\u2019un petit campement de bergers sur le mont Palatin et d\u2019une louve qui aurait allait\u00e9 deux enfants comme s\u2019ils \u00e9taient ses propres petits.<\/p>\n<p>C\u2019est peut-\u00eatre ce myst\u00e8re que recherchent <strong>des millions de touristes<\/strong> qui, chaque jour de l\u2019ann\u00e9e, sans rel\u00e2che, viennent \u00e0 Rome.<\/p>\n<p>Cela rend la Rome moderne moins romantique que ce \u00e0 quoi l\u2019on pourrait s\u2019attendre, avec un va-et-vient incessant de voitures, de personnes et de choses.<\/p>\n<p>Malgr\u00e9 cela, <strong>la capitale de l\u2019Italie reste une destination aussi belle que peu de villes au monde<\/strong>. Il n\u2019est pas non plus facile de r\u00e9sumer les choses \u00e0 visiter \u00e0 Rome en seulement 10 points.<\/p>\n<p>Nous vous proposons donc ici les <strong>20 choses \u00e0 voir absolument \u00e0 Rome,<\/strong> mais si vous avez un peu de temps, Rome poss\u00e8de bien d\u2019autres lieux d\u2019int\u00e9r\u00eat et choses \u00e0 ne pas manquer !<\/p>\n<blockquote class=\"td_quote_box td_box_center\">\n<p style=\"text-align: left;\">Si vous cherchez un h\u00f4tel \u00e0 Rome, nous vous conseillons de choisir parmi ceux propos\u00e9s par <strong><a href=\"https:\/\/www.booking.com\/city\/it\/rome.it.html?aid=340168;label=roma\" target=\"_blank\" rel=\"sponsored noopener noreferrer\">Booking.com<\/a>.<\/strong> Il y a environ 2000 h\u00f4tels avec prix, photos et commentaires de voyageurs ayant s\u00e9journ\u00e9 avant vous. <a href=\"https:\/\/www.booking.com\/city\/it\/rome.it.html?aid=340168;label=roma\" target=\"_blank\" rel=\"sponsored noopener noreferrer\"><strong>Aller sur Booking.com<\/strong><\/a><\/p>\n<\/blockquote>\n<p>[\/vc_column_text][vc_column_text]<div class='code-block code-block-11' style='margin: 8px auto; text-align: center; display: block; clear: both;'>\n<script async src=\"https:\/\/pagead2.googlesyndication.com\/pagead\/js\/adsbygoogle.js?client=ca-pub-6745002529729253\"\n     crossorigin=\"anonymous\"><\/script>\n<!-- Primo Paragrafo -->\n<ins class=\"adsbygoogle\"\n     style=\"display:block\"\n     data-ad-client=\"ca-pub-6745002529729253\"\n     data-ad-slot=\"6773079954\"\n     data-ad-format=\"auto\"\n     data-full-width-responsive=\"true\"><\/ins>\n<script>\n     (adsbygoogle = window.adsbygoogle || []).push({});\n<\/script><\/div>\n[\/vc_column_text]<\/div><\/div><\/div><\/div><div id=\"tdi_5\" class=\"tdc-row\"><div class=\"vc_row tdi_6  wpb_row td-pb-row\" >\n<style scoped>\n\/* custom css - generated by TagDiv Composer *\/\n\n\/* custom css - generated by TagDiv Composer *\/\n.tdi_6,\r\n                .tdi_6 .tdc-columns{\r\n                    min-height: 0;\r\n                }.tdi_6,\r\n\t\t\t\t.tdi_6 .tdc-columns{\r\n\t\t\t\t    display: block;\r\n\t\t\t\t}.tdi_6 .tdc-columns{\r\n\t\t\t\t    width: 100%;\r\n\t\t\t\t}.tdi_6:before,\r\n\t\t\t\t.tdi_6:after{\r\n\t\t\t\t    display: table;\r\n\t\t\t\t}\n<\/style><div class=\"vc_column tdi_8  wpb_column vc_column_container tdc-column td-pb-span12\">\n<style scoped>\n\/* custom css - generated by TagDiv Composer *\/\n\n\/* custom css - generated by TagDiv Composer *\/\n.tdi_8{\r\n                    vertical-align: baseline;\r\n                }.tdi_8 > .wpb_wrapper,\r\n\t\t\t\t.tdi_8 > .wpb_wrapper > .tdc-elements{\r\n\t\t\t\t    display: block;\r\n\t\t\t\t}.tdi_8 > .wpb_wrapper > .tdc-elements{\r\n\t\t\t\t    width: 100%;\r\n\t\t\t\t}.tdi_8 > .wpb_wrapper > .vc_row_inner{\r\n\t\t\t\t    width: auto;\r\n\t\t\t\t}.tdi_8 > .wpb_wrapper{\r\n\t\t\t\t    width: auto;\r\n\t\t\t\t    height: auto;\r\n\t\t\t\t}\n<\/style><div class=\"wpb_wrapper\" >[vc_custom_heading text=\u00a0\u00bbLe Colis\u00e9e \u00e0 Rome\u00a0\u00bb google_fonts=\u00a0\u00bbfont_family:Open%20Sans%3A300%2C300italic%2Cregular%2Citalic%2C600%2C600italic%2C700%2C700italic%2C800%2C800italic|font_style:600%20bold%20regular%3A600%3Anormal\u00a0\u00bb css=\u00a0\u00bb.vc_custom_1443816890733{background-position: 0 0 !important;background-repeat: no-repeat !important;}\u00a0\u00bb][vc_column_text css=\u00a0\u00bb\u00a0\u00bb]<span class=\"dropcap\" style=\"background-color: #dd3333;\">1<\/span><\/p>\n<p>S\u2019il est vrai que <strong>quand le Colis\u00e9e tombera, Rome tombera<\/strong> et avec elle le monde entier, nous esp\u00e9rons vivement que la construction tiendra encore <strong>tr\u00e8s longtemps.<\/strong><\/p>\n<p>Inaugur\u00e9 sous le nom d\u2019Amphith\u00e9\u00e2tre Flavien, il ne fut appel\u00e9 Colis\u00e9e que dans un second temps.<\/p>\n<p>Probablement \u00e0 cause de l\u2019immense statue connue sous le nom de \u00ab <em>Colosse du Dieu Soleil<\/em> \u00bb, situ\u00e9e \u00e0 proximit\u00e9, et qui avait les traits de N\u00e9ron.<\/p>\n<p>C\u2019est sans aucun doute l\u2019une des premi\u00e8res choses, sinon <strong>la toute premi\u00e8re, \u00e0 voir \u00e0 Rome<\/strong>.<\/p>\n<figure id=\"attachment_8412\" aria-describedby=\"caption-attachment-8412\" style=\"width: 1200px\" class=\"wp-caption alignleft\"><img decoding=\"async\" class=\"size-full wp-image-8412\" src=\"https:\/\/www.10cose.it\/wp-content\/uploads\/2016\/05\/colosseo-roma.jpg\" alt=\"Le Colis\u00e9e de Rome\" width=\"1200\" height=\"800\" srcset=\"https:\/\/www.10cose.it\/wp-content\/uploads\/2016\/05\/colosseo-roma.jpg 1200w, https:\/\/www.10cose.it\/wp-content\/uploads\/2016\/05\/colosseo-roma-300x200.jpg 300w, https:\/\/www.10cose.it\/wp-content\/uploads\/2016\/05\/colosseo-roma-768x512.jpg 768w, https:\/\/www.10cose.it\/wp-content\/uploads\/2016\/05\/colosseo-roma-1024x683.jpg 1024w, https:\/\/www.10cose.it\/wp-content\/uploads\/2016\/05\/colosseo-roma-696x464.jpg 696w, https:\/\/www.10cose.it\/wp-content\/uploads\/2016\/05\/colosseo-roma-1068x712.jpg 1068w, https:\/\/www.10cose.it\/wp-content\/uploads\/2016\/05\/colosseo-roma-630x420.jpg 630w\" sizes=\"(max-width: 1200px) 100vw, 1200px\" \/><figcaption id=\"caption-attachment-8412\" class=\"wp-caption-text\">Le Colis\u00e9e de Rome<\/figcaption><\/figure>\n<p>Les Romains aimaient y assister aux combats entre gladiateurs et animaux f\u00e9roces, ou encore aux simulations de batailles navales.<\/p>\n<p>La construction du Colis\u00e9e fut voulue et commenc\u00e9e par l\u2019empereur Vespasien, <strong>fondateur de la dynastie des Flaviens<\/strong>, puis poursuivie dans les ann\u00e9es suivantes.<\/p>\n<p>Titus, fils et successeur de Vespasien, ajouta deux rang\u00e9es de si\u00e8ges \u00e0 la structure voulue par son p\u00e8re et, pour c\u00e9l\u00e9brer l\u2019ouvrage en 80 apr. J.-C., organisa cent jours de jeux.<\/p>\n<p>Le Colis\u00e9e est encore aujourd\u2019hui l\u2019un des monuments les plus importants et repr\u00e9sentatifs de Rome, imposant sa pr\u00e9sence majestueuse au centre de la ville.<\/p>\n<p>Autour de l\u2019Amphith\u00e9\u00e2tre, il est facile de croiser les \u00ab Centurions \u00bb, sympathiques personnages v\u00eatus de l\u2019habit typique des combattants romains.<\/p>\n<p>Entre une plaisanterie en dialecte romain et une photographie, ils font d\u00e9sormais eux aussi partie de la tradition.<\/p>\n<p>M\u00eame sans conna\u00eetre son histoire ni son architecture, tout le monde reste fascin\u00e9 par le monument gr\u00e2ce auquel Rome est connue dans le monde entier.<\/p>\n<p>L\u2019observer le soir, avec toutes ses lumi\u00e8res allum\u00e9es, est vraiment indescriptible !<\/p>\n<h3>Horaires d\u2019ouverture et prix du billet pour le Colis\u00e9e<\/h3>\n<p><strong>Horaires d\u2019ouverture :<\/strong><\/p>\n<p><strong>du 27 mars au 31 ao\u00fbt :<\/strong> 9.00 \u2013 19:15<br \/>\n<strong>du 1er septembre au 30 septembre :<\/strong> 9.00 \u2013 19.00<br \/>\n<strong>du 1er au 30 octobre :<\/strong> 9.00 \u2013 18.30<br \/>\n<strong>du 31 octobre au 31 d\u00e9cembre :\u200b<\/strong> 9.00 \u2013 16.30<\/p>\n<p><strong>Ferm\u00e9<\/strong> : 1er janvier et 25 d\u00e9cembre<\/p>\n<p><strong>Prix du billet :<\/strong><\/p>\n<p>le plus avantageux est le billet 24H \u00e0 partir de 16 \u20ac. Il inclut le Colis\u00e9e, les Forums imp\u00e9riaux et le mont Palatin.<br \/>\nLes billets s\u2019ach\u00e8tent exclusivement en ligne sur le <a href=\"https:\/\/ecm.coopculture.it\/index.php?option=com_snapp&amp;view=products&amp;catalogid=ADAE8874-AE4B-55B9-02FB-0167A81C0247&amp;snappTemplate=template3&amp;lang=it\" target=\"_blank\" rel=\"noopener\"><strong>site de CoopCulture, concessionnaire officiel.<\/strong><\/a><\/p>\n<p><strong>Comment arriver<\/strong> : \u00e0 pied depuis Piazza Venezia<\/p>\n<p><strong>M\u00e9tro : <\/strong>Ligne B, arr\u00eat Colosseo<br \/>\n<strong>Bus : <\/strong>60 \u2013 75 \u2013 85 \u2013 87 \u2013 117 \u2013 271 \u2013 571 \u2013 175 \u2013 186 \u2013 810 \u2013 850 \u2013 C3<br \/>\n<strong>Tram : <\/strong>3[\/vc_column_text]<div class=\"wpb_wrapper td_block_separator td_block_wrap vc_separator tdi_10  td_separator_solid td_separator_center\"><span style=\"border-color:juicy_pink;border-width:1px;width:100%;\"><\/span>\n<style scoped>\n\/* custom css - generated by TagDiv Composer *\/\n\n\/* custom css - generated by TagDiv Composer *\/\n.td_block_separator{\r\n                  width: 100%;\r\n                  align-items: center;\r\n                  margin-bottom: 38px;\r\n                  padding-bottom: 10px;\r\n                }.td_block_separator span{\r\n                  position: relative;\r\n                  display: block;\r\n                  margin: 0 auto;\r\n                  width: 100%;\r\n                  height: 1px;\r\n                  border-top: 1px solid #EBEBEB;\r\n                }.td_separator_align_left span{\r\n                  margin-left: 0;\r\n                }.td_separator_align_right span{\r\n                  margin-right: 0;\r\n                }.td_separator_dashed span{\r\n                  border-top-style: dashed;\r\n                }.td_separator_dotted span{\r\n                  border-top-style: dotted;\r\n                }.td_separator_double span{\r\n                  height: 3px;\r\n                  border-bottom: 1px solid #EBEBEB;\r\n                }.td_separator_shadow > span{\r\n                  position: relative;\r\n                  height: 20px;\r\n                  overflow: hidden;\r\n                  border: 0;\r\n                  color: #EBEBEB;\r\n                }.td_separator_shadow > span > span{\r\n                  position: absolute;\r\n                  top: -30px;\r\n                  left: 0;\r\n                  right: 0;\r\n                  margin: 0 auto;\r\n                  height: 13px;\r\n                  width: 98%;\r\n                  border-radius: 100%;\r\n                }html :where([style*='border-width']){\r\n                    border-style: none;\r\n                }\n<\/style><\/div>[vc_column_text]<div class='code-block code-block-1' style='margin: 8px auto; text-align: center; display: block; clear: both;'>\n<script async type='text\/javascript' src='\/\/s.clickiocdn.com\/t\/218260\/360_light.js'><\/script>\n<script class='__lxGc__' type='text\/javascript'>\n((__lxGc__=window.__lxGc__||{'s':{},'b':0})['s']['_218260']=__lxGc__['s']['_218260']||{'b':{}})['b']['_709459']={'i':__lxGc__.b++};\n<\/script>\n\n<script async type='text\/javascript' src='\/\/s.clickiocdn.com\/t\/218260\/360_light.js'><\/script>\n<script class='__lxGc__' type='text\/javascript'>\n((__lxGc__=window.__lxGc__||{'s':{},'b':0})['s']['_218260']=__lxGc__['s']['_218260']||{'b':{}})['b']['_709457']={'i':__lxGc__.b++};\n<\/script><\/div>\n[\/vc_column_text]<\/div><\/div><\/div><\/div><div id=\"tdi_11\" class=\"tdc-row\"><div class=\"vc_row tdi_12  wpb_row td-pb-row\" >\n<style scoped>\n\/* custom css - generated by TagDiv Composer *\/\n\n\/* custom css - generated by TagDiv Composer *\/\n.tdi_12,\r\n                .tdi_12 .tdc-columns{\r\n                    min-height: 0;\r\n                }.tdi_12,\r\n\t\t\t\t.tdi_12 .tdc-columns{\r\n\t\t\t\t    display: block;\r\n\t\t\t\t}.tdi_12 .tdc-columns{\r\n\t\t\t\t    width: 100%;\r\n\t\t\t\t}.tdi_12:before,\r\n\t\t\t\t.tdi_12:after{\r\n\t\t\t\t    display: table;\r\n\t\t\t\t}\n<\/style><div class=\"vc_column tdi_14  wpb_column vc_column_container tdc-column td-pb-span12\">\n<style scoped>\n\/* custom css - generated by TagDiv Composer *\/\n\n\/* custom css - generated by TagDiv Composer *\/\n.tdi_14{\r\n                    vertical-align: baseline;\r\n                }.tdi_14 > .wpb_wrapper,\r\n\t\t\t\t.tdi_14 > .wpb_wrapper > .tdc-elements{\r\n\t\t\t\t    display: block;\r\n\t\t\t\t}.tdi_14 > .wpb_wrapper > .tdc-elements{\r\n\t\t\t\t    width: 100%;\r\n\t\t\t\t}.tdi_14 > .wpb_wrapper > .vc_row_inner{\r\n\t\t\t\t    width: auto;\r\n\t\t\t\t}.tdi_14 > .wpb_wrapper{\r\n\t\t\t\t    width: auto;\r\n\t\t\t\t    height: auto;\r\n\t\t\t\t}\n<\/style><div class=\"wpb_wrapper\" >[vc_custom_heading text=\u00a0\u00bbLes Forums imp\u00e9riaux\u00a0\u00bb google_fonts=\u00a0\u00bbfont_family:Open%20Sans%3A300%2C300italic%2Cregular%2Citalic%2C600%2C600italic%2C700%2C700italic%2C800%2C800italic|font_style:600%20bold%20regular%3A600%3Anormal\u00a0\u00bb css=\u00a0\u00bb.vc_custom_1654002037552{background-position: 0 0 !important;background-repeat: no-repeat !important;}\u00a0\u00bb][vc_column_text]<span class=\"dropcap\" style=\"background-color: #c60c0c;\">2<\/span><\/p>\n<p>Entre le Colis\u00e9e et Piazza Venezia s\u2019\u00e9tend <strong>l\u2019une des zones arch\u00e9ologiques les plus fascinantes<\/strong> \u00e0 visiter pendant des vacances \u00e0 Rome :<\/p>\n<p><strong>la vall\u00e9e du Forum<\/strong>, l\u2019espace o\u00f9 la civilisation romaine est n\u00e9e et s\u2019est d\u00e9velopp\u00e9e au fil des si\u00e8cles.<\/p>\n<figure id=\"attachment_4111\" aria-describedby=\"caption-attachment-4111\" style=\"width: 375px\" class=\"wp-caption alignleft\"><img decoding=\"async\" class=\"wp-image-4111 size-full\" src=\"https:\/\/www.10cose.it\/wp-content\/uploads\/2015\/11\/fori-imperiali-roma.jpg\" alt=\"Les Forums imp\u00e9riaux de Rome\" width=\"375\" height=\"250\" srcset=\"https:\/\/www.10cose.it\/wp-content\/uploads\/2015\/11\/fori-imperiali-roma.jpg 375w, https:\/\/www.10cose.it\/wp-content\/uploads\/2015\/11\/fori-imperiali-roma-300x200.jpg 300w\" sizes=\"(max-width: 375px) 100vw, 375px\" \/><figcaption id=\"caption-attachment-4111\" class=\"wp-caption-text\">Les Forums imp\u00e9riaux de Rome<\/figcaption><\/figure>\n<p>La construction, sur un ancien terrain mar\u00e9cageux, d\u2019\u00e9difices destin\u00e9s aux activit\u00e9s politiques, religieuses, judiciaires et commerciales consacra la naissance du <strong>Forum romain <\/strong>(VIIe si\u00e8cle av. J.-C.), centre de la vie publique de la Rome antique pendant plus d\u2019un mill\u00e9naire.<\/p>\n<p>Nombreux sont les vestiges de l\u2019\u00e9poque romaine de grande valeur, comme : la <strong>Curie, la Basilique Aemilia, les Rostres, l\u2019arc de Septime S\u00e9v\u00e8re, le Temple de Vespasien et Titus, celui d\u2019Antonin le Pieux et Faustine, la Basilique de Maxence, la Colonne de Phocas<\/strong>.<\/p>\n<p>Lorsque la population augmenta et que le Forum devint trop petit, une restructuration urbaine s\u2019imposa, ce qui conduisit \u00e0 la construction des <strong>Forums imp\u00e9riaux<\/strong>.<\/p>\n<p>C\u00e9sar fut le premier empereur \u00e0 vouloir construire un forum portant son nom et, suivant son exemple, tous les plus grands empereurs romains en firent b\u00e2tir un.<\/p>\n<h3>Les cinq Forums de Rome<\/h3>\n<p>Cinq complexes monumentaux forment les Forums imp\u00e9riaux, \u00e0 savoir :<\/p>\n<p>le <strong>Forum de C\u00e9sar<\/strong>, avec le temple de V\u00e9nus Genitrix, dont subsistent le podium et trois colonnes corinthiennes ;<\/p>\n<p>le <strong>Forum d\u2019Auguste<\/strong>, avec le temple de Mars Ultor, le Vengeur, \u00e9rig\u00e9 en l\u2019honneur de C\u00e9sar ;<\/p>\n<p>le <strong>Forum de la Paix <\/strong>, \u00e9galement connu sous le nom de Forum de Vespasien, construit pour c\u00e9l\u00e9brer la conqu\u00eate de J\u00e9rusalem ;<\/p>\n<p>le <strong>Forum de Nerva<\/strong>, \u00e9galement connu sous le nom de <em>Forum Transitorium<\/em>, car il reliait le Forum de Vespasien \u00e0 celui d\u2019Auguste.<\/p>\n<p>La derni\u00e8re place imp\u00e9riale est le <strong>Forum de Trajan<\/strong>, le plus grand des Forums, avec la <strong>Basilique Ulpia, la Colonne Trajane et les \u00ab March\u00e9s \u00bb de Trajan<\/strong>, une vaste structure \u00e0 plusieurs niveaux destin\u00e9e aux activit\u00e9s administratives et commerciales.<\/p>\n<h3>Horaires d\u2019ouverture et prix du billet pour les Forums imp\u00e9riaux<\/h3>\n<p><strong>Horaires d\u2019ouverture :<\/strong><\/p>\n<p><strong>du 27 mars au 31 ao\u00fbt :<\/strong> 9.00 \u2013 19:15<br \/>\n<strong>du 1er septembre au 30 septembre :<\/strong> 9.00 \u2013 19.00<br \/>\n<strong>du 1er au 30 octobre :<\/strong> 9.00 \u2013 18.30<br \/>\n<strong>du 31 octobre au 31 d\u00e9cembre :\u200b<\/strong> 9.00 \u2013 16.30<\/p>\n<p><strong>Ferm\u00e9<\/strong> : 1er janvier et 25 d\u00e9cembre<\/p>\n<p><strong>Prix du billet :<\/strong><\/p>\n<p>le plus avantageux est le billet 24H \u00e0 partir de 16 \u20ac. Il inclut le Colis\u00e9e, les Forums imp\u00e9riaux et le mont Palatin.<br \/>\nLes billets s\u2019ach\u00e8tent exclusivement en ligne sur le <a href=\"https:\/\/ecm.coopculture.it\/index.php?option=com_snapp&amp;view=products&amp;catalogid=ADAE8874-AE4B-55B9-02FB-0167A81C0247&amp;snappTemplate=template3&amp;lang=it\" target=\"_blank\" rel=\"noopener\"><strong>site de CoopCulture, concessionnaire officiel.<\/strong><\/a><\/p>\n<p><strong>Comment arriver<\/strong> : \u00e0 pied depuis Piazza Venezia<\/p>\n<p><strong>M\u00e9tro : <\/strong>Ligne B, arr\u00eat Colosseo<br \/>\n<strong>Bus : <\/strong>60 \u2013 75 \u2013 85 \u2013 87 \u2013 117 \u2013 271 \u2013 571 \u2013 175 \u2013 186 \u2013 810 \u2013 850 \u2013 C3<br \/>\n<strong>Tram : <\/strong>3[\/vc_column_text]<div class=\"wpb_wrapper td_block_separator td_block_wrap vc_separator tdi_16  td_separator_solid td_separator_center\"><span style=\"border-color:juicy_pink;border-width:1px;width:100%;\"><\/span><\/div>[vc_column_text]<div class='code-block code-block-2' style='margin: 8px auto; text-align: center; display: block; clear: both;'>\n<script async type='text\/javascript' src='\/\/s.clickiocdn.com\/t\/218260\/360_light.js'><\/script>\n<script class='__lxGc__' type='text\/javascript'>\n((__lxGc__=window.__lxGc__||{'s':{},'b':0})['s']['_218260']=__lxGc__['s']['_218260']||{'b':{}})['b']['_709459']={'i':__lxGc__.b++};\n<\/script>\n\n<script async type='text\/javascript' src='\/\/s.clickiocdn.com\/t\/218260\/360_light.js'><\/script>\n<script class='__lxGc__' type='text\/javascript'>\n((__lxGc__=window.__lxGc__||{'s':{},'b':0})['s']['_218260']=__lxGc__['s']['_218260']||{'b':{}})['b']['_709457']={'i':__lxGc__.b++};\n<\/script><\/div>\n[\/vc_column_text]<\/div><\/div><\/div><\/div><div id=\"tdi_17\" class=\"tdc-row\"><div class=\"vc_row tdi_18  wpb_row td-pb-row\" >\n<style scoped>\n\/* custom css - generated by TagDiv Composer *\/\n\n\/* custom css - generated by TagDiv Composer *\/\n.tdi_18,\r\n                .tdi_18 .tdc-columns{\r\n                    min-height: 0;\r\n                }.tdi_18,\r\n\t\t\t\t.tdi_18 .tdc-columns{\r\n\t\t\t\t    display: block;\r\n\t\t\t\t}.tdi_18 .tdc-columns{\r\n\t\t\t\t    width: 100%;\r\n\t\t\t\t}.tdi_18:before,\r\n\t\t\t\t.tdi_18:after{\r\n\t\t\t\t    display: table;\r\n\t\t\t\t}\n<\/style><div class=\"vc_column tdi_20  wpb_column vc_column_container tdc-column td-pb-span12\">\n<style scoped>\n\/* custom css - generated by TagDiv Composer *\/\n\n\/* custom css - generated by TagDiv Composer *\/\n.tdi_20{\r\n                    vertical-align: baseline;\r\n                }.tdi_20 > .wpb_wrapper,\r\n\t\t\t\t.tdi_20 > .wpb_wrapper > .tdc-elements{\r\n\t\t\t\t    display: block;\r\n\t\t\t\t}.tdi_20 > .wpb_wrapper > .tdc-elements{\r\n\t\t\t\t    width: 100%;\r\n\t\t\t\t}.tdi_20 > .wpb_wrapper > .vc_row_inner{\r\n\t\t\t\t    width: auto;\r\n\t\t\t\t}.tdi_20 > .wpb_wrapper{\r\n\t\t\t\t    width: auto;\r\n\t\t\t\t    height: auto;\r\n\t\t\t\t}\n<\/style><div class=\"wpb_wrapper\" >[vc_custom_heading text=\u00a0\u00bbCapitole, Mus\u00e9es capitolins et Aracoeli\u00a0\u00bb google_fonts=\u00a0\u00bbfont_family:Open%20Sans%3A300%2C300italic%2Cregular%2Citalic%2C600%2C600italic%2C700%2C700italic%2C800%2C800italic|font_style:600%20bold%20regular%3A600%3Anormal\u00a0\u00bb css=\u00a0\u00bb.vc_custom_1654002065998{background-position: 0 0 !important;background-repeat: no-repeat !important;}\u00a0\u00bb][vc_column_text]<span class=\"dropcap\" style=\"background-color: #c60c0c;\">3<\/span><\/p>\n<p>\u00c0 c\u00f4t\u00e9 de l\u2019Autel de la Patrie se trouve le Capitole, mais pour profiter de toute la beaut\u00e9 de la Piazza del Campidoglio, il faut affronter <strong>un long, raide et fatigant escalier<\/strong>, la Cordonata, dessin\u00e9 par <strong>Michel-Ange<\/strong>.<\/p>\n<p>Une fois arriv\u00e9s sur la place, vous serez accueillis par les <strong>statues des deux Dioscures, le Palazzo dei Conservatori \u00e0 droite et le Palazzo Nuovo \u00e0 gauche.<\/strong><\/p>\n<p>En face, le Palazzo Senatorio abrite les bureaux du Maire.<\/p>\n<figure id=\"attachment_4116\" aria-describedby=\"caption-attachment-4116\" style=\"width: 375px\" class=\"wp-caption alignleft\"><img decoding=\"async\" class=\"size-full wp-image-4116\" src=\"https:\/\/www.10cose.it\/wp-content\/uploads\/2015\/11\/campidoglio-roma.jpg\" alt=\"Capitole, Mus\u00e9es capitolins et Aracoeli\" width=\"375\" height=\"250\" srcset=\"https:\/\/www.10cose.it\/wp-content\/uploads\/2015\/11\/campidoglio-roma.jpg 375w, https:\/\/www.10cose.it\/wp-content\/uploads\/2015\/11\/campidoglio-roma-300x200.jpg 300w\" sizes=\"(max-width: 375px) 100vw, 375px\" \/><figcaption id=\"caption-attachment-4116\" class=\"wp-caption-text\">Capitole, Mus\u00e9es capitolins et Aracoeli<\/figcaption><\/figure>\n<p>Au centre, une <strong>copie de la statue \u00e9questre de Marc Aur\u00e8le<\/strong> veille s\u00e9v\u00e8rement sur la place.<\/p>\n<p>L\u2019original de cette \u0153uvre se trouve dans les <strong>Mus\u00e9es capitolins<\/strong>, install\u00e9s dans les deux palais jumeaux, Palazzo Nuovo et Palazzo dei Conservatori, qui offrent un parcours extraordinaire dans l\u2019histoire de Rome.<\/p>\n<p>De la <strong>Louve capitoline<\/strong> aux statues des papes, des salles d\u00e9cor\u00e9es de fresques au Saint Jean-Baptiste, il vaut la peine de consacrer quelques heures \u00e0 la visite de ces mus\u00e9es.<\/p>\n<p>Sur cette colline, <strong>l\u2019une des sept collines de Rome<\/strong>, est pass\u00e9e l\u2019histoire de la Ville \u00e9ternelle.<\/p>\n<p>La colline du Capitole est \u00e9galement connue sous le nom de <strong>Capitolino<\/strong>, d\u2019o\u00f9 d\u00e9rive le mot capitale.<\/p>\n<p>L\u2019escalier voisin de celui qui m\u00e8ne au Capitole conduit \u00e0 l\u2019\u00e9glise de <strong>Santa Maria in Aracoeli<\/strong>, tr\u00e8s aim\u00e9e du peuple romain.<\/p>\n<p>Jusqu\u2019en 1994, elle abritait la <strong>statue du Bambinello<\/strong>, consid\u00e9r\u00e9e comme miraculeuse, puis vol\u00e9e et aujourd\u2019hui remplac\u00e9e par une copie.<\/p>\n<h3>Horaires d\u2019ouverture et prix du billet pour les Mus\u00e9es capitolins<\/h3>\n<p><strong>Horaires d\u2019ouverture : <\/strong><\/p>\n<p>Tous les jours, de 9.30 \u00e0 19.30.<\/p>\n<p><strong>Prix du billet<\/strong> : 14 \u20ac<\/p>\n<p><strong>Comment arriver :<br \/>\nM\u00e9tro<\/strong> : arr\u00eat B Colosseo ou \u00e0 pied depuis le centre historique.[\/vc_column_text]<div class=\"wpb_wrapper td_block_separator td_block_wrap vc_separator tdi_22  td_separator_solid td_separator_center\"><span style=\"border-color:juicy_pink;border-width:1px;width:100%;\"><\/span><\/div>[vc_column_text]<div class='code-block code-block-3' style='margin: 8px auto; text-align: center; display: block; clear: both;'>\n<script async type='text\/javascript' src='\/\/s.clickiocdn.com\/t\/218260\/360_light.js'><\/script>\n<script class='__lxGc__' type='text\/javascript'>\n((__lxGc__=window.__lxGc__||{'s':{},'b':0})['s']['_218260']=__lxGc__['s']['_218260']||{'b':{}})['b']['_709457']={'i':__lxGc__.b++};\n<\/script>\n\n<script async type='text\/javascript' src='\/\/s.clickiocdn.com\/t\/218260\/360_light.js'><\/script>\n<script class='__lxGc__' type='text\/javascript'>\n((__lxGc__=window.__lxGc__||{'s':{},'b':0})['s']['_218260']=__lxGc__['s']['_218260']||{'b':{}})['b']['_709459']={'i':__lxGc__.b++};\n<\/script><\/div>\n[\/vc_column_text]<\/div><\/div><\/div><\/div><div id=\"tdi_23\" class=\"tdc-row\"><div class=\"vc_row tdi_24  wpb_row td-pb-row\" >\n<style scoped>\n\/* custom css - generated by TagDiv Composer *\/\n\n\/* custom css - generated by TagDiv Composer *\/\n.tdi_24,\r\n                .tdi_24 .tdc-columns{\r\n                    min-height: 0;\r\n                }.tdi_24,\r\n\t\t\t\t.tdi_24 .tdc-columns{\r\n\t\t\t\t    display: block;\r\n\t\t\t\t}.tdi_24 .tdc-columns{\r\n\t\t\t\t    width: 100%;\r\n\t\t\t\t}.tdi_24:before,\r\n\t\t\t\t.tdi_24:after{\r\n\t\t\t\t    display: table;\r\n\t\t\t\t}\n<\/style><div class=\"vc_column tdi_26  wpb_column vc_column_container tdc-column td-pb-span12\">\n<style scoped>\n\/* custom css - generated by TagDiv Composer *\/\n\n\/* custom css - generated by TagDiv Composer *\/\n.tdi_26{\r\n                    vertical-align: baseline;\r\n                }.tdi_26 > .wpb_wrapper,\r\n\t\t\t\t.tdi_26 > .wpb_wrapper > .tdc-elements{\r\n\t\t\t\t    display: block;\r\n\t\t\t\t}.tdi_26 > .wpb_wrapper > .tdc-elements{\r\n\t\t\t\t    width: 100%;\r\n\t\t\t\t}.tdi_26 > .wpb_wrapper > .vc_row_inner{\r\n\t\t\t\t    width: auto;\r\n\t\t\t\t}.tdi_26 > .wpb_wrapper{\r\n\t\t\t\t    width: auto;\r\n\t\t\t\t    height: auto;\r\n\t\t\t\t}\n<\/style><div class=\"wpb_wrapper\" >[vc_custom_heading text=\u00a0\u00bbL\u2019Autel de la Patrie\u00a0\u00bb google_fonts=\u00a0\u00bbfont_family:Open%20Sans%3A300%2C300italic%2Cregular%2Citalic%2C600%2C600italic%2C700%2C700italic%2C800%2C800italic|font_style:600%20bold%20regular%3A600%3Anormal\u00a0\u00bb css=\u00a0\u00bb.vc_custom_1654002050308{background-position: 0 0 !important;background-repeat: no-repeat !important;}\u00a0\u00bb][vc_column_text]<span class=\"dropcap\" style=\"background-color: #c60c0c;\">4<\/span><\/p>\n<p>\u00c0 quelques m\u00e8tres \u00e0 pied, ou plut\u00f4t accol\u00e9 aux Forums imp\u00e9riaux, se trouve<\/p>\n<p>l<strong>\u2019Autel de la Patrie, lieu symbolique non seulement pour Rome mais pour toute l\u2019Italie. <\/strong><\/p>\n<p><strong>Le monument, \u00e9galement connu sous le nom de Vittoriano, a \u00e9t\u00e9 \u00e9rig\u00e9 en l\u2019honneur du roi Victor-Emmanuel II, artisan de l\u2019unit\u00e9 italienne.<\/strong><\/p>\n<p>L\u2019Autel de la Patrie n\u2019est en r\u00e9alit\u00e9 qu\u2019une partie de ce complexe monumental, symbole d\u2019un \u00c9tat ainsi que d\u2019une identit\u00e9 non seulement politique, mais aussi artistique et culturelle.<\/p>\n<figure id=\"attachment_4114\" aria-describedby=\"caption-attachment-4114\" style=\"width: 375px\" class=\"wp-caption alignleft\"><img decoding=\"async\" class=\"size-full wp-image-4114\" src=\"https:\/\/www.10cose.it\/wp-content\/uploads\/2015\/11\/altare-patria-roma.jpg\" alt=\"Autel de la Patrie de Rome\" width=\"375\" height=\"250\" srcset=\"https:\/\/www.10cose.it\/wp-content\/uploads\/2015\/11\/altare-patria-roma.jpg 375w, https:\/\/www.10cose.it\/wp-content\/uploads\/2015\/11\/altare-patria-roma-300x200.jpg 300w\" sizes=\"(max-width: 375px) 100vw, 375px\" \/><figcaption id=\"caption-attachment-4114\" class=\"wp-caption-text\">Autel de la Patrie de Rome<\/figcaption><\/figure>\n<p><strong>Sa construction dans la zone du Capitole rendit n\u00e9cessaire la d\u00e9molition de quartiers m\u00e9di\u00e9vaux entiers <\/strong>et le projet fut confi\u00e9 \u00e0 l\u2019architecte Giuseppe Sacconi.<\/p>\n<p>Apr\u00e8s la fin du fascisme, p\u00e9riode pendant laquelle le Vittoriano devint uniquement le th\u00e9\u00e2tre des manifestations du r\u00e9gime, le monument retrouva son \u00e9clat comme symbole de l\u2019unit\u00e9 nationale.<\/p>\n<p><strong>Les avis esth\u00e9tiques sur l\u2019Autel de la Patrie n\u2019ont jamais \u00e9t\u00e9 unanimes<\/strong> : certains le consid\u00e8rent comme \u00ab un objet symbole du n\u00e9ant \u00bb, tandis que d\u2019autres, sans aller jusqu\u2019\u00e0 des critiques aussi violentes, le jugent tout de m\u00eame totalement d\u00e9contextualis\u00e9 par rapport aux formes, aux couleurs et aux architectures de Rome.<\/p>\n<h3>Horaires d\u2019ouverture et prix du billet pour l\u2019Autel de la Patrie<\/h3>\n<p><strong>Horaires d\u2019ouverture : <\/strong><\/p>\n<p>Tous les jours, de 9.30 \u00e0 19.30, derni\u00e8re entr\u00e9e \u00e0 18.45.<br \/>\nLa rel\u00e8ve de la garde devant la Tombe du Soldat inconnu a lieu toutes les heures.<\/p>\n<p><strong>Prix du billet<\/strong> : gratuit.<br \/>\nAscenseur pour la terrasse : 7 \u20ac<\/p>\n<p><strong>Comment arriver :<br \/>\nM\u00e9tro<\/strong> : arr\u00eat B Colosseo ou \u00e0 pied depuis le centre historique.[\/vc_column_text]<div class=\"wpb_wrapper td_block_separator td_block_wrap vc_separator tdi_28  td_separator_solid td_separator_center\"><span style=\"border-color:juicy_pink;border-width:1px;width:100%;\"><\/span><\/div>[vc_column_text]<div class='code-block code-block-4' style='margin: 8px auto; text-align: center; display: block; clear: both;'>\n<script async type='text\/javascript' src='\/\/s.clickiocdn.com\/t\/218260\/360_light.js'><\/script>\n<script class='__lxGc__' type='text\/javascript'>\n((__lxGc__=window.__lxGc__||{'s':{},'b':0})['s']['_218260']=__lxGc__['s']['_218260']||{'b':{}})['b']['_709457']={'i':__lxGc__.b++};\n<\/script>\n\n<script async type='text\/javascript' src='\/\/s.clickiocdn.com\/t\/218260\/360_light.js'><\/script>\n<script class='__lxGc__' type='text\/javascript'>\n((__lxGc__=window.__lxGc__||{'s':{},'b':0})['s']['_218260']=__lxGc__['s']['_218260']||{'b':{}})['b']['_709459']={'i':__lxGc__.b++};\n<\/script><\/div>\n[\/vc_column_text]<\/div><\/div><\/div><\/div><div id=\"tdi_29\" class=\"tdc-row\"><div class=\"vc_row tdi_30  wpb_row td-pb-row\" >\n<style scoped>\n\/* custom css - generated by TagDiv Composer *\/\n\n\/* custom css - generated by TagDiv Composer *\/\n.tdi_30,\r\n                .tdi_30 .tdc-columns{\r\n                    min-height: 0;\r\n                }.tdi_30,\r\n\t\t\t\t.tdi_30 .tdc-columns{\r\n\t\t\t\t    display: block;\r\n\t\t\t\t}.tdi_30 .tdc-columns{\r\n\t\t\t\t    width: 100%;\r\n\t\t\t\t}.tdi_30:before,\r\n\t\t\t\t.tdi_30:after{\r\n\t\t\t\t    display: table;\r\n\t\t\t\t}\n<\/style><div class=\"vc_column tdi_32  wpb_column vc_column_container tdc-column td-pb-span12\">\n<style scoped>\n\/* custom css - generated by TagDiv Composer *\/\n\n\/* custom css - generated by TagDiv Composer *\/\n.tdi_32{\r\n                    vertical-align: baseline;\r\n                }.tdi_32 > .wpb_wrapper,\r\n\t\t\t\t.tdi_32 > .wpb_wrapper > .tdc-elements{\r\n\t\t\t\t    display: block;\r\n\t\t\t\t}.tdi_32 > .wpb_wrapper > .tdc-elements{\r\n\t\t\t\t    width: 100%;\r\n\t\t\t\t}.tdi_32 > .wpb_wrapper > .vc_row_inner{\r\n\t\t\t\t    width: auto;\r\n\t\t\t\t}.tdi_32 > .wpb_wrapper{\r\n\t\t\t\t    width: auto;\r\n\t\t\t\t    height: auto;\r\n\t\t\t\t}\n<\/style><div class=\"wpb_wrapper\" >[vc_custom_heading text=\u00a0\u00bbLe Panth\u00e9on de Rome\u00a0\u00bb google_fonts=\u00a0\u00bbfont_family:Open%20Sans%3A300%2C300italic%2Cregular%2Citalic%2C600%2C600italic%2C700%2C700italic%2C800%2C800italic|font_style:600%20bold%20regular%3A600%3Anormal\u00a0\u00bb css=\u00a0\u00bb.vc_custom_1443542689183{background-position: 0 0 !important;background-repeat: no-repeat !important;}\u00a0\u00bb][vc_column_text css=\u00a0\u00bb\u00a0\u00bb]<span class=\"dropcap\" style=\"background-color: #c60c0c;\">5<\/span><\/p>\n<p>Avec sa coupole et son pronaos \u00e0 colonnes, le <strong>Panth\u00e9on est l\u2019un des monuments romains les plus c\u00e9l\u00e8bres<\/strong>.<\/p>\n<p>Selon une l\u00e9gende, il s\u2019\u00e9l\u00e8ve \u00e0 l\u2019endroit o\u00f9 Romulus, \u00e0 sa mort, aurait \u00e9t\u00e9 saisi et emport\u00e9 au ciel par un aigle.<\/p>\n<p>Temple d\u00e9di\u00e9 \u00e0 toutes les divinit\u00e9s (<em>Pan &#8211; tous, Theon &#8211; divinit\u00e9<\/em>), il fut construit par l\u2019empereur Hadrien entre 118 et 125 apr. J.-C., en remplacement d\u2019un temple pr\u00e9c\u00e9dent de Marcus Agrippa consacr\u00e9 \u00e0 Mars et \u00e0 V\u00e9nus.<\/p>\n<figure id=\"attachment_23612\" aria-describedby=\"caption-attachment-23612\" style=\"width: 900px\" class=\"wp-caption alignleft\"><img decoding=\"async\" class=\"size-full wp-image-23612\" src=\"https:\/\/www.10cose.it\/wp-content\/uploads\/2016\/05\/pantheon-roma.jpg\" alt=\"Le Panth\u00e9on de Rome\" width=\"900\" height=\"601\" srcset=\"https:\/\/www.10cose.it\/wp-content\/uploads\/2016\/05\/pantheon-roma.jpg 900w, https:\/\/www.10cose.it\/wp-content\/uploads\/2016\/05\/pantheon-roma-300x200.jpg 300w, https:\/\/www.10cose.it\/wp-content\/uploads\/2016\/05\/pantheon-roma-768x513.jpg 768w, https:\/\/www.10cose.it\/wp-content\/uploads\/2016\/05\/pantheon-roma-696x465.jpg 696w, https:\/\/www.10cose.it\/wp-content\/uploads\/2016\/05\/pantheon-roma-629x420.jpg 629w\" sizes=\"(max-width: 900px) 100vw, 900px\" \/><figcaption id=\"caption-attachment-23612\" class=\"wp-caption-text\">Le Panth\u00e9on de Rome<\/figcaption><\/figure>\n<p>En 609, le temple romain fut transform\u00e9 en basilique chr\u00e9tienne sous le nom de Santa Maria ad Martyres.<\/p>\n<p><strong>En 1870, il est devenu le sanctuaire des rois d\u2019Italie<\/strong>. \u00c0 l\u2019int\u00e9rieur se trouvent les tombes de Victor-Emmanuel II, d\u2019Umberto Ier et de Marguerite de Savoie, ainsi que celle du grand Rapha\u00ebl Sanzio.<\/p>\n<p>Ce qui caract\u00e9rise plus que tout l\u2019\u00e9difice est <strong>sa grande coupole h\u00e9misph\u00e9rique de 43,3 m de diam\u00e8tre<\/strong>, \u00e9gale \u00e0 la hauteur depuis le sol, au sommet de laquelle se trouve la grande et unique ouverture de 9 m, <em>l\u2019oculus<\/em>, l\u2019\u0153il.<\/p>\n<p>La lumi\u00e8re provient de ce trou, mais lorsqu\u2019il pleut, l\u2019eau entre \u00e9galement. Elle s\u2019\u00e9coule toutefois rapidement gr\u00e2ce aux orifices centraux et lat\u00e9raux du sol, qui emp\u00eachent la formation de flaques.<\/p>\n<p>Il n\u2019est donc <strong>pas vrai que la pluie n\u2019entre pas dans le Panth\u00e9on.<\/strong><\/p>\n<p>En revanche, il est vrai que lorsqu\u2019il pleut, l\u2019ouverture cr\u00e9e un \u00ab <em>effet chemin\u00e9e<\/em> \u00bb, c\u2019est-\u00e0-dire un courant d\u2019air ascendant qui entra\u00eene la fragmentation des gouttes d\u2019eau.<\/p>\n<p>Ainsi, m\u00eame lorsque la pluie est battante \u00e0 l\u2019ext\u00e9rieur, on a l\u2019impression qu\u2019il pleut moins \u00e0 l\u2019int\u00e9rieur.<\/p>\n<h3>Horaires d\u2019ouverture et prix du billet pour le Panth\u00e9on de Rome<\/h3>\n<p><strong>Horaires d\u2019ouverture : <\/strong><\/p>\n<p>La Basilique est ouverte tous les jours de 9.00 \u00e0 19.00, derni\u00e8re entr\u00e9e \u00e0 18.30.<\/p>\n<p><strong>Ferm\u00e9<\/strong> : 1er janvier, 15 ao\u00fbt et 25 d\u00e9cembre.<\/p>\n<p><strong>Prix du billet<\/strong> : gratuit.<\/p>\n<p><strong>Comment arriver : <\/strong>Piazza della Rotonda, en plein centre historique.<\/p>\n<p><strong>M\u00e9tro<\/strong> : arr\u00eat Barberini, ligne A.<br \/>\n<strong>Bus<\/strong> : 30, 40, 62, 64, 81, 87 et 492, arr\u00eat Largo di Torre Argentina.[\/vc_column_text]<div class=\"wpb_wrapper td_block_separator td_block_wrap vc_separator tdi_34  td_separator_solid td_separator_center\"><span style=\"border-color:juicy_pink;border-width:1px;width:100%;\"><\/span><\/div>[vc_column_text]<div class='code-block code-block-5' style='margin: 8px auto; text-align: center; display: block; clear: both;'>\n<script async type='text\/javascript' src='\/\/s.clickiocdn.com\/t\/218260\/360_light.js'><\/script>\n<script class='__lxGc__' type='text\/javascript'>\n((__lxGc__=window.__lxGc__||{'s':{},'b':0})['s']['_218260']=__lxGc__['s']['_218260']||{'b':{}})['b']['_709457']={'i':__lxGc__.b++};\n<\/script>\n\n<script async type='text\/javascript' src='\/\/s.clickiocdn.com\/t\/218260\/360_light.js'><\/script>\n<script class='__lxGc__' type='text\/javascript'>\n((__lxGc__=window.__lxGc__||{'s':{},'b':0})['s']['_218260']=__lxGc__['s']['_218260']||{'b':{}})['b']['_709459']={'i':__lxGc__.b++};\n<\/script><\/div>\n[\/vc_column_text]<\/div><\/div><\/div><\/div><div id=\"tdi_35\" class=\"tdc-row\"><div class=\"vc_row tdi_36  wpb_row td-pb-row\" >\n<style scoped>\n\/* custom css - generated by TagDiv Composer *\/\n\n\/* custom css - generated by TagDiv Composer *\/\n.tdi_36,\r\n                .tdi_36 .tdc-columns{\r\n                    min-height: 0;\r\n                }.tdi_36,\r\n\t\t\t\t.tdi_36 .tdc-columns{\r\n\t\t\t\t    display: block;\r\n\t\t\t\t}.tdi_36 .tdc-columns{\r\n\t\t\t\t    width: 100%;\r\n\t\t\t\t}.tdi_36:before,\r\n\t\t\t\t.tdi_36:after{\r\n\t\t\t\t    display: table;\r\n\t\t\t\t}\n<\/style><div class=\"vc_column tdi_38  wpb_column vc_column_container tdc-column td-pb-span12\">\n<style scoped>\n\/* custom css - generated by TagDiv Composer *\/\n\n\/* custom css - generated by TagDiv Composer *\/\n.tdi_38{\r\n                    vertical-align: baseline;\r\n                }.tdi_38 > .wpb_wrapper,\r\n\t\t\t\t.tdi_38 > .wpb_wrapper > .tdc-elements{\r\n\t\t\t\t    display: block;\r\n\t\t\t\t}.tdi_38 > .wpb_wrapper > .tdc-elements{\r\n\t\t\t\t    width: 100%;\r\n\t\t\t\t}.tdi_38 > .wpb_wrapper > .vc_row_inner{\r\n\t\t\t\t    width: auto;\r\n\t\t\t\t}.tdi_38 > .wpb_wrapper{\r\n\t\t\t\t    width: auto;\r\n\t\t\t\t    height: auto;\r\n\t\t\t\t}\n<\/style><div class=\"wpb_wrapper\" >[vc_custom_heading text=\u00a0\u00bbFontaine de Trevi \u00e0 Rome\u00a0\u00bb google_fonts=\u00a0\u00bbfont_family:Open%20Sans%3A300%2C300italic%2Cregular%2Citalic%2C600%2C600italic%2C700%2C700italic%2C800%2C800italic|font_style:600%20bold%20regular%3A600%3Anormal\u00a0\u00bb css=\u00a0\u00bb.vc_custom_1443543106654{background-position: 0 0 !important;background-repeat: no-repeat !important;}\u00a0\u00bb][vc_column_text css=\u00a0\u00bb\u00a0\u00bb]<span class=\"dropcap\" style=\"background-color: #c60c0c;\">6<\/span><\/p>\n<p>Si vous \u00eates \u00e0 Rome et que vous souhaitez y revenir, n\u2019h\u00e9sitez pas \u00e0 lancer une petite pi\u00e8ce dans la c\u00e9l\u00e8bre <strong>Fontaine de Trevi<\/strong> pour que votre v\u0153u se r\u00e9alise.<\/p>\n<p>Con\u00e7ue par l\u2019architecte Nicol\u00f2 Salvi, la Fontaine re\u00e7oit les eaux de l\u2019aqueduc de l\u2019Acqua Virgo depuis l\u2019\u00e9poque d\u2019Auguste.<\/p>\n<figure id=\"attachment_8400\" aria-describedby=\"caption-attachment-8400\" style=\"width: 1948px\" class=\"wp-caption alignleft\"><img decoding=\"async\" class=\"size-full wp-image-8400\" src=\"https:\/\/www.10cose.it\/wp-content\/uploads\/2016\/05\/fontana-trevi-roma.jpg\" alt=\"La Fontaine de Trevi \u00e0 Rome\" width=\"1948\" height=\"1439\" srcset=\"https:\/\/www.10cose.it\/wp-content\/uploads\/2016\/05\/fontana-trevi-roma.jpg 1948w, https:\/\/www.10cose.it\/wp-content\/uploads\/2016\/05\/fontana-trevi-roma-300x222.jpg 300w, https:\/\/www.10cose.it\/wp-content\/uploads\/2016\/05\/fontana-trevi-roma-768x567.jpg 768w, https:\/\/www.10cose.it\/wp-content\/uploads\/2016\/05\/fontana-trevi-roma-1024x756.jpg 1024w, https:\/\/www.10cose.it\/wp-content\/uploads\/2016\/05\/fontana-trevi-roma-80x60.jpg 80w, https:\/\/www.10cose.it\/wp-content\/uploads\/2016\/05\/fontana-trevi-roma-696x514.jpg 696w, https:\/\/www.10cose.it\/wp-content\/uploads\/2016\/05\/fontana-trevi-roma-1068x789.jpg 1068w, https:\/\/www.10cose.it\/wp-content\/uploads\/2016\/05\/fontana-trevi-roma-569x420.jpg 569w\" sizes=\"(max-width: 1948px) 100vw, 1948px\" \/><figcaption id=\"caption-attachment-8400\" class=\"wp-caption-text\">La Fontaine de Trevi \u00e0 Rome anshar \/ Shutterstock.com<\/figcaption><\/figure>\n<p><strong>Le th\u00e8me central de l\u2019\u0153uvre est la mer, et le baroque y rencontre le classicisme<\/strong>, dans une parfaite harmonie.<\/p>\n<p>La Fontaine de Trevi a \u00e9t\u00e9 d\u00e9cor de cin\u00e9ma, th\u00e9\u00e2tre de manifestations et sc\u00e8ne de grandes f\u00eates.<\/p>\n<p>Soyons clairs : seule Anita Ekberg, dans \u00ab <em>La dolce vita<\/em> \u00bb, peut se permettre de se baigner dans la fontaine.<\/p>\n<p>Si vous essayez, vous aurez affaire aux forces de l\u2019ordre qui, nous vous le garantissons, ne le prendront pas tr\u00e8s bien.<\/p>\n<p>La beaut\u00e9 de la construction laisse vraiment sans souffle par son ampleur, et peu remarquent un d\u00e9tail qui, dit-on, fut r\u00e9alis\u00e9 simplement par vengeance.<\/p>\n<p>\u00c0 droite de la Fontaine de Trevi se trouve un vase en travertin, appel\u00e9 \u00ab <em>As de coupe<\/em> \u00bb, qui selon la l\u00e9gende fut plac\u00e9 l\u00e0 par Salvi pour masquer la vue depuis la boutique d\u2019un <strong>barbier qui critiquait continuellement le travail de l\u2019architecte.<\/strong><\/p>\n<h3>Comment arriver \u00e0 la Fontaine de Trevi<\/h3>\n<p>Avec la ligne A du m\u00e9tro, arr\u00eats Spagna ou Barberini, puis quelques minutes \u00e0 pied.[\/vc_column_text]<div class=\"wpb_wrapper td_block_separator td_block_wrap vc_separator tdi_40  td_separator_solid td_separator_center\"><span style=\"border-color:juicy_pink;border-width:1px;width:100%;\"><\/span><\/div>[vc_column_text]<div class='code-block code-block-6' style='margin: 8px auto; text-align: center; display: block; clear: both;'>\n<script async type='text\/javascript' src='\/\/s.clickiocdn.com\/t\/218260\/360_light.js'><\/script>\n<script class='__lxGc__' type='text\/javascript'>\n((__lxGc__=window.__lxGc__||{'s':{},'b':0})['s']['_218260']=__lxGc__['s']['_218260']||{'b':{}})['b']['_709457']={'i':__lxGc__.b++};\n<\/script>\n\n<script async type='text\/javascript' src='\/\/s.clickiocdn.com\/t\/218260\/360_light.js'><\/script>\n<script class='__lxGc__' type='text\/javascript'>\n((__lxGc__=window.__lxGc__||{'s':{},'b':0})['s']['_218260']=__lxGc__['s']['_218260']||{'b':{}})['b']['_709459']={'i':__lxGc__.b++};\n<\/script><\/div>\n[\/vc_column_text]<\/div><\/div><\/div><\/div><div id=\"tdi_41\" class=\"tdc-row\"><div class=\"vc_row tdi_42  wpb_row td-pb-row\" >\n<style scoped>\n\/* custom css - generated by TagDiv Composer *\/\n\n\/* custom css - generated by TagDiv Composer *\/\n.tdi_42,\r\n                .tdi_42 .tdc-columns{\r\n                    min-height: 0;\r\n                }.tdi_42,\r\n\t\t\t\t.tdi_42 .tdc-columns{\r\n\t\t\t\t    display: block;\r\n\t\t\t\t}.tdi_42 .tdc-columns{\r\n\t\t\t\t    width: 100%;\r\n\t\t\t\t}.tdi_42:before,\r\n\t\t\t\t.tdi_42:after{\r\n\t\t\t\t    display: table;\r\n\t\t\t\t}\n<\/style><div class=\"vc_column tdi_44  wpb_column vc_column_container tdc-column td-pb-span12\">\n<style scoped>\n\/* custom css - generated by TagDiv Composer *\/\n\n\/* custom css - generated by TagDiv Composer *\/\n.tdi_44{\r\n                    vertical-align: baseline;\r\n                }.tdi_44 > .wpb_wrapper,\r\n\t\t\t\t.tdi_44 > .wpb_wrapper > .tdc-elements{\r\n\t\t\t\t    display: block;\r\n\t\t\t\t}.tdi_44 > .wpb_wrapper > .tdc-elements{\r\n\t\t\t\t    width: 100%;\r\n\t\t\t\t}.tdi_44 > .wpb_wrapper > .vc_row_inner{\r\n\t\t\t\t    width: auto;\r\n\t\t\t\t}.tdi_44 > .wpb_wrapper{\r\n\t\t\t\t    width: auto;\r\n\t\t\t\t    height: auto;\r\n\t\t\t\t}\n<\/style><div class=\"wpb_wrapper\" >[vc_custom_heading text=\u00a0\u00bbPiazza Navona \u00e0 Rome\u00a0\u00bb google_fonts=\u00a0\u00bbfont_family:Open%20Sans%3A300%2C300italic%2Cregular%2Citalic%2C600%2C600italic%2C700%2C700italic%2C800%2C800italic|font_style:600%20bold%20regular%3A600%3Anormal\u00a0\u00bb css=\u00a0\u00bb.vc_custom_1443543275414{background-position: 0 0 !important;background-repeat: no-repeat !important;}\u00a0\u00bb][vc_column_text css=\u00a0\u00bb\u00a0\u00bb]<span class=\"dropcap\" style=\"background-color: #c60c0c;\">7<\/span><\/p>\n<p>C\u2019est l\u2019une des <strong>places les plus ch\u00e8res aux Romains et aux touristes<\/strong>, l\u2019endroit id\u00e9al pour s\u2019attarder confortablement assis \u00e0 la terrasse d\u2019un caf\u00e9, au milieu de sculptures et d\u2019architectures baroques.<\/p>\n<figure id=\"attachment_8431\" aria-describedby=\"caption-attachment-8431\" style=\"width: 1687px\" class=\"wp-caption alignleft\"><img decoding=\"async\" class=\"size-full wp-image-8431\" src=\"https:\/\/www.10cose.it\/wp-content\/uploads\/2016\/05\/piazza-navona-roma.jpg\" alt=\"Piazza Navona \u00e0 Rome\" width=\"1687\" height=\"1170\" srcset=\"https:\/\/www.10cose.it\/wp-content\/uploads\/2016\/05\/piazza-navona-roma.jpg 1687w, https:\/\/www.10cose.it\/wp-content\/uploads\/2016\/05\/piazza-navona-roma-300x208.jpg 300w, https:\/\/www.10cose.it\/wp-content\/uploads\/2016\/05\/piazza-navona-roma-768x533.jpg 768w, https:\/\/www.10cose.it\/wp-content\/uploads\/2016\/05\/piazza-navona-roma-1024x710.jpg 1024w, https:\/\/www.10cose.it\/wp-content\/uploads\/2016\/05\/piazza-navona-roma-100x70.jpg 100w, https:\/\/www.10cose.it\/wp-content\/uploads\/2016\/05\/piazza-navona-roma-218x150.jpg 218w, https:\/\/www.10cose.it\/wp-content\/uploads\/2016\/05\/piazza-navona-roma-696x483.jpg 696w, https:\/\/www.10cose.it\/wp-content\/uploads\/2016\/05\/piazza-navona-roma-1068x741.jpg 1068w, https:\/\/www.10cose.it\/wp-content\/uploads\/2016\/05\/piazza-navona-roma-606x420.jpg 606w\" sizes=\"(max-width: 1687px) 100vw, 1687px\" \/><figcaption id=\"caption-attachment-8431\" class=\"wp-caption-text\">Piazza Navona \u00e0 Rome<\/figcaption><\/figure>\n<p><strong>Piazza Navona se trouve \u00e0 l\u2019emplacement de l\u2019ancien stade de Domitien<\/strong>, d\u2019o\u00f9 sa forme ovale, voulu par l\u2019empereur pour accueillir les comp\u00e9titions d\u2019athl\u00e9tisme, les agones.<\/p>\n<p>Jusqu\u2019au XIXe si\u00e8cle, des spectacles ludiques et sportifs furent organis\u00e9s sur la place.<\/p>\n<p>Au mois d\u2019ao\u00fbt, la place \u00e9tait inond\u00e9e en fermant les \u00e9vacuations des fontaines, afin d\u2019offrir un peu de fra\u00eecheur aux Romains.<\/p>\n<p>L\u2019attraction principale de Piazza Navona est la <strong>Fontaine des Quatre Fleuves<\/strong>, \u0153uvre de Gian Lorenzo Bernini, r\u00e9alis\u00e9e en 1651.<\/p>\n<p>Les fleuves sont le Gange, le Danube, le R\u00edo de la Plata et le Nil, repr\u00e9sent\u00e9s par quatre g\u00e9ants dispos\u00e9s sur une roche pyramidale d\u2019o\u00f9 s\u2019\u00e9l\u00e8ve un ob\u00e9lisque romain.<\/p>\n<p>Face \u00e0 la magnifique fontaine se dresse l\u2019<strong>\u00e9glise Sant\u2019Agnese in Agone<\/strong>, \u00e0 la fa\u00e7ade concave, con\u00e7ue par Borromini pour mettre en valeur la coupole.<\/p>\n<p>Deux autres fontaines embellissent la place : la Fontaine de Neptune ou des Calderari, \u00e0 l\u2019extr\u00e9mit\u00e9 nord, et la <strong>Fontaine du Maure, face au Palazzo Pamphilj<\/strong>, au sud de la place, dessin\u00e9es par Giacomo della Porta.<\/p>\n<p>Anim\u00e9e le jour par les touristes et la nuit par les jeunes qui viennent y passer leurs soir\u00e9es, <strong>c\u2019est un spectacle \u00e0 ne pas manquer<\/strong>.<\/p>\n<p><strong>Surtout pendant la p\u00e9riode de No\u00ebl<\/strong>, lorsqu\u2019elle se remplit de stands caract\u00e9ristiques, et dans la nuit du 5 au 6 janvier \u00e0 l\u2019occasion de la f\u00eate de la Befana.<\/p>\n<h3>Comment arriver \u00e0 Piazza Navona<\/h3>\n<p>\u00c0 pied dans le centre de Rome.<br \/>\n<strong>Bus<\/strong> : 64, 46, 70, 81, 116, 186 et 492.[\/vc_column_text]<div class=\"wpb_wrapper td_block_separator td_block_wrap vc_separator tdi_46  td_separator_solid td_separator_center\"><span style=\"border-color:juicy_pink;border-width:1px;width:100%;\"><\/span><\/div>[vc_column_text]<div class='code-block code-block-7' style='margin: 8px auto; text-align: center; display: block; clear: both;'>\n<script async type='text\/javascript' src='\/\/s.clickiocdn.com\/t\/218260\/360_light.js'><\/script>\n<script class='__lxGc__' type='text\/javascript'>\n((__lxGc__=window.__lxGc__||{'s':{},'b':0})['s']['_218260']=__lxGc__['s']['_218260']||{'b':{}})['b']['_709457']={'i':__lxGc__.b++};\n<\/script>\n\n<script async type='text\/javascript' src='\/\/s.clickiocdn.com\/t\/218260\/360_light.js'><\/script>\n<script class='__lxGc__' type='text\/javascript'>\n((__lxGc__=window.__lxGc__||{'s':{},'b':0})['s']['_218260']=__lxGc__['s']['_218260']||{'b':{}})['b']['_709459']={'i':__lxGc__.b++};\n<\/script><\/div>\n[\/vc_column_text]<\/div><\/div><\/div><\/div><div id=\"tdi_47\" class=\"tdc-row\"><div class=\"vc_row tdi_48  wpb_row td-pb-row\" >\n<style scoped>\n\/* custom css - generated by TagDiv Composer *\/\n\n\/* custom css - generated by TagDiv Composer *\/\n.tdi_48,\r\n                .tdi_48 .tdc-columns{\r\n                    min-height: 0;\r\n                }.tdi_48,\r\n\t\t\t\t.tdi_48 .tdc-columns{\r\n\t\t\t\t    display: block;\r\n\t\t\t\t}.tdi_48 .tdc-columns{\r\n\t\t\t\t    width: 100%;\r\n\t\t\t\t}.tdi_48:before,\r\n\t\t\t\t.tdi_48:after{\r\n\t\t\t\t    display: table;\r\n\t\t\t\t}\n<\/style><div class=\"vc_column tdi_50  wpb_column vc_column_container tdc-column td-pb-span12\">\n<style scoped>\n\/* custom css - generated by TagDiv Composer *\/\n\n\/* custom css - generated by TagDiv Composer *\/\n.tdi_50{\r\n                    vertical-align: baseline;\r\n                }.tdi_50 > .wpb_wrapper,\r\n\t\t\t\t.tdi_50 > .wpb_wrapper > .tdc-elements{\r\n\t\t\t\t    display: block;\r\n\t\t\t\t}.tdi_50 > .wpb_wrapper > .tdc-elements{\r\n\t\t\t\t    width: 100%;\r\n\t\t\t\t}.tdi_50 > .wpb_wrapper > .vc_row_inner{\r\n\t\t\t\t    width: auto;\r\n\t\t\t\t}.tdi_50 > .wpb_wrapper{\r\n\t\t\t\t    width: auto;\r\n\t\t\t\t    height: auto;\r\n\t\t\t\t}\n<\/style><div class=\"wpb_wrapper\" >[vc_custom_heading text=\u00a0\u00bbLes Mus\u00e9es du Vatican et la Chapelle Sixtine\u00a0\u00bb google_fonts=\u00a0\u00bbfont_family:Open%20Sans%3A300%2C300italic%2Cregular%2Citalic%2C600%2C600italic%2C700%2C700italic%2C800%2C800italic|font_style:600%20bold%20regular%3A600%3Anormal\u00a0\u00bb css=\u00a0\u00bb.vc_custom_1654029089845{background-position: 0 0 !important;background-repeat: no-repeat !important;}\u00a0\u00bb][vc_column_text css=\u00a0\u00bb\u00a0\u00bb]<span class=\"dropcap\" style=\"background-color: #c60c0c;\">8<\/span><\/p>\n<p>N\u00e9s du m\u00e9c\u00e9nat des papes qui, pendant des si\u00e8cles, collectionn\u00e8rent et command\u00e8rent des \u0153uvres extraordinaires, les <strong>Mus\u00e9es du Vatican sont consid\u00e9r\u00e9s parmi les plus beaux ensembles mus\u00e9aux du monde.<\/strong><\/p>\n<p>Ils comptent 13 mus\u00e9es, tous diff\u00e9rents les uns des autres, et poss\u00e8dent l\u2019une des plus belles collections d\u2019art de la plan\u00e8te.<\/p>\n<figure id=\"attachment_9297\" aria-describedby=\"caption-attachment-9297\" style=\"width: 1500px\" class=\"wp-caption alignleft\"><img decoding=\"async\" class=\"size-full wp-image-9297\" src=\"https:\/\/www.10cose.it\/wp-content\/uploads\/2016\/05\/musei-vaticani-roma.jpg\" alt=\"Le grand escalier des Mus\u00e9es du Vatican\" width=\"1500\" height=\"1000\" srcset=\"https:\/\/www.10cose.it\/wp-content\/uploads\/2016\/05\/musei-vaticani-roma.jpg 1500w, https:\/\/www.10cose.it\/wp-content\/uploads\/2016\/05\/musei-vaticani-roma-300x200.jpg 300w, https:\/\/www.10cose.it\/wp-content\/uploads\/2016\/05\/musei-vaticani-roma-768x512.jpg 768w, https:\/\/www.10cose.it\/wp-content\/uploads\/2016\/05\/musei-vaticani-roma-1024x683.jpg 1024w, https:\/\/www.10cose.it\/wp-content\/uploads\/2016\/05\/musei-vaticani-roma-696x464.jpg 696w, https:\/\/www.10cose.it\/wp-content\/uploads\/2016\/05\/musei-vaticani-roma-1068x712.jpg 1068w, https:\/\/www.10cose.it\/wp-content\/uploads\/2016\/05\/musei-vaticani-roma-630x420.jpg 630w\" sizes=\"(max-width: 1500px) 100vw, 1500px\" \/><figcaption id=\"caption-attachment-9297\" class=\"wp-caption-text\">Le grand escalier des Mus\u00e9es du Vatican<\/figcaption><\/figure>\n<p>Les plus grands tr\u00e9sors mus\u00e9aux sont constitu\u00e9s de tr\u00e8s pr\u00e9cieuses \u0153uvres de l\u2019Antiquit\u00e9 grecque et romaine, comme le Laocoon, l\u2019Apoxyom\u00e8ne ou l\u2019Apollon du Belv\u00e9d\u00e8re, ainsi que de riches collections d\u2019art \u00e9gyptien, avec des momies, et \u00e9trusque, comme le Mars de Todi.<\/p>\n<p>La Pinacoth\u00e8que conserve une petite mais pr\u00e9cieuse collection de peintures allant du XIIe au XIXe si\u00e8cle, avec des \u0153uvres de <strong>Rapha\u00ebl, Caravage et L\u00e9onard de Vinci<\/strong>.<\/p>\n<p>Les Mus\u00e9es comprennent \u00e9galement plusieurs salles magnifiquement d\u00e9cor\u00e9es de fresques, comme :<\/p>\n<p><strong>l\u2019Appartement Borgia, d\u00e9cor\u00e9 par Pinturicchio <\/strong>vers 1490 ;<\/p>\n<p><strong>les Chambres de Rapha\u00ebl<\/strong>, les quatre salles utilis\u00e9es par le pape Jules II comme r\u00e9sidence personnelle et d\u00e9cor\u00e9es par <strong>Rapha\u00ebl<\/strong> ;<\/p>\n<p>la c\u00e9l\u00e8bre <strong>Chapelle Sixtine <\/strong>, du nom de son fondateur, le pape Sixte IV, que l\u2019extraordinaire g\u00e9nie de <strong>Michel-Ange<\/strong> a transform\u00e9e en l\u2019un des tr\u00e9sors artistiques les plus c\u00e9l\u00e9br\u00e9s au monde, destination quotidienne de 20 000 visiteurs.<\/p>\n<p>Les fresques de la Cr\u00e9ation, sur la vo\u00fbte, et du <strong>Jugement dernier <\/strong>, sur le mur de l\u2019autel, sont consid\u00e9r\u00e9es parmi les plus grands et les plus intenses chefs-d\u2019\u0153uvre picturaux de l\u2019histoire de l\u2019art.<\/p>\n<p>Face \u00e0 tant de beaut\u00e9, comment ne pas \u00eatre d\u2019accord ?!<\/p>\n<h3>Horaires d\u2019ouverture et prix du billet pour les Mus\u00e9es du Vatican<\/h3>\n<p><strong>Horaires d\u2019ouverture : <\/strong><\/p>\n<p>Du lundi au samedi : de 9 h \u00e0 18 h.<\/p>\n<p><strong>Ferm\u00e9<\/strong> : tous les dimanches, sauf le dernier du mois.<\/p>\n<p>1er et 6 janvier<br \/>\n11 f\u00e9vrier<br \/>\n19 mars<br \/>\n18 avril<br \/>\n29 juin<br \/>\n15 ao\u00fbt<br \/>\n1er novembre<br \/>\n8 et 26 d\u00e9cembre<\/p>\n<p><strong>Prix du billet<\/strong> :<\/p>\n<p>17,00 \u20ac sans r\u00e9servation en ligne<br \/>\n17,00 \u20ac + 4 \u20ac avec r\u00e9servation sur le <a href=\"https:\/\/tickets.museivaticani.va\/home\" target=\"_blank\" rel=\"noopener\"><strong>site officiel des Mus\u00e9es du Vatican<\/strong> <\/a>, option \u00ab coupe-file \u00bb incluse.<\/p>\n<p><strong>Comment arriver : <\/strong>Cit\u00e9 du Vatican<\/p>\n<p><strong>M\u00e9tro<\/strong> : Ligne A, arr\u00eats Ottaviano &#8211; San Pietro ; Cipro, tous deux \u00e0 10 minutes \u00e0 pied<br \/>\n<strong>Bus<\/strong> : 49, 32, 81, 982, 492, 990 ; Tram 19.[\/vc_column_text]<div class=\"wpb_wrapper td_block_separator td_block_wrap vc_separator tdi_52  td_separator_solid td_separator_center\"><span style=\"border-color:juicy_pink;border-width:1px;width:100%;\"><\/span><\/div>[vc_column_text]<div class='code-block code-block-8' style='margin: 8px auto; text-align: center; display: block; clear: both;'>\n<script async type='text\/javascript' src='\/\/s.clickiocdn.com\/t\/218260\/360_light.js'><\/script>\n<script class='__lxGc__' type='text\/javascript'>\n((__lxGc__=window.__lxGc__||{'s':{},'b':0})['s']['_218260']=__lxGc__['s']['_218260']||{'b':{}})['b']['_709457']={'i':__lxGc__.b++};\n<\/script>\n\n<script async type='text\/javascript' src='\/\/s.clickiocdn.com\/t\/218260\/360_light.js'><\/script>\n<script class='__lxGc__' type='text\/javascript'>\n((__lxGc__=window.__lxGc__||{'s':{},'b':0})['s']['_218260']=__lxGc__['s']['_218260']||{'b':{}})['b']['_709459']={'i':__lxGc__.b++};\n<\/script><\/div>\n[\/vc_column_text]<\/div><\/div><\/div><\/div><div id=\"tdi_53\" class=\"tdc-row\"><div class=\"vc_row tdi_54  wpb_row td-pb-row\" >\n<style scoped>\n\/* custom css - generated by TagDiv Composer *\/\n\n\/* custom css - generated by TagDiv Composer *\/\n.tdi_54,\r\n                .tdi_54 .tdc-columns{\r\n                    min-height: 0;\r\n                }.tdi_54,\r\n\t\t\t\t.tdi_54 .tdc-columns{\r\n\t\t\t\t    display: block;\r\n\t\t\t\t}.tdi_54 .tdc-columns{\r\n\t\t\t\t    width: 100%;\r\n\t\t\t\t}.tdi_54:before,\r\n\t\t\t\t.tdi_54:after{\r\n\t\t\t\t    display: table;\r\n\t\t\t\t}\n<\/style><div class=\"vc_column tdi_56  wpb_column vc_column_container tdc-column td-pb-span12\">\n<style scoped>\n\/* custom css - generated by TagDiv Composer *\/\n\n\/* custom css - generated by TagDiv Composer *\/\n.tdi_56{\r\n                    vertical-align: baseline;\r\n                }.tdi_56 > .wpb_wrapper,\r\n\t\t\t\t.tdi_56 > .wpb_wrapper > .tdc-elements{\r\n\t\t\t\t    display: block;\r\n\t\t\t\t}.tdi_56 > .wpb_wrapper > .tdc-elements{\r\n\t\t\t\t    width: 100%;\r\n\t\t\t\t}.tdi_56 > .wpb_wrapper > .vc_row_inner{\r\n\t\t\t\t    width: auto;\r\n\t\t\t\t}.tdi_56 > .wpb_wrapper{\r\n\t\t\t\t    width: auto;\r\n\t\t\t\t    height: auto;\r\n\t\t\t\t}\n<\/style><div class=\"wpb_wrapper\" >[vc_custom_heading text=\u00a0\u00bbLa Basilique Saint-Pierre \u00e0 Rome\u00a0\u00bb google_fonts=\u00a0\u00bbfont_family:Open%20Sans%3A300%2C300italic%2Cregular%2Citalic%2C600%2C600italic%2C700%2C700italic%2C800%2C800italic|font_style:600%20bold%20regular%3A600%3Anormal\u00a0\u00bb css=\u00a0\u00bb.vc_custom_1443543884790{background-position: 0 0 !important;background-repeat: no-repeat !important;}\u00a0\u00bb][vc_column_text]<span class=\"dropcap\" style=\"background-color: #c60c0c;\">9<\/span><\/p>\n<p>Avec sa coupole sign\u00e9e Michel-Ange et sa fa\u00e7ade monumentale, <strong>la Basilique Saint-Pierre domine le spectaculaire portique \u00e0 colonnade de la place Saint-Pierre<\/strong>, chef-d\u2019\u0153uvre architectural du <strong>Bernin<\/strong>.<\/p>\n<figure id=\"attachment_1734\" aria-describedby=\"caption-attachment-1734\" style=\"width: 375px\" class=\"wp-caption alignleft\"><img decoding=\"async\" class=\"size-full wp-image-1734\" src=\"https:\/\/www.10cose.it\/wp-content\/uploads\/2015\/09\/san-pietro-roma.jpg\" alt=\"La Basilique Saint-Pierre \u00e0 Rome\" width=\"375\" height=\"250\" srcset=\"https:\/\/www.10cose.it\/wp-content\/uploads\/2015\/09\/san-pietro-roma.jpg 375w, https:\/\/www.10cose.it\/wp-content\/uploads\/2015\/09\/san-pietro-roma-300x200.jpg 300w\" sizes=\"(max-width: 375px) 100vw, 375px\" \/><figcaption id=\"caption-attachment-1734\" class=\"wp-caption-text\">La Basilique Saint-Pierre \u00e0 Rome<\/figcaption><\/figure>\n<p>C\u0153ur de l\u2019\u00c9glise catholique, la Basilique s\u2019\u00e9l\u00e8ve l\u00e0 o\u00f9 <strong>en 324 Constantin fit construire un sanctuaire en l\u2019honneur du Premier Ap\u00f4tre<\/strong>, qui fut crucifi\u00e9 et enterr\u00e9 pr\u00e9cis\u00e9ment en ce lieu.<\/p>\n<p>En 1506, le pape Jules II chargea <strong>Donato Bramante<\/strong> de concevoir la construction de ce qui allait devenir la plus grande \u00e9glise du monde, avec 22 000 m\u00b2 de superficie.<\/p>\n<p><strong>Bramante, Michel-Ange, Giacomo della Porta<\/strong> ne furent que quelques-uns des architectes qui se succ\u00e9d\u00e8rent dans la \u00ab fabrique de Saint-Pierre \u00bb pendant plus de cent ans, n\u00e9cessaires \u00e0 l\u2019ach\u00e8vement de cette \u0153uvre grandiose.<\/p>\n<p><strong>Les plus grands artistes de la Renaissance romaine<\/strong> et du baroque y ont laiss\u00e9 des chefs-d\u2019\u0153uvre d\u2019une beaut\u00e9 extraordinaire.<\/p>\n<p>Il suffit de penser \u00e0 la merveilleuse <strong>Piet\u00e0 de Michel-Ange, \u00e0 la Chaire de saint Pierre, au monument d\u2019Urbain VIII et au somptueux Baldaquin du Bernin<\/strong>.<\/p>\n<p>Un lieu incontournable, donc, pour les p\u00e8lerins et visiteurs du monde entier.<\/p>\n<h3>Horaires d\u2019ouverture et prix du billet pour Saint-Pierre<\/h3>\n<p><strong>Horaires d\u2019ouverture : <\/strong><\/p>\n<p><strong>Basilique<\/strong> : tous les jours, du 1er octobre au 31 mars : de 7.00 \u00e0 18.30 ; du 1er avril au 30 septembre : de 7.00 \u00e0 19.00.<\/p>\n<p><strong>Tombes des Papes<\/strong> : la r\u00e9servation s\u2019effectue par demande \u00e9crite en envoyant un message \u00e0 scavi@fsp.va, ou par fax au +39 06 69873017, ou directement au Bureau des Fouilles, entr\u00e9e \u00e0 gauche de la colonnade du Bernin.<br \/>\n<strong>Coupole<\/strong> : 7.30 \u2013 17.00.<\/p>\n<p><strong>Prix du billet<\/strong> :<\/p>\n<p style=\"font-weight: 400;\"><strong>Coupole<\/strong> :<\/p>\n<p style=\"font-weight: 400;\">Ascenseur jusqu\u2019au niveau de la terrasse puis mont\u00e9e \u00e0 pied, 320 marches : <strong>billet 10,00 \u20ac<\/strong><\/p>\n<p style=\"font-weight: 400;\">Mont\u00e9e \u00e0 pied, 551 marches : <strong>billet 8,00 \u20ac<\/strong><\/p>\n<p><strong>Comment arriver : <\/strong>Cit\u00e9 du Vatican<\/p>\n<p><strong>M\u00e9tro<\/strong> : Ligne A, arr\u00eats Ottaviano &#8211; San Pietro.<br \/>\n<strong>Bus<\/strong> : 49, 32, 81, 982, 492, 990 ; Tram 19.[\/vc_column_text]<div class=\"wpb_wrapper td_block_separator td_block_wrap vc_separator tdi_58  td_separator_solid td_separator_center\"><span style=\"border-color:juicy_pink;border-width:1px;width:100%;\"><\/span><\/div>[vc_column_text]<div class='code-block code-block-9' style='margin: 8px auto; text-align: center; display: block; clear: both;'>\n<script async type='text\/javascript' src='\/\/s.clickiocdn.com\/t\/218260\/360_light.js'><\/script>\n<script class='__lxGc__' type='text\/javascript'>\n((__lxGc__=window.__lxGc__||{'s':{},'b':0})['s']['_218260']=__lxGc__['s']['_218260']||{'b':{}})['b']['_709457']={'i':__lxGc__.b++};\n<\/script>\n\n<script async type='text\/javascript' src='\/\/s.clickiocdn.com\/t\/218260\/360_light.js'><\/script>\n<script class='__lxGc__' type='text\/javascript'>\n((__lxGc__=window.__lxGc__||{'s':{},'b':0})['s']['_218260']=__lxGc__['s']['_218260']||{'b':{}})['b']['_709459']={'i':__lxGc__.b++};\n<\/script><\/div>\n[\/vc_column_text]<\/div><\/div><\/div><\/div><div id=\"tdi_59\" class=\"tdc-row\"><div class=\"vc_row tdi_60  wpb_row td-pb-row\" >\n<style scoped>\n\/* custom css - generated by TagDiv Composer *\/\n\n\/* custom css - generated by TagDiv Composer *\/\n.tdi_60,\r\n                .tdi_60 .tdc-columns{\r\n                    min-height: 0;\r\n                }.tdi_60,\r\n\t\t\t\t.tdi_60 .tdc-columns{\r\n\t\t\t\t    display: block;\r\n\t\t\t\t}.tdi_60 .tdc-columns{\r\n\t\t\t\t    width: 100%;\r\n\t\t\t\t}.tdi_60:before,\r\n\t\t\t\t.tdi_60:after{\r\n\t\t\t\t    display: table;\r\n\t\t\t\t}\n<\/style><div class=\"vc_column tdi_62  wpb_column vc_column_container tdc-column td-pb-span12\">\n<style scoped>\n\/* custom css - generated by TagDiv Composer *\/\n\n\/* custom css - generated by TagDiv Composer *\/\n.tdi_62{\r\n                    vertical-align: baseline;\r\n                }.tdi_62 > .wpb_wrapper,\r\n\t\t\t\t.tdi_62 > .wpb_wrapper > .tdc-elements{\r\n\t\t\t\t    display: block;\r\n\t\t\t\t}.tdi_62 > .wpb_wrapper > .tdc-elements{\r\n\t\t\t\t    width: 100%;\r\n\t\t\t\t}.tdi_62 > .wpb_wrapper > .vc_row_inner{\r\n\t\t\t\t    width: auto;\r\n\t\t\t\t}.tdi_62 > .wpb_wrapper{\r\n\t\t\t\t    width: auto;\r\n\t\t\t\t    height: auto;\r\n\t\t\t\t}\n<\/style><div class=\"wpb_wrapper\" >[vc_custom_heading text=\u00a0\u00bbVilla et Galerie Borgh\u00e8se \u00e0 Rome\u00a0\u00bb google_fonts=\u00a0\u00bbfont_family:Open%20Sans%3A300%2C300italic%2Cregular%2Citalic%2C600%2C600italic%2C700%2C700italic%2C800%2C800italic|font_style:600%20bold%20regular%3A600%3Anormal\u00a0\u00bb css=\u00a0\u00bb.vc_custom_1443561200765{background-position: 0 0 !important;background-repeat: no-repeat !important;}\u00a0\u00bb][vc_column_text css=\u00a0\u00bb\u00a0\u00bb]<span class=\"dropcap\" style=\"background-color: #c60c0c;\">10<\/span><\/p>\n<p><strong>Le parc de la Villa Borgh\u00e8se est le \u00ab c\u0153ur \u00bb vert de Rome.<\/strong><\/p>\n<p>Con\u00e7u en 1605 pour l\u2019h\u00e9doniste cardinal Scipione Borghese, neveu pr\u00e9f\u00e9r\u00e9 du pape Paul V, remani\u00e9 au fil des si\u00e8cles par ses successeurs et achet\u00e9 par l\u2019\u00c9tat au d\u00e9but du XXe si\u00e8cle, ce grand parc public est encore aujourd\u2019hui un authentique jardin des d\u00e9lices.<\/p>\n<p>Le parc renferme, dans ses 6 km de circonf\u00e9rence, des statues n\u00e9oclassiques, des constructions exotiques, <strong>un lac artificiel, une voli\u00e8re, de nombreuses fontaines, des jardins et bosquets, un man\u00e8ge, un zoo<\/strong>, le Bioparco, un <strong>amphith\u00e9\u00e2tre<\/strong>, Piazza di Siena, et plusieurs mus\u00e9es.<\/p>\n<figure id=\"attachment_9280\" aria-describedby=\"caption-attachment-9280\" style=\"width: 1024px\" class=\"wp-caption alignleft\"><img decoding=\"async\" class=\"size-full wp-image-9280\" src=\"https:\/\/www.10cose.it\/wp-content\/uploads\/2016\/05\/galleria-borghese-roma.jpg\" alt=\"La Galerie Borgh\u00e8se \u00e0 Rome\" width=\"1024\" height=\"782\" srcset=\"https:\/\/www.10cose.it\/wp-content\/uploads\/2016\/05\/galleria-borghese-roma.jpg 1024w, https:\/\/www.10cose.it\/wp-content\/uploads\/2016\/05\/galleria-borghese-roma-300x229.jpg 300w, https:\/\/www.10cose.it\/wp-content\/uploads\/2016\/05\/galleria-borghese-roma-768x587.jpg 768w, https:\/\/www.10cose.it\/wp-content\/uploads\/2016\/05\/galleria-borghese-roma-80x60.jpg 80w, https:\/\/www.10cose.it\/wp-content\/uploads\/2016\/05\/galleria-borghese-roma-696x532.jpg 696w, https:\/\/www.10cose.it\/wp-content\/uploads\/2016\/05\/galleria-borghese-roma-550x420.jpg 550w\" sizes=\"(max-width: 1024px) 100vw, 1024px\" \/><figcaption id=\"caption-attachment-9280\" class=\"wp-caption-text\">La Galerie Borgh\u00e8se \u00e0 Rome<\/figcaption><\/figure>\n<p>Le plus c\u00e9l\u00e8bre est le <strong>Mus\u00e9e et Galerie Borgh\u00e8se<\/strong>, l\u2019un des plus importants mus\u00e9es d\u2019art de la ville, install\u00e9 dans la villa du XVIIe si\u00e8cle du m\u00eame nom, connue sous le nom de Casino Borghese.<\/p>\n<p>Con\u00e7ue pour conserver la magnifique collection priv\u00e9e Borgh\u00e8se, elle fut constitu\u00e9e initialement par Scipione, \u00e0 qui l\u2019on doit le noyau le plus important de la collection.<\/p>\n<p>La villa est divis\u00e9e en deux sections :<\/p>\n<p>la collection de sculptures, au rez-de-chauss\u00e9e, o\u00f9 l\u2019on peut admirer plusieurs chefs-d\u2019\u0153uvre du <strong>Bernin<\/strong>, comme le \u00ab Rapt de Proserpine \u00bb et \u00ab Apollon et Daphn\u00e9 \u00bb, ainsi que la c\u00e9l\u00e8bre Pauline Borgh\u00e8se repr\u00e9sent\u00e9e par <strong>Canova<\/strong> ;<\/p>\n<p>et la pinacoth\u00e8que, au premier \u00e9tage, qui comprend des \u0153uvres de grands ma\u00eetres de la peinture comme <strong>Titien, Rapha\u00ebl, Caravage, Rubens<\/strong>.<\/p>\n<h3>Horaires d\u2019ouverture et prix du billet pour la Galerie Borgh\u00e8se<\/h3>\n<p><strong>Horaires d\u2019ouverture : <\/strong><\/p>\n<p><b><strong>Villa Borgh\u00e8se (Parc)<\/strong><br \/>\n<\/b>Le parc est ouvert tous les jours de l\u2019aube au coucher du soleil.<br \/>\n<b><br \/>\nGalerie<br \/>\n<\/b>Du mardi au dimanche. De 9.00 \u00e0 19.00<b><br \/>\n<\/b>Derni\u00e8re entr\u00e9e \u00e0 17.45.<\/p>\n<p><strong>Prix du billet<\/strong> : 13 \u20ac<\/p>\n<p>Le premier dimanche du mois, l\u2019entr\u00e9e est gratuite.<\/p>\n<p><strong>Comment arriver :<\/strong><\/p>\n<p>Le parc compte 9 entr\u00e9es, parmi lesquelles se distinguent Porta Pinciana, Trinit\u00e0 dei Monti, Piazza del Popolo et Piazzale Flaminio.<\/p>\n<p><strong>M\u00e9tro<\/strong> : Ligne A, arr\u00eat Spagna, suivre les indications pour Villa Borgh\u00e8se \u2013 Via Veneto<br \/>\n<strong>Bus :<\/strong> 5, 19, 52, 53, 63, 86, 88, 92, 95, 116, 204, 217, 231, 360,490, 491, 495, 630, 910, 926.[\/vc_column_text]<div class=\"wpb_wrapper td_block_separator td_block_wrap vc_separator tdi_64  td_separator_solid td_separator_center\"><span style=\"border-color:juicy_pink;border-width:1px;width:100%;\"><\/span><\/div>[vc_column_text]<div class='code-block code-block-10' style='margin: 8px auto; text-align: center; display: block; clear: both;'>\n<script async type='text\/javascript' src='\/\/s.clickiocdn.com\/t\/218260\/360_light.js'><\/script>\n<script class='__lxGc__' type='text\/javascript'>\n((__lxGc__=window.__lxGc__||{'s':{},'b':0})['s']['_218260']=__lxGc__['s']['_218260']||{'b':{}})['b']['_709457']={'i':__lxGc__.b++};\n<\/script>\n\n<script async type='text\/javascript' src='\/\/s.clickiocdn.com\/t\/218260\/360_light.js'><\/script>\n<script class='__lxGc__' type='text\/javascript'>\n((__lxGc__=window.__lxGc__||{'s':{},'b':0})['s']['_218260']=__lxGc__['s']['_218260']||{'b':{}})['b']['_709459']={'i':__lxGc__.b++};\n<\/script><\/div>\n[\/vc_column_text]<\/div><\/div><\/div><\/div><div id=\"tdi_65\" class=\"tdc-row\"><div class=\"vc_row tdi_66  wpb_row td-pb-row\" >\n<style scoped>\n\/* custom css - generated by TagDiv Composer *\/\n\n\/* custom css - generated by TagDiv Composer *\/\n.tdi_66,\r\n                .tdi_66 .tdc-columns{\r\n                    min-height: 0;\r\n                }.tdi_66,\r\n\t\t\t\t.tdi_66 .tdc-columns{\r\n\t\t\t\t    display: block;\r\n\t\t\t\t}.tdi_66 .tdc-columns{\r\n\t\t\t\t    width: 100%;\r\n\t\t\t\t}.tdi_66:before,\r\n\t\t\t\t.tdi_66:after{\r\n\t\t\t\t    display: table;\r\n\t\t\t\t}\n<\/style><div class=\"vc_column tdi_68  wpb_column vc_column_container tdc-column td-pb-span12\">\n<style scoped>\n\/* custom css - generated by TagDiv Composer *\/\n\n\/* custom css - generated by TagDiv Composer *\/\n.tdi_68{\r\n                    vertical-align: baseline;\r\n                }.tdi_68 > .wpb_wrapper,\r\n\t\t\t\t.tdi_68 > .wpb_wrapper > .tdc-elements{\r\n\t\t\t\t    display: block;\r\n\t\t\t\t}.tdi_68 > .wpb_wrapper > .tdc-elements{\r\n\t\t\t\t    width: 100%;\r\n\t\t\t\t}.tdi_68 > .wpb_wrapper > .vc_row_inner{\r\n\t\t\t\t    width: auto;\r\n\t\t\t\t}.tdi_68 > .wpb_wrapper{\r\n\t\t\t\t    width: auto;\r\n\t\t\t\t    height: auto;\r\n\t\t\t\t}\n<\/style><div class=\"wpb_wrapper\" >[vc_custom_heading text=\u00a0\u00bbPiazza di Spagna \u00e0 Rome\u00a0\u00bb google_fonts=\u00a0\u00bbfont_family:Open%20Sans%3A300%2C300italic%2Cregular%2Citalic%2C600%2C600italic%2C700%2C700italic%2C800%2C800italic|font_style:600%20bold%20regular%3A600%3Anormal\u00a0\u00bb css=\u00a0\u00bb.vc_custom_1443561690968{background-position: 0 0 !important;background-repeat: no-repeat !important;}\u00a0\u00bb][vc_column_text]<span class=\"dropcap\" style=\"background-color: #c60c0c;\">11<\/span><\/p>\n<p>On ne peut pas aller \u00e0 Rome sans voir <strong>Piazza di Spagna et son escalier de la Trinit\u00e9-des-Monts<\/strong>, qui avec ses 135 marches semble grimper vers le ciel.<\/p>\n<p>Merveilleux d\u00e9cor pour les d\u00e9fil\u00e9s de haute couture et c\u00e9l\u00e8bre protagoniste de nombreux films, Piazza di Spagna est connue et aim\u00e9e dans le monde entier.<\/p>\n<figure id=\"attachment_1724\" aria-describedby=\"caption-attachment-1724\" style=\"width: 375px\" class=\"wp-caption alignleft\"><img decoding=\"async\" class=\"size-full wp-image-1724\" src=\"https:\/\/www.10cose.it\/wp-content\/uploads\/2015\/10\/piazza-spagna-roma.jpg\" alt=\"Piazza di Spagna \u00e0 Rome\" width=\"375\" height=\"250\" srcset=\"https:\/\/www.10cose.it\/wp-content\/uploads\/2015\/10\/piazza-spagna-roma.jpg 375w, https:\/\/www.10cose.it\/wp-content\/uploads\/2015\/10\/piazza-spagna-roma-300x200.jpg 300w\" sizes=\"(max-width: 375px) 100vw, 375px\" \/><figcaption id=\"caption-attachment-1724\" class=\"wp-caption-text\">Piazza di Spagna \u00e0 Rome<\/figcaption><\/figure>\n<p>De nombreux personnages historiques sont pass\u00e9s par ici, comme <strong>Giuseppe Balsamo, dit Cagliostro<\/strong>, c\u00e9l\u00e8bre alchimiste et \u00e9sot\u00e9riste, qui logeait dans l\u2019une des auberges voisines de la place.<\/p>\n<p>On raconte que son arrestation eut lieu pr\u00e9cis\u00e9ment sur la place et que le fant\u00f4me de son \u00e9pouse errerait encore dans cette zone, car ce fut elle qui d\u00e9non\u00e7a son mari au Saint-Office, la congr\u00e9gation de la sainte Inquisition romaine et universelle.<\/p>\n<p>Aujourd\u2019hui, l\u2019atmosph\u00e8re est plus rassurante, avec des milliers de touristes assis sur les marches, m\u00eame si ce n\u2019est pas autoris\u00e9, ou autour de la \u00ab <strong>Barcaccia<\/strong> \u00bb, la fontaine pas vraiment magnifique qui se trouve au centre de la place, id\u00e9ale pour se rafra\u00eechir en \u00e9t\u00e9.<\/p>\n<h3>Comment arriver \u00e0 Piazza di Spagna :<\/h3>\n<p><strong>M\u00e9tro<\/strong> : Ligne A, arr\u00eat Spagna[\/vc_column_text]<div class=\"wpb_wrapper td_block_separator td_block_wrap vc_separator tdi_70  td_separator_solid td_separator_center\"><span style=\"border-color:juicy_pink;border-width:1px;width:100%;\"><\/span><\/div>[vc_column_text]<div class='ai-viewports ai-viewport-3 ai-insert-13-82295028' style='margin: 8px auto; text-align: center; display: block; clear: both;' data-insertion-position='prepend' data-selector='.ai-insert-13-82295028' data-insertion-no-dbg data-code='PGRpdiBjbGFzcz0nY29kZS1ibG9jayBjb2RlLWJsb2NrLTEzJyBzdHlsZT0nbWFyZ2luOiA4cHggYXV0bzsgdGV4dC1hbGlnbjogY2VudGVyOyBkaXNwbGF5OiBibG9jazsgY2xlYXI6IGJvdGg7Jz4KPHNjcmlwdCBhc3luYyB0eXBlPSd0ZXh0L2phdmFzY3JpcHQnIHNyYz0nLy9zLmNsaWNraW9jZG4uY29tL3QvMjE4MjYwLzM2MF9saWdodC5qcyc+PC9zY3JpcHQ+CjxzY3JpcHQgY2xhc3M9J19fbHhHY19fJyB0eXBlPSd0ZXh0L2phdmFzY3JpcHQnPgooKF9fbHhHY19fPXdpbmRvdy5fX2x4R2NfX3x8eydzJzp7fSwnYic6MH0pWydzJ11bJ18yMTgyNjAnXT1fX2x4R2NfX1sncyddWydfMjE4MjYwJ118fHsnYic6e319KVsnYiddWydfNzA5NDU3J109eydpJzpfX2x4R2NfXy5iKyt9Owo8L3NjcmlwdD4KCjxzY3JpcHQgYXN5bmMgdHlwZT0ndGV4dC9qYXZhc2NyaXB0JyBzcmM9Jy8vcy5jbGlja2lvY2RuLmNvbS90LzIxODI2MC8zNjBfbGlnaHQuanMnPjwvc2NyaXB0Pgo8c2NyaXB0IGNsYXNzPSdfX2x4R2NfXycgdHlwZT0ndGV4dC9qYXZhc2NyaXB0Jz4KKChfX2x4R2NfXz13aW5kb3cuX19seEdjX198fHsncyc6e30sJ2InOjB9KVsncyddWydfMjE4MjYwJ109X19seEdjX19bJ3MnXVsnXzIxODI2MCddfHx7J2InOnt9fSlbJ2InXVsnXzcwOTQ1OSddPXsnaSc6X19seEdjX18uYisrfTsKPC9zY3JpcHQ+PC9kaXY+Cg==' data-block='13'><\/div>\n<script>\n  ai_run_298963535849 = function(){ai_insert_viewport_code ('ai-insert-13-82295028');};\n  if (document.readyState === 'complete' || (document.readyState !== 'loading' && !document.documentElement.doScroll)) ai_run_298963535849 (); else document.addEventListener ('DOMContentLoaded', ai_run_298963535849);\n<\/script>\n[\/vc_column_text]<\/div><\/div><\/div><\/div><div id=\"tdi_71\" class=\"tdc-row\"><div class=\"vc_row tdi_72  wpb_row td-pb-row\" >\n<style scoped>\n\/* custom css - generated by TagDiv Composer *\/\n\n\/* custom css - generated by TagDiv Composer *\/\n.tdi_72,\r\n                .tdi_72 .tdc-columns{\r\n                    min-height: 0;\r\n                }.tdi_72,\r\n\t\t\t\t.tdi_72 .tdc-columns{\r\n\t\t\t\t    display: block;\r\n\t\t\t\t}.tdi_72 .tdc-columns{\r\n\t\t\t\t    width: 100%;\r\n\t\t\t\t}.tdi_72:before,\r\n\t\t\t\t.tdi_72:after{\r\n\t\t\t\t    display: table;\r\n\t\t\t\t}\n<\/style><div class=\"vc_column tdi_74  wpb_column vc_column_container tdc-column td-pb-span12\">\n<style scoped>\n\/* custom css - generated by TagDiv Composer *\/\n\n\/* custom css - generated by TagDiv Composer *\/\n.tdi_74{\r\n                    vertical-align: baseline;\r\n                }.tdi_74 > .wpb_wrapper,\r\n\t\t\t\t.tdi_74 > .wpb_wrapper > .tdc-elements{\r\n\t\t\t\t    display: block;\r\n\t\t\t\t}.tdi_74 > .wpb_wrapper > .tdc-elements{\r\n\t\t\t\t    width: 100%;\r\n\t\t\t\t}.tdi_74 > .wpb_wrapper > .vc_row_inner{\r\n\t\t\t\t    width: auto;\r\n\t\t\t\t}.tdi_74 > .wpb_wrapper{\r\n\t\t\t\t    width: auto;\r\n\t\t\t\t    height: auto;\r\n\t\t\t\t}\n<\/style><div class=\"wpb_wrapper\" >[vc_custom_heading text=\u00a0\u00bbBouche de la V\u00e9rit\u00e9 et Santa Maria in Cosmedin\u00a0\u00bb google_fonts=\u00a0\u00bbfont_family:Open%20Sans%3A300%2C300italic%2Cregular%2Citalic%2C600%2C600italic%2C700%2C700italic%2C800%2C800italic|font_style:600%20bold%20regular%3A600%3Anormal\u00a0\u00bb css=\u00a0\u00bb.vc_custom_1654021863510{background-position: 0 0 !important;background-repeat: no-repeat !important;}\u00a0\u00bb][vc_column_text css=\u00a0\u00bb\u00a0\u00bb]<span class=\"dropcap\" style=\"background-color: #c60c0c;\">12<\/span><\/p>\n<p>Il est singulier de constater que ce qui \u00e9tait autrefois la bouche d\u2019un \u00e9gout soit devenu l\u2019un des monuments de <strong>Rome<\/strong> devant lequel les touristes aiment le plus se faire photographier, en payant m\u00eame 2 euros depuis septembre 2016.<\/p>\n<p>La Bocca della Verit\u00e0, en effet, n\u2019est rien d\u2019autre que cela : <strong>un grand masque en marbre<\/strong>, repr\u00e9sentant une t\u00eate de faune, connu de tous sous le nom de \u00ab Bouche de la V\u00e9rit\u00e9 \u00bb, mur\u00e9 dans la paroi de l\u2019\u00e9glise Santa Maria in Cosmedin depuis 1632.<\/p>\n<figure id=\"attachment_8424\" aria-describedby=\"caption-attachment-8424\" style=\"width: 1843px\" class=\"wp-caption alignleft\"><img decoding=\"async\" class=\"size-full wp-image-8424\" src=\"https:\/\/www.10cose.it\/wp-content\/uploads\/2016\/05\/bocca-verita-roma.jpg\" alt=\"Bouche de la V\u00e9rit\u00e9 \u00e0 Rome\" width=\"1843\" height=\"1229\" srcset=\"https:\/\/www.10cose.it\/wp-content\/uploads\/2016\/05\/bocca-verita-roma.jpg 1843w, https:\/\/www.10cose.it\/wp-content\/uploads\/2016\/05\/bocca-verita-roma-300x200.jpg 300w, https:\/\/www.10cose.it\/wp-content\/uploads\/2016\/05\/bocca-verita-roma-768x512.jpg 768w, https:\/\/www.10cose.it\/wp-content\/uploads\/2016\/05\/bocca-verita-roma-1024x683.jpg 1024w, https:\/\/www.10cose.it\/wp-content\/uploads\/2016\/05\/bocca-verita-roma-696x464.jpg 696w, https:\/\/www.10cose.it\/wp-content\/uploads\/2016\/05\/bocca-verita-roma-1068x712.jpg 1068w, https:\/\/www.10cose.it\/wp-content\/uploads\/2016\/05\/bocca-verita-roma-630x420.jpg 630w\" sizes=\"(max-width: 1843px) 100vw, 1843px\" \/><figcaption id=\"caption-attachment-8424\" class=\"wp-caption-text\">Bouche de la V\u00e9rit\u00e9 \u00e0 Rome<\/figcaption><\/figure>\n<p>Ce grand visage masculin barbu, dont les yeux, le nez et la bouche sont perc\u00e9s, <strong>\u00e9tait probablement une bouche d\u2019\u00e9gout de la Cloaca Maxima<\/strong>, l\u2019un des plus grands \u00e9gouts de toute Rome.<\/p>\n<p><strong>La sculpture remonte au Ier si\u00e8cle, a un diam\u00e8tre de 1,75 m et p\u00e8se environ 1300 kg<\/strong>. Le masque est tr\u00e8s connu : on suppose qu\u2019il s\u2019agit de l\u2019objet cit\u00e9 dans les premiers <em>Mirabilia Urbis Romae<\/em>, un guide m\u00e9di\u00e9val pour les p\u00e8lerins, o\u00f9 <strong>la bouche se voit attribuer le pouvoir de formuler des oracles.<\/strong><\/p>\n<h3 class=\"vc_custom_heading\">Horaires d\u2019ouverture et prix des billets de la Bouche de la V\u00e9rit\u00e9<\/h3>\n<p><strong>Horaire d\u2019hiver<\/strong> : 9.30-17.00, fermeture de la grille \u00e0 16.50<br \/>\n<strong>Horaire d\u2019\u00e9t\u00e9<\/strong> : 9.30-18.00, fermeture de la grille \u00e0 17.50<\/p>\n<p><strong>Prix des billets<\/strong> : 2 \u20ac<\/p>\n<p><strong>Adresse<\/strong> : Piazza Bocca della Verit\u00e0<br \/>\n<strong>Comment arriver<\/strong> : <strong>M\u00e9tro <\/strong>Ligne B, arr\u00eat Circo Massimo<br \/>\n<strong>Bus <\/strong>60 \u2013 75 \u2013 85 \u2013 87 \u2013 117 \u2013 271 \u2013 571 \u2013 175 \u2013 186 \u2013 810 \u2013 850 \u2013 C3<br \/>\n<strong>Tram <\/strong>3[\/vc_column_text]<div class=\"wpb_wrapper td_block_separator td_block_wrap vc_separator tdi_76  td_separator_solid td_separator_center\"><span style=\"border-color:juicy_pink;border-width:1px;width:100%;\"><\/span><\/div>[vc_column_text]<div class='ai-viewports ai-viewport-3 ai-insert-13-62794832' style='margin: 8px auto; text-align: center; display: block; clear: both;' data-insertion-position='prepend' data-selector='.ai-insert-13-62794832' data-insertion-no-dbg data-code='PGRpdiBjbGFzcz0nY29kZS1ibG9jayBjb2RlLWJsb2NrLTEzJyBzdHlsZT0nbWFyZ2luOiA4cHggYXV0bzsgdGV4dC1hbGlnbjogY2VudGVyOyBkaXNwbGF5OiBibG9jazsgY2xlYXI6IGJvdGg7Jz4KPHNjcmlwdCBhc3luYyB0eXBlPSd0ZXh0L2phdmFzY3JpcHQnIHNyYz0nLy9zLmNsaWNraW9jZG4uY29tL3QvMjE4MjYwLzM2MF9saWdodC5qcyc+PC9zY3JpcHQ+CjxzY3JpcHQgY2xhc3M9J19fbHhHY19fJyB0eXBlPSd0ZXh0L2phdmFzY3JpcHQnPgooKF9fbHhHY19fPXdpbmRvdy5fX2x4R2NfX3x8eydzJzp7fSwnYic6MH0pWydzJ11bJ18yMTgyNjAnXT1fX2x4R2NfX1sncyddWydfMjE4MjYwJ118fHsnYic6e319KVsnYiddWydfNzA5NDU3J109eydpJzpfX2x4R2NfXy5iKyt9Owo8L3NjcmlwdD4KCjxzY3JpcHQgYXN5bmMgdHlwZT0ndGV4dC9qYXZhc2NyaXB0JyBzcmM9Jy8vcy5jbGlja2lvY2RuLmNvbS90LzIxODI2MC8zNjBfbGlnaHQuanMnPjwvc2NyaXB0Pgo8c2NyaXB0IGNsYXNzPSdfX2x4R2NfXycgdHlwZT0ndGV4dC9qYXZhc2NyaXB0Jz4KKChfX2x4R2NfXz13aW5kb3cuX19seEdjX198fHsncyc6e30sJ2InOjB9KVsncyddWydfMjE4MjYwJ109X19seEdjX19bJ3MnXVsnXzIxODI2MCddfHx7J2InOnt9fSlbJ2InXVsnXzcwOTQ1OSddPXsnaSc6X19seEdjX18uYisrfTsKPC9zY3JpcHQ+PC9kaXY+Cg==' data-block='13'><\/div>\n<script>\n  ai_run_930985166912 = function(){ai_insert_viewport_code ('ai-insert-13-62794832');};\n  if (document.readyState === 'complete' || (document.readyState !== 'loading' && !document.documentElement.doScroll)) ai_run_930985166912 (); else document.addEventListener ('DOMContentLoaded', ai_run_930985166912);\n<\/script>\n[\/vc_column_text]<\/div><\/div><\/div><\/div><div id=\"tdi_77\" class=\"tdc-row\"><div class=\"vc_row tdi_78  wpb_row td-pb-row\" >\n<style scoped>\n\/* custom css - generated by TagDiv Composer *\/\n\n\/* custom css - generated by TagDiv Composer *\/\n.tdi_78,\r\n                .tdi_78 .tdc-columns{\r\n                    min-height: 0;\r\n                }.tdi_78,\r\n\t\t\t\t.tdi_78 .tdc-columns{\r\n\t\t\t\t    display: block;\r\n\t\t\t\t}.tdi_78 .tdc-columns{\r\n\t\t\t\t    width: 100%;\r\n\t\t\t\t}.tdi_78:before,\r\n\t\t\t\t.tdi_78:after{\r\n\t\t\t\t    display: table;\r\n\t\t\t\t}\n<\/style><div class=\"vc_column tdi_80  wpb_column vc_column_container tdc-column td-pb-span12\">\n<style scoped>\n\/* custom css - generated by TagDiv Composer *\/\n\n\/* custom css - generated by TagDiv Composer *\/\n.tdi_80{\r\n                    vertical-align: baseline;\r\n                }.tdi_80 > .wpb_wrapper,\r\n\t\t\t\t.tdi_80 > .wpb_wrapper > .tdc-elements{\r\n\t\t\t\t    display: block;\r\n\t\t\t\t}.tdi_80 > .wpb_wrapper > .tdc-elements{\r\n\t\t\t\t    width: 100%;\r\n\t\t\t\t}.tdi_80 > .wpb_wrapper > .vc_row_inner{\r\n\t\t\t\t    width: auto;\r\n\t\t\t\t}.tdi_80 > .wpb_wrapper{\r\n\t\t\t\t    width: auto;\r\n\t\t\t\t    height: auto;\r\n\t\t\t\t}\n<\/style><div class=\"wpb_wrapper\" >[vc_custom_heading text=\u00a0\u00bbPiazza del Popolo\u00a0\u00bb google_fonts=\u00a0\u00bbfont_family:Open%20Sans%3A300%2C300italic%2Cregular%2Citalic%2C600%2C600italic%2C700%2C700italic%2C800%2C800italic|font_style:600%20bold%20regular%3A600%3Anormal\u00a0\u00bb css=\u00a0\u00bb.vc_custom_1654022503344{background-position: 0 0 !important;background-repeat: no-repeat !important;}\u00a0\u00bb][vc_column_text css=\u00a0\u00bb\u00a0\u00bb]<span class=\"dropcap\" style=\"background-color: #c60c0c;\">13<\/span><\/p>\n<p>C\u00e9l\u00e8bre pour \u00eatre le point de d\u00e9part de <strong>trois importantes rues commer\u00e7antes <\/strong><strong>via del Corso, via del Babuino et Via di Ripetta<\/strong>, le fameux Trident,<\/p>\n<p>Piazza del Popolo constitue un magnifique acc\u00e8s au c\u0153ur de Rome.<\/p>\n<figure id=\"attachment_8444\" aria-describedby=\"caption-attachment-8444\" style=\"width: 1895px\" class=\"wp-caption alignleft\"><img decoding=\"async\" class=\"size-full wp-image-8444\" src=\"https:\/\/www.10cose.it\/wp-content\/uploads\/2016\/05\/piazza-del-popolo-roma.jpg\" alt=\"Piazza del Popolo \u00e0 Rome\" width=\"1895\" height=\"1267\" srcset=\"https:\/\/www.10cose.it\/wp-content\/uploads\/2016\/05\/piazza-del-popolo-roma.jpg 1895w, https:\/\/www.10cose.it\/wp-content\/uploads\/2016\/05\/piazza-del-popolo-roma-300x201.jpg 300w, https:\/\/www.10cose.it\/wp-content\/uploads\/2016\/05\/piazza-del-popolo-roma-768x513.jpg 768w, https:\/\/www.10cose.it\/wp-content\/uploads\/2016\/05\/piazza-del-popolo-roma-1024x685.jpg 1024w, https:\/\/www.10cose.it\/wp-content\/uploads\/2016\/05\/piazza-del-popolo-roma-696x465.jpg 696w, https:\/\/www.10cose.it\/wp-content\/uploads\/2016\/05\/piazza-del-popolo-roma-1068x714.jpg 1068w, https:\/\/www.10cose.it\/wp-content\/uploads\/2016\/05\/piazza-del-popolo-roma-628x420.jpg 628w\" sizes=\"(max-width: 1895px) 100vw, 1895px\" \/><figcaption id=\"caption-attachment-8444\" class=\"wp-caption-text\">Piazza del Popolo \u00e0 Rome<\/figcaption><\/figure>\n<p>Selon certains, le nom de la place d\u00e9rive de \u00ab <em>populus<\/em> \u00bb, nom latin du peuplier, en r\u00e9f\u00e9rence \u00e0 un petit bois de peupliers qui aurait \u00e9t\u00e9 situ\u00e9 <strong>pr\u00e8s de la tombe de N\u00e9ron.<\/strong><\/p>\n<p>Pour d\u2019autres, c\u2019est l\u2019\u00e9glise Santa Maria del Popolo, \u00e0 c\u00f4t\u00e9 de Porta del Popolo, \u00e9volution de la petite chapelle \u00e9rig\u00e9e en 1099 et financ\u00e9e par le peuple romain, qui lui aurait donn\u00e9 son nom.<\/p>\n<p>\u00c0 ne pas manquer dans l\u2019\u00e9glise : la <strong>Chapelle Chigi dessin\u00e9e par Rapha\u00ebl<\/strong> et la \u00ab <em>Conversion de saint Paul<\/em> \u00bb ainsi que la \u00ab <em>Crucifixion de saint Pierre \u00bb de Caravage<\/em> dans la <strong>Chapelle Cerasi<\/strong>.<\/p>\n<p>L\u2019aspect actuel de la place est d\u00fb \u00e0 l\u2019\u0153uvre de l\u2019architecte Giuseppe Valadier qui, au XIXe si\u00e8cle, y ajouta deux ex\u00e8dres, lui donnant sa forme ovale caract\u00e9ristique.<\/p>\n<p><strong>Au centre de chacun des deux h\u00e9micycles se trouve une fontaine surmont\u00e9e d\u2019un groupe en marbre<\/strong> : Rome entre le Tibre et l\u2019Aniene, et Neptune entre les Tritons.<\/p>\n<p>On doit \u00e9galement \u00e0 Valadier les bassins et les quatre lions de style \u00e9gyptien autour du tr\u00e8s ancien ob\u00e9lisque central, transf\u00e9r\u00e9 ici depuis le Circus Maximus en 1589 par la volont\u00e9 de Sixte V.<\/p>\n<p>\u00c0 l\u2019extr\u00e9mit\u00e9 sud de la place se trouvent <strong>les deux \u00e9glises \u00ab jumelles \u00bb<\/strong>, Santa Maria dei Miracoli et Santa Maria in Montesanto, apparemment identiques.<\/p>\n<p>Elles furent con\u00e7ues en 1658 par Carlo Rainaldi, qui utilisa les deux coupoles et les deux \u00e9l\u00e9gants portiques pour donner une harmonie architecturale \u00e0 la place.<\/p>\n<h3 class=\"vc_custom_heading\">Comment arriver \u00e0 Piazza del Popolo<\/h3>\n<p><b>M\u00e9tro :<\/b> Ligne A, arr\u00eat Flaminio[\/vc_column_text]<div class=\"wpb_wrapper td_block_separator td_block_wrap vc_separator tdi_82  td_separator_solid td_separator_center\"><span style=\"border-color:juicy_pink;border-width:1px;width:100%;\"><\/span><\/div>[vc_column_text]<div class='ai-viewports ai-viewport-3 ai-insert-13-84483544' style='margin: 8px auto; text-align: center; display: block; clear: both;' data-insertion-position='prepend' data-selector='.ai-insert-13-84483544' data-insertion-no-dbg data-code='PGRpdiBjbGFzcz0nY29kZS1ibG9jayBjb2RlLWJsb2NrLTEzJyBzdHlsZT0nbWFyZ2luOiA4cHggYXV0bzsgdGV4dC1hbGlnbjogY2VudGVyOyBkaXNwbGF5OiBibG9jazsgY2xlYXI6IGJvdGg7Jz4KPHNjcmlwdCBhc3luYyB0eXBlPSd0ZXh0L2phdmFzY3JpcHQnIHNyYz0nLy9zLmNsaWNraW9jZG4uY29tL3QvMjE4MjYwLzM2MF9saWdodC5qcyc+PC9zY3JpcHQ+CjxzY3JpcHQgY2xhc3M9J19fbHhHY19fJyB0eXBlPSd0ZXh0L2phdmFzY3JpcHQnPgooKF9fbHhHY19fPXdpbmRvdy5fX2x4R2NfX3x8eydzJzp7fSwnYic6MH0pWydzJ11bJ18yMTgyNjAnXT1fX2x4R2NfX1sncyddWydfMjE4MjYwJ118fHsnYic6e319KVsnYiddWydfNzA5NDU3J109eydpJzpfX2x4R2NfXy5iKyt9Owo8L3NjcmlwdD4KCjxzY3JpcHQgYXN5bmMgdHlwZT0ndGV4dC9qYXZhc2NyaXB0JyBzcmM9Jy8vcy5jbGlja2lvY2RuLmNvbS90LzIxODI2MC8zNjBfbGlnaHQuanMnPjwvc2NyaXB0Pgo8c2NyaXB0IGNsYXNzPSdfX2x4R2NfXycgdHlwZT0ndGV4dC9qYXZhc2NyaXB0Jz4KKChfX2x4R2NfXz13aW5kb3cuX19seEdjX198fHsncyc6e30sJ2InOjB9KVsncyddWydfMjE4MjYwJ109X19seEdjX19bJ3MnXVsnXzIxODI2MCddfHx7J2InOnt9fSlbJ2InXVsnXzcwOTQ1OSddPXsnaSc6X19seEdjX18uYisrfTsKPC9zY3JpcHQ+PC9kaXY+Cg==' data-block='13'><\/div>\n<script>\n  ai_run_455671500983 = function(){ai_insert_viewport_code ('ai-insert-13-84483544');};\n  if (document.readyState === 'complete' || (document.readyState !== 'loading' && !document.documentElement.doScroll)) ai_run_455671500983 (); else document.addEventListener ('DOMContentLoaded', ai_run_455671500983);\n<\/script>\n[\/vc_column_text]<\/div><\/div><\/div><\/div><div id=\"tdi_83\" class=\"tdc-row\"><div class=\"vc_row tdi_84  wpb_row td-pb-row\" >\n<style scoped>\n\/* custom css - generated by TagDiv Composer *\/\n\n\/* custom css - generated by TagDiv Composer *\/\n.tdi_84,\r\n                .tdi_84 .tdc-columns{\r\n                    min-height: 0;\r\n                }.tdi_84,\r\n\t\t\t\t.tdi_84 .tdc-columns{\r\n\t\t\t\t    display: block;\r\n\t\t\t\t}.tdi_84 .tdc-columns{\r\n\t\t\t\t    width: 100%;\r\n\t\t\t\t}.tdi_84:before,\r\n\t\t\t\t.tdi_84:after{\r\n\t\t\t\t    display: table;\r\n\t\t\t\t}\n<\/style><div class=\"vc_column tdi_86  wpb_column vc_column_container tdc-column td-pb-span12\">\n<style scoped>\n\/* custom css - generated by TagDiv Composer *\/\n\n\/* custom css - generated by TagDiv Composer *\/\n.tdi_86{\r\n                    vertical-align: baseline;\r\n                }.tdi_86 > .wpb_wrapper,\r\n\t\t\t\t.tdi_86 > .wpb_wrapper > .tdc-elements{\r\n\t\t\t\t    display: block;\r\n\t\t\t\t}.tdi_86 > .wpb_wrapper > .tdc-elements{\r\n\t\t\t\t    width: 100%;\r\n\t\t\t\t}.tdi_86 > .wpb_wrapper > .vc_row_inner{\r\n\t\t\t\t    width: auto;\r\n\t\t\t\t}.tdi_86 > .wpb_wrapper{\r\n\t\t\t\t    width: auto;\r\n\t\t\t\t    height: auto;\r\n\t\t\t\t}\n<\/style><div class=\"wpb_wrapper\" >[vc_custom_heading text=\u00a0\u00bbTrastevere\u00a0\u00bb google_fonts=\u00a0\u00bbfont_family:Open%20Sans%3A300%2C300italic%2Cregular%2Citalic%2C600%2C600italic%2C700%2C700italic%2C800%2C800italic|font_style:600%20bold%20regular%3A600%3Anormal\u00a0\u00bb css=\u00a0\u00bb.vc_custom_1654022490123{background-position: 0 0 !important;background-repeat: no-repeat !important;}\u00a0\u00bb][vc_column_text]<span class=\"dropcap\" style=\"background-color: #c60c0c;\">14<\/span><\/p>\n<p>Il semble que le blason du quartier, une t\u00eate de lion sur fond rouge, ne soit pas un hasard.<\/p>\n<p>On raconte en effet qu\u2019un lion vivait en cage au Capitole, symbole de majest\u00e9 et de puissance, et qu\u2019il fut supprim\u00e9 apr\u00e8s avoir d\u00e9chiquet\u00e9 un gar\u00e7on qui s\u2019\u00e9tait trop approch\u00e9 de la cage.<\/p>\n<figure id=\"attachment_4113\" class=\"wp-caption alignleft\" aria-describedby=\"caption-attachment-4113\"><img decoding=\"async\" class=\"size-full wp-image-4113 td-animation-stack-type0-2\" src=\"https:\/\/www.10cose.it\/wp-content\/uploads\/2015\/11\/trastevere-roma.jpg\" sizes=\"(max-width: 375px) 100vw, 375px\" srcset=\"https:\/\/www.10cose.it\/wp-content\/uploads\/2015\/11\/trastevere-roma.jpg 375w, https:\/\/www.10cose.it\/wp-content\/uploads\/2015\/11\/trastevere-roma-300x200.jpg 300w\" alt=\"Trastevere \u00e0 Rome\" width=\"375\" height=\"250\" \/><figcaption id=\"caption-attachment-4113\" class=\"wp-caption-text\">Trastevere \u00e0 Rome<\/figcaption><\/figure>\n<p>Lorsqu\u2019il fallut choisir un symbole pour identifier le quartier \u00ab <em>au-del\u00e0 du Tibre<\/em> \u00bb dans la nouvelle division de la ville, on choisit la t\u00eate de ce lion historique.<\/p>\n<p><strong>C\u2019est l\u2019un des quartiers les plus caract\u00e9ristiques de la ville, celui qui conserve le mieux la romanit\u00e9<\/strong> de la capitale, avec ses ruelles pav\u00e9es de sampietrini bord\u00e9es de maisons m\u00e9di\u00e9vales aux petits balcons d\u2019o\u00f9 pendent des plantes grimpantes.<\/p>\n<p>Pendant la p\u00e9riode imp\u00e9riale, le quartier fut peupl\u00e9 par la riche aristocratie patricienne, qui y construisit les villas de personnages tr\u00e8s importants comme Jules C\u00e9sar.<\/p>\n<p>Au Moyen \u00c2ge, en revanche, Trastevere apparaissait comme un labyrinthe de ruelles sales et abandonn\u00e9es.<\/p>\n<p><strong>Aujourd\u2019hui, c\u2019est l\u2019un des lieux pr\u00e9f\u00e9r\u00e9s de la movida romaine : la nuit, il se peuple de jeunes qui se donnent rendez-vous sur la Piazza Trilussa ou sur la Piazza Santa Maria<\/strong>, pour boire une bi\u00e8re achet\u00e9e dans les pubs qui animent les \u00e9troites ruelles de Trastevere.<\/p>\n<p>\u00c0 ne pas manquer : la tr\u00e8s belle <strong>Basilique Santa Maria in Trastevere<\/strong>, sur la place du m\u00eame nom, lieu de rencontre anim\u00e9 des Romains et des visiteurs, avec son plafond en bois du <strong>Domenichino<\/strong> et les splendides mosa\u00efques du ch\u0153ur, du XIIIe si\u00e8cle.<\/p>\n<p>[\/vc_column_text]<div class=\"wpb_wrapper td_block_separator td_block_wrap vc_separator tdi_88  td_separator_solid td_separator_center\"><span style=\"border-color:juicy_pink;border-width:1px;width:100%;\"><\/span><\/div>[vc_column_text]<div class='ai-viewports ai-viewport-3 ai-insert-13-72441060' style='margin: 8px auto; text-align: center; display: block; clear: both;' data-insertion-position='prepend' data-selector='.ai-insert-13-72441060' data-insertion-no-dbg data-code='PGRpdiBjbGFzcz0nY29kZS1ibG9jayBjb2RlLWJsb2NrLTEzJyBzdHlsZT0nbWFyZ2luOiA4cHggYXV0bzsgdGV4dC1hbGlnbjogY2VudGVyOyBkaXNwbGF5OiBibG9jazsgY2xlYXI6IGJvdGg7Jz4KPHNjcmlwdCBhc3luYyB0eXBlPSd0ZXh0L2phdmFzY3JpcHQnIHNyYz0nLy9zLmNsaWNraW9jZG4uY29tL3QvMjE4MjYwLzM2MF9saWdodC5qcyc+PC9zY3JpcHQ+CjxzY3JpcHQgY2xhc3M9J19fbHhHY19fJyB0eXBlPSd0ZXh0L2phdmFzY3JpcHQnPgooKF9fbHhHY19fPXdpbmRvdy5fX2x4R2NfX3x8eydzJzp7fSwnYic6MH0pWydzJ11bJ18yMTgyNjAnXT1fX2x4R2NfX1sncyddWydfMjE4MjYwJ118fHsnYic6e319KVsnYiddWydfNzA5NDU3J109eydpJzpfX2x4R2NfXy5iKyt9Owo8L3NjcmlwdD4KCjxzY3JpcHQgYXN5bmMgdHlwZT0ndGV4dC9qYXZhc2NyaXB0JyBzcmM9Jy8vcy5jbGlja2lvY2RuLmNvbS90LzIxODI2MC8zNjBfbGlnaHQuanMnPjwvc2NyaXB0Pgo8c2NyaXB0IGNsYXNzPSdfX2x4R2NfXycgdHlwZT0ndGV4dC9qYXZhc2NyaXB0Jz4KKChfX2x4R2NfXz13aW5kb3cuX19seEdjX198fHsncyc6e30sJ2InOjB9KVsncyddWydfMjE4MjYwJ109X19seEdjX19bJ3MnXVsnXzIxODI2MCddfHx7J2InOnt9fSlbJ2InXVsnXzcwOTQ1OSddPXsnaSc6X19seEdjX18uYisrfTsKPC9zY3JpcHQ+PC9kaXY+Cg==' data-block='13'><\/div>\n<script>\n  ai_run_713656220687 = function(){ai_insert_viewport_code ('ai-insert-13-72441060');};\n  if (document.readyState === 'complete' || (document.readyState !== 'loading' && !document.documentElement.doScroll)) ai_run_713656220687 (); else document.addEventListener ('DOMContentLoaded', ai_run_713656220687);\n<\/script>\n[\/vc_column_text]<\/div><\/div><\/div><\/div><div id=\"tdi_89\" class=\"tdc-row\"><div class=\"vc_row tdi_90  wpb_row td-pb-row\" >\n<style scoped>\n\/* custom css - generated by TagDiv Composer *\/\n\n\/* custom css - generated by TagDiv Composer *\/\n.tdi_90,\r\n                .tdi_90 .tdc-columns{\r\n                    min-height: 0;\r\n                }.tdi_90,\r\n\t\t\t\t.tdi_90 .tdc-columns{\r\n\t\t\t\t    display: block;\r\n\t\t\t\t}.tdi_90 .tdc-columns{\r\n\t\t\t\t    width: 100%;\r\n\t\t\t\t}.tdi_90:before,\r\n\t\t\t\t.tdi_90:after{\r\n\t\t\t\t    display: table;\r\n\t\t\t\t}\n<\/style><div class=\"vc_column tdi_92  wpb_column vc_column_container tdc-column td-pb-span12\">\n<style scoped>\n\/* custom css - generated by TagDiv Composer *\/\n\n\/* custom css - generated by TagDiv Composer *\/\n.tdi_92{\r\n                    vertical-align: baseline;\r\n                }.tdi_92 > .wpb_wrapper,\r\n\t\t\t\t.tdi_92 > .wpb_wrapper > .tdc-elements{\r\n\t\t\t\t    display: block;\r\n\t\t\t\t}.tdi_92 > .wpb_wrapper > .tdc-elements{\r\n\t\t\t\t    width: 100%;\r\n\t\t\t\t}.tdi_92 > .wpb_wrapper > .vc_row_inner{\r\n\t\t\t\t    width: auto;\r\n\t\t\t\t}.tdi_92 > .wpb_wrapper{\r\n\t\t\t\t    width: auto;\r\n\t\t\t\t    height: auto;\r\n\t\t\t\t}\n<\/style><div class=\"wpb_wrapper\" >[vc_custom_heading text=\u00a0\u00bbCampo dei Fiori \u00e0 Rome\u00a0\u00bb google_fonts=\u00a0\u00bbfont_family:Open%20Sans%3A300%2C300italic%2Cregular%2Citalic%2C600%2C600italic%2C700%2C700italic%2C800%2C800italic|font_style:600%20bold%20regular%3A600%3Anormal\u00a0\u00bb css=\u00a0\u00bb.vc_custom_1654023161580{background-position: 0 0 !important;background-repeat: no-repeat !important;}\u00a0\u00bb][vc_column_text css=\u00a0\u00bb\u00a0\u00bb]<span class=\"dropcap\" style=\"background-color: #c60c0c;\">15<\/span><\/p>\n<p>Les touristes qui arrivent \u00e0 Rome restent toujours <strong>envo\u00fbt\u00e9s devant le spectacle de Campo de\u2019 Fiori<\/strong> : ce n\u2019est pas seulement l\u2019une des places les plus c\u00e9l\u00e8bres de <strong>Rome<\/strong><strong>, <\/strong>c\u2019est peut-\u00eatre aussi la plus authentique.<\/p>\n<p>L\u2019assaut quotidien de milliers de touristes ne parvient pas \u00e0 en entamer l\u2019\u00e2me profond\u00e9ment populaire : <strong>les \u00e9tals de fruits, les voix des vendeurs, le march\u00e9 aux fleurs conservent leur charme s\u00e9culaire.<\/strong><\/p>\n<p>Comme au XVe si\u00e8cle, lorsque fruits et l\u00e9gumes arrivaient ici depuis la campagne romaine.<\/p>\n<figure id=\"attachment_8437\" aria-describedby=\"caption-attachment-8437\" style=\"width: 1797px\" class=\"wp-caption alignleft\"><img decoding=\"async\" class=\"size-full wp-image-8437\" src=\"https:\/\/www.10cose.it\/wp-content\/uploads\/2016\/05\/campo-dei-fiori-roma.jpg\" alt=\"Campo dei Fiori \u00e0 Rome\" width=\"1797\" height=\"1198\" srcset=\"https:\/\/www.10cose.it\/wp-content\/uploads\/2016\/05\/campo-dei-fiori-roma.jpg 1797w, https:\/\/www.10cose.it\/wp-content\/uploads\/2016\/05\/campo-dei-fiori-roma-300x200.jpg 300w, https:\/\/www.10cose.it\/wp-content\/uploads\/2016\/05\/campo-dei-fiori-roma-768x512.jpg 768w, https:\/\/www.10cose.it\/wp-content\/uploads\/2016\/05\/campo-dei-fiori-roma-1024x683.jpg 1024w, https:\/\/www.10cose.it\/wp-content\/uploads\/2016\/05\/campo-dei-fiori-roma-696x464.jpg 696w, https:\/\/www.10cose.it\/wp-content\/uploads\/2016\/05\/campo-dei-fiori-roma-1068x712.jpg 1068w, https:\/\/www.10cose.it\/wp-content\/uploads\/2016\/05\/campo-dei-fiori-roma-630x420.jpg 630w\" sizes=\"(max-width: 1797px) 100vw, 1797px\" \/><figcaption id=\"caption-attachment-8437\" class=\"wp-caption-text\">Campo dei Fiori \u00e0 Rome<\/figcaption><\/figure>\n<p>\u00c0 l\u2019\u00e9poque, <strong>Campo de\u2019 Fiori \u00e9tait aussi le lieu d\u2019auberges pour p\u00e8lerins et marchands<\/strong>, qui alimentaient un riche march\u00e9 de courtisanes.<\/p>\n<p>C\u2019\u00e9tait une place pleine de libert\u00e9, et l\u2019on peut donc penser que cela aura fait plaisir \u00e0 <strong>Giordano Bruno d\u2019\u00eatre br\u00fbl\u00e9 pr\u00e9cis\u00e9ment ici.<\/strong><\/p>\n<p>Lui, le philosophe de Nola, qui au nom de sa libert\u00e9 de pens\u00e9e avait refus\u00e9 d\u2019ob\u00e9ir \u00e0 l\u2019\u00c9glise, fut donc br\u00fbl\u00e9 vif l\u00e0 o\u00f9 aujourd\u2019hui sa statue regarde s\u00e9v\u00e8rement la place.<\/p>\n<p>Cette vocation \u00e0 la libert\u00e9, la place ne l\u2019a pas perdue aujourd\u2019hui : une fois les \u00e9tals d\u00e9mont\u00e9s et les rues nettoy\u00e9es, <strong>Campo de\u2019 Fiori se transforme en l\u2019un des lieux de la <em>movida<\/em> romaine.<\/strong><\/p>\n<p><strong>Des dizaines de bars, de locaux, de pubs et de brasseries attirent chaque soir des milliers de personnes.<\/strong>[\/vc_column_text]<div class=\"wpb_wrapper td_block_separator td_block_wrap vc_separator tdi_94  td_separator_solid td_separator_center\"><span style=\"border-color:juicy_pink;border-width:1px;width:100%;\"><\/span><\/div>[vc_column_text]<div class='ai-viewports ai-viewport-3 ai-insert-13-70857543' style='margin: 8px auto; text-align: center; display: block; clear: both;' data-insertion-position='prepend' data-selector='.ai-insert-13-70857543' data-insertion-no-dbg data-code='PGRpdiBjbGFzcz0nY29kZS1ibG9jayBjb2RlLWJsb2NrLTEzJyBzdHlsZT0nbWFyZ2luOiA4cHggYXV0bzsgdGV4dC1hbGlnbjogY2VudGVyOyBkaXNwbGF5OiBibG9jazsgY2xlYXI6IGJvdGg7Jz4KPHNjcmlwdCBhc3luYyB0eXBlPSd0ZXh0L2phdmFzY3JpcHQnIHNyYz0nLy9zLmNsaWNraW9jZG4uY29tL3QvMjE4MjYwLzM2MF9saWdodC5qcyc+PC9zY3JpcHQ+CjxzY3JpcHQgY2xhc3M9J19fbHhHY19fJyB0eXBlPSd0ZXh0L2phdmFzY3JpcHQnPgooKF9fbHhHY19fPXdpbmRvdy5fX2x4R2NfX3x8eydzJzp7fSwnYic6MH0pWydzJ11bJ18yMTgyNjAnXT1fX2x4R2NfX1sncyddWydfMjE4MjYwJ118fHsnYic6e319KVsnYiddWydfNzA5NDU3J109eydpJzpfX2x4R2NfXy5iKyt9Owo8L3NjcmlwdD4KCjxzY3JpcHQgYXN5bmMgdHlwZT0ndGV4dC9qYXZhc2NyaXB0JyBzcmM9Jy8vcy5jbGlja2lvY2RuLmNvbS90LzIxODI2MC8zNjBfbGlnaHQuanMnPjwvc2NyaXB0Pgo8c2NyaXB0IGNsYXNzPSdfX2x4R2NfXycgdHlwZT0ndGV4dC9qYXZhc2NyaXB0Jz4KKChfX2x4R2NfXz13aW5kb3cuX19seEdjX198fHsncyc6e30sJ2InOjB9KVsncyddWydfMjE4MjYwJ109X19seEdjX19bJ3MnXVsnXzIxODI2MCddfHx7J2InOnt9fSlbJ2InXVsnXzcwOTQ1OSddPXsnaSc6X19seEdjX18uYisrfTsKPC9zY3JpcHQ+PC9kaXY+Cg==' data-block='13'><\/div>\n<script>\n  ai_run_957537973031 = function(){ai_insert_viewport_code ('ai-insert-13-70857543');};\n  if (document.readyState === 'complete' || (document.readyState !== 'loading' && !document.documentElement.doScroll)) ai_run_957537973031 (); else document.addEventListener ('DOMContentLoaded', ai_run_957537973031);\n<\/script>\n[\/vc_column_text]<\/div><\/div><\/div><\/div><div id=\"tdi_95\" class=\"tdc-row\"><div class=\"vc_row tdi_96  wpb_row td-pb-row\" >\n<style scoped>\n\/* custom css - generated by TagDiv Composer *\/\n\n\/* custom css - generated by TagDiv Composer *\/\n.tdi_96,\r\n                .tdi_96 .tdc-columns{\r\n                    min-height: 0;\r\n                }.tdi_96,\r\n\t\t\t\t.tdi_96 .tdc-columns{\r\n\t\t\t\t    display: block;\r\n\t\t\t\t}.tdi_96 .tdc-columns{\r\n\t\t\t\t    width: 100%;\r\n\t\t\t\t}.tdi_96:before,\r\n\t\t\t\t.tdi_96:after{\r\n\t\t\t\t    display: table;\r\n\t\t\t\t}\n<\/style><div class=\"vc_column tdi_98  wpb_column vc_column_container tdc-column td-pb-span12\">\n<style scoped>\n\/* custom css - generated by TagDiv Composer *\/\n\n\/* custom css - generated by TagDiv Composer *\/\n.tdi_98{\r\n                    vertical-align: baseline;\r\n                }.tdi_98 > .wpb_wrapper,\r\n\t\t\t\t.tdi_98 > .wpb_wrapper > .tdc-elements{\r\n\t\t\t\t    display: block;\r\n\t\t\t\t}.tdi_98 > .wpb_wrapper > .tdc-elements{\r\n\t\t\t\t    width: 100%;\r\n\t\t\t\t}.tdi_98 > .wpb_wrapper > .vc_row_inner{\r\n\t\t\t\t    width: auto;\r\n\t\t\t\t}.tdi_98 > .wpb_wrapper{\r\n\t\t\t\t    width: auto;\r\n\t\t\t\t    height: auto;\r\n\t\t\t\t}\n<\/style><div class=\"wpb_wrapper\" >[vc_custom_heading text=\u00a0\u00bbPiazza et Palazzo Farnese\u00a0\u00bb google_fonts=\u00a0\u00bbfont_family:Open%20Sans%3A300%2C300italic%2Cregular%2Citalic%2C600%2C600italic%2C700%2C700italic%2C800%2C800italic|font_style:600%20bold%20regular%3A600%3Anormal\u00a0\u00bb css=\u00a0\u00bb.vc_custom_1654027914574{background-position: 0 0 !important;background-repeat: no-repeat !important;}\u00a0\u00bb][vc_column_text css=\u00a0\u00bb\u00a0\u00bb]<span class=\"dropcap\" style=\"background-color: #c60c0c;\">16<\/span><\/p>\n<p>Le Palazzo Farnese domine la c\u00e9l\u00e8bre <strong>Piazza Farnese<\/strong>, embellie par deux fontaines jumelles r\u00e9alis\u00e9es par Girolamo Rainaldi, o\u00f9 se distingue \u00e9galement l\u2019\u00e9glise nationale su\u00e9doise de Sainte-Brigitte.<\/p>\n<p><strong>Piazza Farnese est une petite oasis dans le chaos touristique de Rome<\/strong>, un coin o\u00f9 s\u2019arr\u00eater quelques minutes pour se reposer en profitant du calme et de l\u2019harmonie de la place. M\u00eame si elle ne figure g\u00e9n\u00e9ralement pas dans la<\/p>\n<figure id=\"attachment_9247\" aria-describedby=\"caption-attachment-9247\" style=\"width: 1280px\" class=\"wp-caption alignleft\"><img decoding=\"async\" class=\"size-full wp-image-9247\" src=\"https:\/\/www.10cose.it\/wp-content\/uploads\/2016\/05\/palazzo-farnese-roma.jpg\" alt=\"La fa\u00e7ade du Palazzo Farnese\" width=\"1280\" height=\"753\" srcset=\"https:\/\/www.10cose.it\/wp-content\/uploads\/2016\/05\/palazzo-farnese-roma.jpg 1280w, https:\/\/www.10cose.it\/wp-content\/uploads\/2016\/05\/palazzo-farnese-roma-300x176.jpg 300w, https:\/\/www.10cose.it\/wp-content\/uploads\/2016\/05\/palazzo-farnese-roma-768x452.jpg 768w, https:\/\/www.10cose.it\/wp-content\/uploads\/2016\/05\/palazzo-farnese-roma-1024x602.jpg 1024w, https:\/\/www.10cose.it\/wp-content\/uploads\/2016\/05\/palazzo-farnese-roma-696x409.jpg 696w, https:\/\/www.10cose.it\/wp-content\/uploads\/2016\/05\/palazzo-farnese-roma-1068x628.jpg 1068w, https:\/\/www.10cose.it\/wp-content\/uploads\/2016\/05\/palazzo-farnese-roma-714x420.jpg 714w\" sizes=\"(max-width: 1280px) 100vw, 1280px\" \/><figcaption id=\"caption-attachment-9247\" class=\"wp-caption-text\">La fa\u00e7ade du Palazzo Farnese<\/figcaption><\/figure>\n<p>liste des choses \u00e0 voir \u00e0 Rome, le Palazzo Farnese et la place m\u00e9ritent vraiment une visite.<\/p>\n<p>Surtout depuis que l\u2019ambassade de France, qui a son si\u00e8ge dans le palais, a de nouveau autoris\u00e9 les visites.<\/p>\n<h3 class=\"vc_custom_heading\">Horaires d\u2019ouverture et prix des billets du Palazzo Farnese<\/h3>\n<p><strong>Horaires d\u2019ouverture<\/strong> :<\/p>\n<p>Visite guid\u00e9e obligatoire environ toutes les heures.<\/p>\n<p><strong>Il est possible de visiter l\u2019atrium de Sangallo, la cour, le jardin, le Salon d\u2019Hercule et la galerie des Carracci.<\/strong><\/p>\n<p><strong>Prix des billets<\/strong> : 12 euros. Les billets s\u2019ach\u00e8tent <a href=\"https:\/\/visite-palazzofarnese.it\/prodotto\/visita-guidata-palazzo-farnese\/\" target=\"_blank\" rel=\"noopener\"><strong>exclusivement sur le portail officiel.<\/strong><\/a><\/p>\n<p><strong>Adresse<\/strong> : Piazza Farnese, dans le centre de Rome<br \/>\n<strong>Comment arriver<\/strong> : \u00e0 pied[\/vc_column_text]<div class=\"wpb_wrapper td_block_separator td_block_wrap vc_separator tdi_100  td_separator_solid td_separator_center\"><span style=\"border-color:juicy_pink;border-width:1px;width:100%;\"><\/span><\/div>[vc_column_text]<div class='ai-viewports ai-viewport-3 ai-insert-13-59321503' style='margin: 8px auto; text-align: center; display: block; clear: both;' data-insertion-position='prepend' data-selector='.ai-insert-13-59321503' data-insertion-no-dbg data-code='PGRpdiBjbGFzcz0nY29kZS1ibG9jayBjb2RlLWJsb2NrLTEzJyBzdHlsZT0nbWFyZ2luOiA4cHggYXV0bzsgdGV4dC1hbGlnbjogY2VudGVyOyBkaXNwbGF5OiBibG9jazsgY2xlYXI6IGJvdGg7Jz4KPHNjcmlwdCBhc3luYyB0eXBlPSd0ZXh0L2phdmFzY3JpcHQnIHNyYz0nLy9zLmNsaWNraW9jZG4uY29tL3QvMjE4MjYwLzM2MF9saWdodC5qcyc+PC9zY3JpcHQ+CjxzY3JpcHQgY2xhc3M9J19fbHhHY19fJyB0eXBlPSd0ZXh0L2phdmFzY3JpcHQnPgooKF9fbHhHY19fPXdpbmRvdy5fX2x4R2NfX3x8eydzJzp7fSwnYic6MH0pWydzJ11bJ18yMTgyNjAnXT1fX2x4R2NfX1sncyddWydfMjE4MjYwJ118fHsnYic6e319KVsnYiddWydfNzA5NDU3J109eydpJzpfX2x4R2NfXy5iKyt9Owo8L3NjcmlwdD4KCjxzY3JpcHQgYXN5bmMgdHlwZT0ndGV4dC9qYXZhc2NyaXB0JyBzcmM9Jy8vcy5jbGlja2lvY2RuLmNvbS90LzIxODI2MC8zNjBfbGlnaHQuanMnPjwvc2NyaXB0Pgo8c2NyaXB0IGNsYXNzPSdfX2x4R2NfXycgdHlwZT0ndGV4dC9qYXZhc2NyaXB0Jz4KKChfX2x4R2NfXz13aW5kb3cuX19seEdjX198fHsncyc6e30sJ2InOjB9KVsncyddWydfMjE4MjYwJ109X19seEdjX19bJ3MnXVsnXzIxODI2MCddfHx7J2InOnt9fSlbJ2InXVsnXzcwOTQ1OSddPXsnaSc6X19seEdjX18uYisrfTsKPC9zY3JpcHQ+PC9kaXY+Cg==' data-block='13'><\/div>\n<script>\n  ai_run_670038473279 = function(){ai_insert_viewport_code ('ai-insert-13-59321503');};\n  if (document.readyState === 'complete' || (document.readyState !== 'loading' && !document.documentElement.doScroll)) ai_run_670038473279 (); else document.addEventListener ('DOMContentLoaded', ai_run_670038473279);\n<\/script>\n[\/vc_column_text]<\/div><\/div><\/div><\/div><div id=\"tdi_101\" class=\"tdc-row\"><div class=\"vc_row tdi_102  wpb_row td-pb-row\" >\n<style scoped>\n\/* custom css - generated by TagDiv Composer *\/\n\n\/* custom css - generated by TagDiv Composer *\/\n.tdi_102,\r\n                .tdi_102 .tdc-columns{\r\n                    min-height: 0;\r\n                }.tdi_102,\r\n\t\t\t\t.tdi_102 .tdc-columns{\r\n\t\t\t\t    display: block;\r\n\t\t\t\t}.tdi_102 .tdc-columns{\r\n\t\t\t\t    width: 100%;\r\n\t\t\t\t}.tdi_102:before,\r\n\t\t\t\t.tdi_102:after{\r\n\t\t\t\t    display: table;\r\n\t\t\t\t}\n<\/style><div class=\"vc_column tdi_104  wpb_column vc_column_container tdc-column td-pb-span12\">\n<style scoped>\n\/* custom css - generated by TagDiv Composer *\/\n\n\/* custom css - generated by TagDiv Composer *\/\n.tdi_104{\r\n                    vertical-align: baseline;\r\n                }.tdi_104 > .wpb_wrapper,\r\n\t\t\t\t.tdi_104 > .wpb_wrapper > .tdc-elements{\r\n\t\t\t\t    display: block;\r\n\t\t\t\t}.tdi_104 > .wpb_wrapper > .tdc-elements{\r\n\t\t\t\t    width: 100%;\r\n\t\t\t\t}.tdi_104 > .wpb_wrapper > .vc_row_inner{\r\n\t\t\t\t    width: auto;\r\n\t\t\t\t}.tdi_104 > .wpb_wrapper{\r\n\t\t\t\t    width: auto;\r\n\t\t\t\t    height: auto;\r\n\t\t\t\t}\n<\/style><div class=\"wpb_wrapper\" >[vc_custom_heading text=\u00a0\u00bbPalazzo Colonna\u00a0\u00bb google_fonts=\u00a0\u00bbfont_family:Open%20Sans%3A300%2C300italic%2Cregular%2Citalic%2C600%2C600italic%2C700%2C700italic%2C800%2C800italic|font_style:600%20bold%20regular%3A600%3Anormal\u00a0\u00bb css=\u00a0\u00bb.vc_custom_1654027924751{background-position: 0 0 !important;background-repeat: no-repeat !important;}\u00a0\u00bb][vc_column_text css=\u00a0\u00bb\u00a0\u00bb]<span class=\"dropcap\" style=\"background-color: #c60c0c;\">17<\/span><\/p>\n<p><strong>Le Palazzo Colonna est l\u2019un des plus beaux, des plus grands et des plus anciens palais priv\u00e9s de Rome.<\/strong><\/p>\n<p>L\u00e0 encore, comme pour le Palazzo Farnese, le touriste press\u00e9 \u00e9vite d\u2019inscrire cette merveilleuse demeure <strong>parmi les principales choses \u00e0 voir \u00e0 Rome. <\/strong><\/p>\n<p>&nbsp;<\/p>\n<figure id=\"attachment_9285\" aria-describedby=\"caption-attachment-9285\" style=\"width: 1500px\" class=\"wp-caption alignleft\"><img decoding=\"async\" class=\"size-full wp-image-9285\" src=\"https:\/\/www.10cose.it\/wp-content\/uploads\/2016\/05\/palazzo-colonna-roma.jpg\" alt=\"Palazzo Colonna \u00e0 Rome\" width=\"1500\" height=\"650\" srcset=\"https:\/\/www.10cose.it\/wp-content\/uploads\/2016\/05\/palazzo-colonna-roma.jpg 1500w, https:\/\/www.10cose.it\/wp-content\/uploads\/2016\/05\/palazzo-colonna-roma-300x130.jpg 300w, https:\/\/www.10cose.it\/wp-content\/uploads\/2016\/05\/palazzo-colonna-roma-768x333.jpg 768w, https:\/\/www.10cose.it\/wp-content\/uploads\/2016\/05\/palazzo-colonna-roma-1024x444.jpg 1024w, https:\/\/www.10cose.it\/wp-content\/uploads\/2016\/05\/palazzo-colonna-roma-696x302.jpg 696w, https:\/\/www.10cose.it\/wp-content\/uploads\/2016\/05\/palazzo-colonna-roma-1068x463.jpg 1068w, https:\/\/www.10cose.it\/wp-content\/uploads\/2016\/05\/palazzo-colonna-roma-969x420.jpg 969w\" sizes=\"(max-width: 1500px) 100vw, 1500px\" \/><figcaption id=\"caption-attachment-9285\" class=\"wp-caption-text\">Palazzo Colonna \u00e0 Rome<\/figcaption><\/figure>\n<p>Peut-\u00eatre parce qu\u2019il ignore que depuis 23 g\u00e9n\u00e9rations, c\u2019est-\u00e0-dire depuis le XVIe si\u00e8cle jusqu\u2019\u00e0 aujourd\u2019hui, les membres de la famille Colonna ont v\u00e9cu dans ces pi\u00e8ces.<\/p>\n<p>Parall\u00e8lement, la construction des diff\u00e9rentes ailes du palais a \u00e9volu\u00e9, ce qui lui donne les traces d\u2019un <strong>m\u00e9lange de styles architecturaux refl\u00e9tant les diff\u00e9rentes \u00e9poques auxquelles elles appartiennent.<\/strong><\/p>\n<p>On peut visiter les plus beaux appartements de la demeure et, avec la visite \u00e9tendue, \u00e9galement les merveilleux jardins.<\/p>\n<h3 class=\"vc_custom_heading\">Horaires d\u2019ouverture et prix des billets du Palazzo Colonna<\/h3>\n<p><strong>Horaires d\u2019ouverture<\/strong> :<\/p>\n<p>tous les samedis de 9.15 \u00e0 13.15<\/p>\n<p><strong>Prix des billets<\/strong> :<\/p>\n<p><strong>Visite courte<\/strong> : Appartements Galerie, Pio et jardins : 15 \u20ac<br \/>\n<strong>Visite compl\u00e8te<\/strong> : Appartements Galerie, Pio, Princesse Isabelle et jardins : 25 \u20ac<\/p>\n<p><strong>Adresse<\/strong> : Via della Pilotta, non loin de Via del Corso.<br \/>\n<strong>Comment arriver<\/strong> : \u00e0 pied depuis Via del Corso.<\/p>\n<p><strong>M\u00e9tro : <\/strong>ligne A, arr\u00eat Spagna, puis \u00e0 pied.[\/vc_column_text]<div class=\"wpb_wrapper td_block_separator td_block_wrap vc_separator tdi_106  td_separator_solid td_separator_center\"><span style=\"border-color:juicy_pink;border-width:1px;width:100%;\"><\/span><\/div>[vc_column_text]<div class='ai-viewports ai-viewport-3 ai-insert-13-53148763' style='margin: 8px auto; text-align: center; display: block; clear: both;' data-insertion-position='prepend' data-selector='.ai-insert-13-53148763' data-insertion-no-dbg data-code='PGRpdiBjbGFzcz0nY29kZS1ibG9jayBjb2RlLWJsb2NrLTEzJyBzdHlsZT0nbWFyZ2luOiA4cHggYXV0bzsgdGV4dC1hbGlnbjogY2VudGVyOyBkaXNwbGF5OiBibG9jazsgY2xlYXI6IGJvdGg7Jz4KPHNjcmlwdCBhc3luYyB0eXBlPSd0ZXh0L2phdmFzY3JpcHQnIHNyYz0nLy9zLmNsaWNraW9jZG4uY29tL3QvMjE4MjYwLzM2MF9saWdodC5qcyc+PC9zY3JpcHQ+CjxzY3JpcHQgY2xhc3M9J19fbHhHY19fJyB0eXBlPSd0ZXh0L2phdmFzY3JpcHQnPgooKF9fbHhHY19fPXdpbmRvdy5fX2x4R2NfX3x8eydzJzp7fSwnYic6MH0pWydzJ11bJ18yMTgyNjAnXT1fX2x4R2NfX1sncyddWydfMjE4MjYwJ118fHsnYic6e319KVsnYiddWydfNzA5NDU3J109eydpJzpfX2x4R2NfXy5iKyt9Owo8L3NjcmlwdD4KCjxzY3JpcHQgYXN5bmMgdHlwZT0ndGV4dC9qYXZhc2NyaXB0JyBzcmM9Jy8vcy5jbGlja2lvY2RuLmNvbS90LzIxODI2MC8zNjBfbGlnaHQuanMnPjwvc2NyaXB0Pgo8c2NyaXB0IGNsYXNzPSdfX2x4R2NfXycgdHlwZT0ndGV4dC9qYXZhc2NyaXB0Jz4KKChfX2x4R2NfXz13aW5kb3cuX19seEdjX198fHsncyc6e30sJ2InOjB9KVsncyddWydfMjE4MjYwJ109X19seEdjX19bJ3MnXVsnXzIxODI2MCddfHx7J2InOnt9fSlbJ2InXVsnXzcwOTQ1OSddPXsnaSc6X19seEdjX18uYisrfTsKPC9zY3JpcHQ+PC9kaXY+Cg==' data-block='13'><\/div>\n<script>\n  ai_run_949813425827 = function(){ai_insert_viewport_code ('ai-insert-13-53148763');};\n  if (document.readyState === 'complete' || (document.readyState !== 'loading' && !document.documentElement.doScroll)) ai_run_949813425827 (); else document.addEventListener ('DOMContentLoaded', ai_run_949813425827);\n<\/script>\n[\/vc_column_text]<\/div><\/div><\/div><\/div><div id=\"tdi_107\" class=\"tdc-row\"><div class=\"vc_row tdi_108  wpb_row td-pb-row\" >\n<style scoped>\n\/* custom css - generated by TagDiv Composer *\/\n\n\/* custom css - generated by TagDiv Composer *\/\n.tdi_108,\r\n                .tdi_108 .tdc-columns{\r\n                    min-height: 0;\r\n                }.tdi_108,\r\n\t\t\t\t.tdi_108 .tdc-columns{\r\n\t\t\t\t    display: block;\r\n\t\t\t\t}.tdi_108 .tdc-columns{\r\n\t\t\t\t    width: 100%;\r\n\t\t\t\t}.tdi_108:before,\r\n\t\t\t\t.tdi_108:after{\r\n\t\t\t\t    display: table;\r\n\t\t\t\t}\n<\/style><div class=\"vc_column tdi_110  wpb_column vc_column_container tdc-column td-pb-span12\">\n<style scoped>\n\/* custom css - generated by TagDiv Composer *\/\n\n\/* custom css - generated by TagDiv Composer *\/\n.tdi_110{\r\n                    vertical-align: baseline;\r\n                }.tdi_110 > .wpb_wrapper,\r\n\t\t\t\t.tdi_110 > .wpb_wrapper > .tdc-elements{\r\n\t\t\t\t    display: block;\r\n\t\t\t\t}.tdi_110 > .wpb_wrapper > .tdc-elements{\r\n\t\t\t\t    width: 100%;\r\n\t\t\t\t}.tdi_110 > .wpb_wrapper > .vc_row_inner{\r\n\t\t\t\t    width: auto;\r\n\t\t\t\t}.tdi_110 > .wpb_wrapper{\r\n\t\t\t\t    width: auto;\r\n\t\t\t\t    height: auto;\r\n\t\t\t\t}\n<\/style><div class=\"wpb_wrapper\" >[vc_custom_heading text=\u00a0\u00bbCastel Sant\u2019Angelo\u00a0\u00bb google_fonts=\u00a0\u00bbfont_family:Open%20Sans%3A300%2C300italic%2Cregular%2Citalic%2C600%2C600italic%2C700%2C700italic%2C800%2C800italic|font_style:600%20bold%20regular%3A600%3Anormal\u00a0\u00bb css=\u00a0\u00bb.vc_custom_1669149452793{background-position: 0 0 !important;background-repeat: no-repeat !important;}\u00a0\u00bb][vc_column_text css=\u00a0\u00bb\u00a0\u00bb]<span class=\"dropcap\" style=\"background-color: #c60c0c;\">18<\/span><\/p>\n<p><strong>Quelle merveille que ce pont entour\u00e9 de statues qui m\u00e8ne \u00e0 l\u2019int\u00e9rieur de Castel Sant\u2019Angelo ;<\/strong> et quelle merveille que l\u2019int\u00e9rieur du ch\u00e2teau qui accompagne depuis des si\u00e8cles <strong>l\u2019<\/strong>histoire de Rome.<\/p>\n<p>&nbsp;<\/p>\n<figure id=\"attachment_9222\" aria-describedby=\"caption-attachment-9222\" style=\"width: 1244px\" class=\"wp-caption alignleft\"><img decoding=\"async\" class=\"size-full wp-image-9222\" src=\"https:\/\/www.10cose.it\/wp-content\/uploads\/2016\/05\/castel-sant-angelo-roma.jpg\" alt=\"Castel Sant\u2019Angelo \u00e0 Rome\" width=\"1244\" height=\"830\" srcset=\"https:\/\/www.10cose.it\/wp-content\/uploads\/2016\/05\/castel-sant-angelo-roma.jpg 1244w, https:\/\/www.10cose.it\/wp-content\/uploads\/2016\/05\/castel-sant-angelo-roma-300x200.jpg 300w, https:\/\/www.10cose.it\/wp-content\/uploads\/2016\/05\/castel-sant-angelo-roma-768x512.jpg 768w, https:\/\/www.10cose.it\/wp-content\/uploads\/2016\/05\/castel-sant-angelo-roma-1024x683.jpg 1024w, https:\/\/www.10cose.it\/wp-content\/uploads\/2016\/05\/castel-sant-angelo-roma-696x464.jpg 696w, https:\/\/www.10cose.it\/wp-content\/uploads\/2016\/05\/castel-sant-angelo-roma-1068x713.jpg 1068w, https:\/\/www.10cose.it\/wp-content\/uploads\/2016\/05\/castel-sant-angelo-roma-629x420.jpg 629w\" sizes=\"(max-width: 1244px) 100vw, 1244px\" \/><figcaption id=\"caption-attachment-9222\" class=\"wp-caption-text\">Castel Sant\u2019Angelo \u00e0 Rome<\/figcaption><\/figure>\n<p>Il devait \u00eatre le mausol\u00e9e du grand empereur Hadrien, qui le voulut dans ce qui \u00e9tait alors une zone tranquille et inhabit\u00e9e de Rome.<\/p>\n<p>Puis la ville devint grande, immense, et le mausol\u00e9e se retrouva en un point strat\u00e9gique pour la d\u00e9fense de la cit\u00e9.<\/p>\n<p>Ainsi, en 403 apr. J.-C., l\u2019empereur Honorius le fit int\u00e9grer dans la partie la plus importante de la ville, les murailles aur\u00e9liennes, lui faisant perdre sa fonction originelle.<\/p>\n<p>\u00c0 partir de ce moment, en effet, <strong>Castel Sant\u2019Angelo devient une forteresse au-del\u00e0 du Tibre pour d\u00e9fendre la ville. <\/strong><\/p>\n<h3>Horaires d\u2019ouverture et prix des billets de Castel Sant\u2019Angelo<\/h3>\n<p><strong>Horaires d\u2019ouverture<\/strong> :<\/p>\n<p>du lundi au dimanche de 9.00 \u00e0 19.30<br \/>\n<strong>Ferm\u00e9<\/strong> : 1er janvier, 1er mai et 25 d\u00e9cembre.<\/p>\n<p><strong>Prix des billets<\/strong> : 15 euros.<br \/>\n<strong>Comment arriver<\/strong> : \u00e0 pied le long du Lungotevere.<br \/>\n<strong>M\u00e9tro<\/strong> : Ligne A, arr\u00eat Lepanto.[\/vc_column_text]<div class=\"wpb_wrapper td_block_separator td_block_wrap vc_separator tdi_112  td_separator_solid td_separator_center\"><span style=\"border-color:juicy_pink;border-width:1px;width:100%;\"><\/span><\/div>[vc_column_text]<div class='ai-viewports ai-viewport-3 ai-insert-13-15042992' style='margin: 8px auto; text-align: center; display: block; clear: both;' data-insertion-position='prepend' data-selector='.ai-insert-13-15042992' data-insertion-no-dbg data-code='PGRpdiBjbGFzcz0nY29kZS1ibG9jayBjb2RlLWJsb2NrLTEzJyBzdHlsZT0nbWFyZ2luOiA4cHggYXV0bzsgdGV4dC1hbGlnbjogY2VudGVyOyBkaXNwbGF5OiBibG9jazsgY2xlYXI6IGJvdGg7Jz4KPHNjcmlwdCBhc3luYyB0eXBlPSd0ZXh0L2phdmFzY3JpcHQnIHNyYz0nLy9zLmNsaWNraW9jZG4uY29tL3QvMjE4MjYwLzM2MF9saWdodC5qcyc+PC9zY3JpcHQ+CjxzY3JpcHQgY2xhc3M9J19fbHhHY19fJyB0eXBlPSd0ZXh0L2phdmFzY3JpcHQnPgooKF9fbHhHY19fPXdpbmRvdy5fX2x4R2NfX3x8eydzJzp7fSwnYic6MH0pWydzJ11bJ18yMTgyNjAnXT1fX2x4R2NfX1sncyddWydfMjE4MjYwJ118fHsnYic6e319KVsnYiddWydfNzA5NDU3J109eydpJzpfX2x4R2NfXy5iKyt9Owo8L3NjcmlwdD4KCjxzY3JpcHQgYXN5bmMgdHlwZT0ndGV4dC9qYXZhc2NyaXB0JyBzcmM9Jy8vcy5jbGlja2lvY2RuLmNvbS90LzIxODI2MC8zNjBfbGlnaHQuanMnPjwvc2NyaXB0Pgo8c2NyaXB0IGNsYXNzPSdfX2x4R2NfXycgdHlwZT0ndGV4dC9qYXZhc2NyaXB0Jz4KKChfX2x4R2NfXz13aW5kb3cuX19seEdjX198fHsncyc6e30sJ2InOjB9KVsncyddWydfMjE4MjYwJ109X19seEdjX19bJ3MnXVsnXzIxODI2MCddfHx7J2InOnt9fSlbJ2InXVsnXzcwOTQ1OSddPXsnaSc6X19seEdjX18uYisrfTsKPC9zY3JpcHQ+PC9kaXY+Cg==' data-block='13'><\/div>\n<script>\n  ai_run_209992909297 = function(){ai_insert_viewport_code ('ai-insert-13-15042992');};\n  if (document.readyState === 'complete' || (document.readyState !== 'loading' && !document.documentElement.doScroll)) ai_run_209992909297 (); else document.addEventListener ('DOMContentLoaded', ai_run_209992909297);\n<\/script>\n[\/vc_column_text]<\/div><\/div><\/div><\/div><div id=\"tdi_113\" class=\"tdc-row\"><div class=\"vc_row tdi_114  wpb_row td-pb-row\" >\n<style scoped>\n\/* custom css - generated by TagDiv Composer *\/\n\n\/* custom css - generated by TagDiv Composer *\/\n.tdi_114,\r\n                .tdi_114 .tdc-columns{\r\n                    min-height: 0;\r\n                }.tdi_114,\r\n\t\t\t\t.tdi_114 .tdc-columns{\r\n\t\t\t\t    display: block;\r\n\t\t\t\t}.tdi_114 .tdc-columns{\r\n\t\t\t\t    width: 100%;\r\n\t\t\t\t}.tdi_114:before,\r\n\t\t\t\t.tdi_114:after{\r\n\t\t\t\t    display: table;\r\n\t\t\t\t}\n<\/style><div class=\"vc_column tdi_116  wpb_column vc_column_container tdc-column td-pb-span12\">\n<style scoped>\n\/* custom css - generated by TagDiv Composer *\/\n\n\/* custom css - generated by TagDiv Composer *\/\n.tdi_116{\r\n                    vertical-align: baseline;\r\n                }.tdi_116 > .wpb_wrapper,\r\n\t\t\t\t.tdi_116 > .wpb_wrapper > .tdc-elements{\r\n\t\t\t\t    display: block;\r\n\t\t\t\t}.tdi_116 > .wpb_wrapper > .tdc-elements{\r\n\t\t\t\t    width: 100%;\r\n\t\t\t\t}.tdi_116 > .wpb_wrapper > .vc_row_inner{\r\n\t\t\t\t    width: auto;\r\n\t\t\t\t}.tdi_116 > .wpb_wrapper{\r\n\t\t\t\t    width: auto;\r\n\t\t\t\t    height: auto;\r\n\t\t\t\t}\n<\/style><div class=\"wpb_wrapper\" >[vc_custom_heading text=\u00a0\u00bbLes Thermes de Caracalla\u00a0\u00bb google_fonts=\u00a0\u00bbfont_family:Open%20Sans%3A300%2C300italic%2Cregular%2Citalic%2C600%2C600italic%2C700%2C700italic%2C800%2C800italic|font_style:600%20bold%20regular%3A600%3Anormal\u00a0\u00bb css=\u00a0\u00bb.vc_custom_1654028887201{background-position: 0 0 !important;background-repeat: no-repeat !important;}\u00a0\u00bb][vc_column_text css=\u00a0\u00bb\u00a0\u00bb]<span class=\"dropcap\" style=\"background-color: #c60c0c;\">19<\/span><\/p>\n<p>Les <em>Thermae Antoninianae<\/em>, ou <strong>Thermes de Caracalla<\/strong>, \u00e9taient le complexe thermal le plus important de l\u2019Antiquit\u00e9.<\/p>\n<p>\u00c9difi\u00e9es dans la partie sud de Rome par la volont\u00e9 de Caracalla, leur construction commen\u00e7a en 212 et s\u2019acheva en 217 gr\u00e2ce au soutien de S\u00e9v\u00e8re Alexandre.<\/p>\n<figure id=\"attachment_9234\" aria-describedby=\"caption-attachment-9234\" style=\"width: 1152px\" class=\"wp-caption alignleft\"><img decoding=\"async\" class=\"size-full wp-image-9234\" src=\"https:\/\/www.10cose.it\/wp-content\/uploads\/2016\/05\/terme-caracalla-roma.jpg\" alt=\"Les Thermes de Caracalla \u00e0 Rome\" width=\"1152\" height=\"761\" srcset=\"https:\/\/www.10cose.it\/wp-content\/uploads\/2016\/05\/terme-caracalla-roma.jpg 1152w, https:\/\/www.10cose.it\/wp-content\/uploads\/2016\/05\/terme-caracalla-roma-300x198.jpg 300w, https:\/\/www.10cose.it\/wp-content\/uploads\/2016\/05\/terme-caracalla-roma-768x507.jpg 768w, https:\/\/www.10cose.it\/wp-content\/uploads\/2016\/05\/terme-caracalla-roma-1024x676.jpg 1024w, https:\/\/www.10cose.it\/wp-content\/uploads\/2016\/05\/terme-caracalla-roma-696x460.jpg 696w, https:\/\/www.10cose.it\/wp-content\/uploads\/2016\/05\/terme-caracalla-roma-1068x706.jpg 1068w, https:\/\/www.10cose.it\/wp-content\/uploads\/2016\/05\/terme-caracalla-roma-636x420.jpg 636w\" sizes=\"(max-width: 1152px) 100vw, 1152px\" \/><figcaption id=\"caption-attachment-9234\" class=\"wp-caption-text\">Les Thermes de Caracalla \u00e0 Rome<\/figcaption><\/figure>\n<p>Restaur\u00e9s par Aur\u00e9lien entre 270 et 275, les thermes rest\u00e8rent praticables jusqu\u2019\u00e0 l\u2019\u00e9poque des guerres gothiques, lorsque l\u2019arm\u00e9e de Vitig\u00e8s, qui assi\u00e9geait la ville, d\u00e9truisit une partie de l\u2019aqueduc Antoninien qui alimentait ce complexe.<\/p>\n<p>Ainsi, en 537, les thermes cess\u00e8rent de fonctionner.<\/p>\n<p><strong>Jusqu\u2019\u00e0 l\u2019inauguration des thermes de Diocl\u00e9tien, l\u2019ensemble resta le plus grand centre de loisirs de la vie romaine.<\/strong><\/p>\n<p>Les thermes, dont les ruines se dressent au pied de l\u2019Aventin, s\u2019ouvraient sur la Via Nova, parall\u00e8le de l\u2019Appia, qui repr\u00e9sentait l\u2019entr\u00e9e principale de l\u2019\u00e9tablissement, organis\u00e9 selon les dispositions planim\u00e9triques du IIe si\u00e8cle.<\/p>\n<h3>Horaires d\u2019ouverture et prix des billets pour les Thermes de Caracalla<\/h3>\n<p><strong>Horaires d\u2019ouverture<\/strong> :<\/p>\n<p>Ouvert tous les jours.<br \/>\nHeure d\u2019ouverture : 9.00<\/p>\n<ul>\n<li>de la derni\u00e8re dimanche d\u2019octobre au 15 f\u00e9vrier : derni\u00e8re entr\u00e9e 15.30 avec sortie \u00e0 16.30 ;<\/li>\n<li>du 16 f\u00e9vrier au 15 mars : derni\u00e8re entr\u00e9e 16.00 avec sortie \u00e0 17.00 ;<\/li>\n<li>du 16 mars au dernier samedi de mars : derni\u00e8re entr\u00e9e 16.30 avec sortie \u00e0 17.30 ;<\/li>\n<li>de la derni\u00e8re dimanche de mars au 31 ao\u00fbt : derni\u00e8re entr\u00e9e 18.30 avec sortie \u00e0 19.15 ;<\/li>\n<li>du 1er septembre au 30 septembre : derni\u00e8re entr\u00e9e 18.00 avec sortie \u00e0 19.00 ;<\/li>\n<li>du 1er octobre au dernier samedi d\u2019octobre : derni\u00e8re entr\u00e9e 17.30 avec sortie \u00e0 18.30.<\/li>\n<\/ul>\n<p>Le lundi, la derni\u00e8re entr\u00e9e est \u00e0 13.00 avec sortie \u00e0 14.00.<br \/>\n<strong>Ferm\u00e9 : 1er janvier, 1er mai et 25 d\u00e9cembre.<\/strong><\/p>\n<p><strong>Prix des billets<\/strong> : 10 \u20ac.<\/p>\n<p><strong>Adresse<\/strong> : zone Circus Maximus, Colis\u00e9e.<br \/>\n<strong>Comment arriver<\/strong> :<\/p>\n<p><strong>M\u00e9tro<\/strong> : ligne B, arr\u00eat Circo Massimo.<br \/>\n<strong>Bus :<\/strong> 118 \u2013 160 \u2013 628.[\/vc_column_text]<div class=\"wpb_wrapper td_block_separator td_block_wrap vc_separator tdi_118  td_separator_solid td_separator_center\"><span style=\"border-color:juicy_pink;border-width:1px;width:100%;\"><\/span><\/div>[vc_column_text]<div class='ai-viewports ai-viewport-3 ai-insert-13-30422569' style='margin: 8px auto; text-align: center; display: block; clear: both;' data-insertion-position='prepend' data-selector='.ai-insert-13-30422569' data-insertion-no-dbg data-code='PGRpdiBjbGFzcz0nY29kZS1ibG9jayBjb2RlLWJsb2NrLTEzJyBzdHlsZT0nbWFyZ2luOiA4cHggYXV0bzsgdGV4dC1hbGlnbjogY2VudGVyOyBkaXNwbGF5OiBibG9jazsgY2xlYXI6IGJvdGg7Jz4KPHNjcmlwdCBhc3luYyB0eXBlPSd0ZXh0L2phdmFzY3JpcHQnIHNyYz0nLy9zLmNsaWNraW9jZG4uY29tL3QvMjE4MjYwLzM2MF9saWdodC5qcyc+PC9zY3JpcHQ+CjxzY3JpcHQgY2xhc3M9J19fbHhHY19fJyB0eXBlPSd0ZXh0L2phdmFzY3JpcHQnPgooKF9fbHhHY19fPXdpbmRvdy5fX2x4R2NfX3x8eydzJzp7fSwnYic6MH0pWydzJ11bJ18yMTgyNjAnXT1fX2x4R2NfX1sncyddWydfMjE4MjYwJ118fHsnYic6e319KVsnYiddWydfNzA5NDU3J109eydpJzpfX2x4R2NfXy5iKyt9Owo8L3NjcmlwdD4KCjxzY3JpcHQgYXN5bmMgdHlwZT0ndGV4dC9qYXZhc2NyaXB0JyBzcmM9Jy8vcy5jbGlja2lvY2RuLmNvbS90LzIxODI2MC8zNjBfbGlnaHQuanMnPjwvc2NyaXB0Pgo8c2NyaXB0IGNsYXNzPSdfX2x4R2NfXycgdHlwZT0ndGV4dC9qYXZhc2NyaXB0Jz4KKChfX2x4R2NfXz13aW5kb3cuX19seEdjX198fHsncyc6e30sJ2InOjB9KVsncyddWydfMjE4MjYwJ109X19seEdjX19bJ3MnXVsnXzIxODI2MCddfHx7J2InOnt9fSlbJ2InXVsnXzcwOTQ1OSddPXsnaSc6X19seEdjX18uYisrfTsKPC9zY3JpcHQ+PC9kaXY+Cg==' data-block='13'><\/div>\n<script>\n  ai_run_271566513325 = function(){ai_insert_viewport_code ('ai-insert-13-30422569');};\n  if (document.readyState === 'complete' || (document.readyState !== 'loading' && !document.documentElement.doScroll)) ai_run_271566513325 (); else document.addEventListener ('DOMContentLoaded', ai_run_271566513325);\n<\/script>\n[\/vc_column_text]<\/div><\/div><\/div><\/div><div id=\"tdi_119\" class=\"tdc-row\"><div class=\"vc_row tdi_120  wpb_row td-pb-row\" >\n<style scoped>\n\/* custom css - generated by TagDiv Composer *\/\n\n\/* custom css - generated by TagDiv Composer *\/\n.tdi_120,\r\n                .tdi_120 .tdc-columns{\r\n                    min-height: 0;\r\n                }.tdi_120,\r\n\t\t\t\t.tdi_120 .tdc-columns{\r\n\t\t\t\t    display: block;\r\n\t\t\t\t}.tdi_120 .tdc-columns{\r\n\t\t\t\t    width: 100%;\r\n\t\t\t\t}.tdi_120:before,\r\n\t\t\t\t.tdi_120:after{\r\n\t\t\t\t    display: table;\r\n\t\t\t\t}\n<\/style><div class=\"vc_column tdi_122  wpb_column vc_column_container tdc-column td-pb-span12\">\n<style scoped>\n\/* custom css - generated by TagDiv Composer *\/\n\n\/* custom css - generated by TagDiv Composer *\/\n.tdi_122{\r\n                    vertical-align: baseline;\r\n                }.tdi_122 > .wpb_wrapper,\r\n\t\t\t\t.tdi_122 > .wpb_wrapper > .tdc-elements{\r\n\t\t\t\t    display: block;\r\n\t\t\t\t}.tdi_122 > .wpb_wrapper > .tdc-elements{\r\n\t\t\t\t    width: 100%;\r\n\t\t\t\t}.tdi_122 > .wpb_wrapper > .vc_row_inner{\r\n\t\t\t\t    width: auto;\r\n\t\t\t\t}.tdi_122 > .wpb_wrapper{\r\n\t\t\t\t    width: auto;\r\n\t\t\t\t    height: auto;\r\n\t\t\t\t}\n<\/style><div class=\"wpb_wrapper\" >[vc_custom_heading text=\u00a0\u00bbQue manger \u00e0 Rome\u00a0\u00bb google_fonts=\u00a0\u00bbfont_family:Open%20Sans%3A300%2C300italic%2Cregular%2Citalic%2C600%2C600italic%2C700%2C700italic%2C800%2C800italic|font_style:600%20bold%20regular%3A600%3Anormal\u00a0\u00bb css=\u00a0\u00bb.vc_custom_1443561762824{background-position: 0 0 !important;background-repeat: no-repeat !important;}\u00a0\u00bb][vc_column_text]<span class=\"dropcap\" style=\"background-color: #c60c0c;\">20<\/span><\/p>\n<p><strong>La cuisine romaine est authentique, populaire, simple mais nourrissante,<\/strong> et elle est rest\u00e9e inchang\u00e9e au fil des si\u00e8cles.<\/p>\n<p>Font partie de la tradition les rigatoni \u00e0 la <strong>pajata<\/strong>, des abats de b\u0153uf ou de veau cuits dans un soffritto tr\u00e8s savoureux, et les bucatini <strong>all\u2019amatriciana<\/strong>, tomate, guanciale et pecorino, ainsi que les <strong>cacio e pepe<\/strong>, autant de plats tr\u00e8s caloriques par excellence, mais qui valent bien une exception au r\u00e9gime.<\/p>\n<figure id=\"attachment_1726\" aria-describedby=\"caption-attachment-1726\" style=\"width: 375px\" class=\"wp-caption alignleft\"><img decoding=\"async\" class=\"size-full wp-image-1726\" src=\"https:\/\/www.10cose.it\/wp-content\/uploads\/2015\/10\/cosa-mangiare-roma.jpg\" alt=\"Piazza di Spagna \u00e0 Rome\" width=\"375\" height=\"250\" srcset=\"https:\/\/www.10cose.it\/wp-content\/uploads\/2015\/10\/cosa-mangiare-roma.jpg 375w, https:\/\/www.10cose.it\/wp-content\/uploads\/2015\/10\/cosa-mangiare-roma-300x200.jpg 300w\" sizes=\"(max-width: 375px) 100vw, 375px\" \/><figcaption id=\"caption-attachment-1726\" class=\"wp-caption-text\">Piazza di Spagna \u00e0 Rome<\/figcaption><\/figure>\n<p>La recette originelle est n\u00e9e \u00e0 Amatrice, une ville du Latium o\u00f9 les gros spaghettis avec guanciale et pecorino \u00e9taient le plat typique des bergers et montagnards de l\u2019Apennin central.<\/p>\n<p>Elle s\u2019est ensuite diffus\u00e9e dans toute l\u2019Italie. Ne manquez pas les autres grands plats de la tradition romaine, comme les spaghetti alla carbonara qui, dit-on, auraient \u00e9t\u00e9 r\u00e9alis\u00e9s avec les rations alimentaires des Alli\u00e9s pendant la Seconde Guerre mondiale, ou encore les cacio e pepe.<\/p>\n<p>La cuisine de la capitale ne repose pas seulement sur les premiers plats : dans l\u2019une des excellentes trattorias de la ville, vous pourrez go\u00fbter des plats typiques comme <strong>l\u2019abbacchio alla romana, la coda alla vaccinara, le fritto misto de viande, la porchetta de la proche Ariccia<\/strong>,<\/p>\n<p>accompagn\u00e9s des c\u00e9l\u00e8bres artichauts \u00e0 la <em>giudia<\/em>, de la <strong>chicor\u00e9e ou des puntarelle<\/strong>. Si vous \u00eates encore debout, terminez votre repas avec un beau <strong>maritozzo \u00e0 la cr\u00e8me !<\/strong>[\/vc_column_text]<div class=\"wpb_wrapper td_block_separator td_block_wrap vc_separator tdi_124  td_separator_solid td_separator_center\"><span style=\"border-color:juicy_pink;border-width:1px;width:100%;\"><\/span><\/div>[vc_column_text]<div class='ai-viewports ai-viewport-3 ai-insert-13-97948279' style='margin: 8px auto; text-align: center; display: block; clear: both;' data-insertion-position='prepend' data-selector='.ai-insert-13-97948279' data-insertion-no-dbg data-code='PGRpdiBjbGFzcz0nY29kZS1ibG9jayBjb2RlLWJsb2NrLTEzJyBzdHlsZT0nbWFyZ2luOiA4cHggYXV0bzsgdGV4dC1hbGlnbjogY2VudGVyOyBkaXNwbGF5OiBibG9jazsgY2xlYXI6IGJvdGg7Jz4KPHNjcmlwdCBhc3luYyB0eXBlPSd0ZXh0L2phdmFzY3JpcHQnIHNyYz0nLy9zLmNsaWNraW9jZG4uY29tL3QvMjE4MjYwLzM2MF9saWdodC5qcyc+PC9zY3JpcHQ+CjxzY3JpcHQgY2xhc3M9J19fbHhHY19fJyB0eXBlPSd0ZXh0L2phdmFzY3JpcHQnPgooKF9fbHhHY19fPXdpbmRvdy5fX2x4R2NfX3x8eydzJzp7fSwnYic6MH0pWydzJ11bJ18yMTgyNjAnXT1fX2x4R2NfX1sncyddWydfMjE4MjYwJ118fHsnYic6e319KVsnYiddWydfNzA5NDU3J109eydpJzpfX2x4R2NfXy5iKyt9Owo8L3NjcmlwdD4KCjxzY3JpcHQgYXN5bmMgdHlwZT0ndGV4dC9qYXZhc2NyaXB0JyBzcmM9Jy8vcy5jbGlja2lvY2RuLmNvbS90LzIxODI2MC8zNjBfbGlnaHQuanMnPjwvc2NyaXB0Pgo8c2NyaXB0IGNsYXNzPSdfX2x4R2NfXycgdHlwZT0ndGV4dC9qYXZhc2NyaXB0Jz4KKChfX2x4R2NfXz13aW5kb3cuX19seEdjX198fHsncyc6e30sJ2InOjB9KVsncyddWydfMjE4MjYwJ109X19seEdjX19bJ3MnXVsnXzIxODI2MCddfHx7J2InOnt9fSlbJ2InXVsnXzcwOTQ1OSddPXsnaSc6X19seEdjX18uYisrfTsKPC9zY3JpcHQ+PC9kaXY+Cg==' data-block='13'><\/div>\n<script>\n  ai_run_142453569748 = function(){ai_insert_viewport_code ('ai-insert-13-97948279');};\n  if (document.readyState === 'complete' || (document.readyState !== 'loading' && !document.documentElement.doScroll)) ai_run_142453569748 (); else document.addEventListener ('DOMContentLoaded', ai_run_142453569748);\n<\/script>\n[\/vc_column_text]<\/div><\/div><\/div><\/div><div id=\"tdi_125\" class=\"tdc-row\"><div class=\"vc_row tdi_126  wpb_row td-pb-row\" >\n<style scoped>\n\/* custom css - generated by TagDiv Composer *\/\n\n\/* custom css - generated by TagDiv Composer *\/\n.tdi_126,\r\n                .tdi_126 .tdc-columns{\r\n                    min-height: 0;\r\n                }.tdi_126,\r\n\t\t\t\t.tdi_126 .tdc-columns{\r\n\t\t\t\t    display: block;\r\n\t\t\t\t}.tdi_126 .tdc-columns{\r\n\t\t\t\t    width: 100%;\r\n\t\t\t\t}.tdi_126:before,\r\n\t\t\t\t.tdi_126:after{\r\n\t\t\t\t    display: table;\r\n\t\t\t\t}\n<\/style><div class=\"vc_column tdi_128  wpb_column vc_column_container tdc-column td-pb-span12\">\n<style scoped>\n\/* custom css - generated by TagDiv Composer *\/\n\n\/* custom css - generated by TagDiv Composer *\/\n.tdi_128{\r\n                    vertical-align: baseline;\r\n                }.tdi_128 > .wpb_wrapper,\r\n\t\t\t\t.tdi_128 > .wpb_wrapper > .tdc-elements{\r\n\t\t\t\t    display: block;\r\n\t\t\t\t}.tdi_128 > .wpb_wrapper > .tdc-elements{\r\n\t\t\t\t    width: 100%;\r\n\t\t\t\t}.tdi_128 > .wpb_wrapper > .vc_row_inner{\r\n\t\t\t\t    width: auto;\r\n\t\t\t\t}.tdi_128 > .wpb_wrapper{\r\n\t\t\t\t    width: auto;\r\n\t\t\t\t    height: auto;\r\n\t\t\t\t}\n<\/style><div class=\"wpb_wrapper\" >[vc_custom_heading text=\u00a0\u00bbO\u00f9 dormir \u00e0 Rome\u00a0\u00bb google_fonts=\u00a0\u00bbfont_family:Open%20Sans%3A300%2C300italic%2Cregular%2Citalic%2C600%2C600italic%2C700%2C700italic%2C800%2C800italic|font_style:600%20bold%20regular%3A600%3Anormal\u00a0\u00bb css=\u00a0\u00bb.vc_custom_1443561850464{background-position: 0 0 !important;background-repeat: no-repeat !important;}\u00a0\u00bb][vc_column_text]<span class=\"dropcap\" style=\"background-color: #c60c0c;\">H<\/span>Audiences du Pape, \u00e9v\u00e9nements internationaux, concerts, manifestations, groupes scolaires et millions de touristes rendent la recherche d\u2019un lit bon march\u00e9 particuli\u00e8rement stimulante, mais Rome poss\u00e8de une capacit\u00e9 touristique exceptionnelle.<\/p>\n<figure id=\"attachment_1729\" aria-describedby=\"caption-attachment-1729\" style=\"width: 375px\" class=\"wp-caption alignleft\"><img decoding=\"async\" class=\"size-full wp-image-1729\" src=\"https:\/\/www.10cose.it\/wp-content\/uploads\/2015\/10\/hotel-dove-dormire-roma.jpg\" alt=\"O\u00f9 dormir \u00e0 Rome\" width=\"375\" height=\"250\" srcset=\"https:\/\/www.10cose.it\/wp-content\/uploads\/2015\/10\/hotel-dove-dormire-roma.jpg 375w, https:\/\/www.10cose.it\/wp-content\/uploads\/2015\/10\/hotel-dove-dormire-roma-300x200.jpg 300w\" sizes=\"(max-width: 375px) 100vw, 375px\" \/><figcaption id=\"caption-attachment-1729\" class=\"wp-caption-text\">O\u00f9 dormir \u00e0 Rome<\/figcaption><\/figure>\n<p>Bien s\u00fbr, en r\u00e9servant \u00e0 l\u2019avance, on \u00e9conomise beaucoup et\/ou l\u2019on trouve un meilleur h\u00e9bergement, mais une place se trouve toujours, m\u00eame pendant les p\u00e9riodes de tr\u00e8s haute saison.<\/p>\n<p>\u00c9videmment, loger dans le centre historique implique une d\u00e9pense \u00e9lev\u00e9e ou, en d\u00e9pensant peu, une certaine capacit\u00e9 d\u2019adaptation \u00e0 de petits h\u00f4tels, sans petit-d\u00e9jeuner ou sans service.<\/p>\n<p>De nombreuses autres possibilit\u00e9s se trouvent dans les h\u00f4tels juste hors du centre, dans les quartiers plus p\u00e9riph\u00e9riques. Le prix moyen d\u2019un h\u00f4tel 3 \u00e9toiles pour une nuit commence \u00e0 partir de 80 \u20ac.<\/p>\n<blockquote class=\"td_quote_box td_box_center\">\n<p style=\"text-align: left;\">Si vous cherchez un h\u00f4tel \u00e0 Rome, nous vous conseillons de choisir parmi ceux propos\u00e9s par <strong><a href=\"https:\/\/www.booking.com\/city\/it\/rome.it.html?aid=340168;label=roma\" target=\"_blank\" rel=\"sponsored noopener noreferrer\">Booking.com<\/a>.<\/strong> Il y a environ 2000 h\u00f4tels avec prix, photos et commentaires de voyageurs ayant s\u00e9journ\u00e9 avant vous. <a href=\"https:\/\/www.booking.com\/city\/it\/rome.it.html?aid=340168;label=roma\" target=\"_blank\" rel=\"sponsored noopener noreferrer\"><strong>Aller sur Booking.com<\/strong><\/a><\/p>\n<\/blockquote>\n<p>[\/vc_column_text]<div class=\"wpb_wrapper td_block_separator td_block_wrap vc_separator tdi_130  td_separator_solid td_separator_center\"><span style=\"border-color:juicy_pink;border-width:1px;width:100%;\"><\/span><\/div><\/div><\/div><\/div><\/div>\n<\/div>","protected":false},"excerpt":{"rendered":"[vc_column_text]Il est difficile de parler de ce qu\u2019il faut voir \u00e0 Rome en quelques mots, tout comme il est difficile de croire que cette merveilleuse ville soit n\u00e9e d\u2019un petit campement de bergers sur le mont Palatin et d\u2019une louve qui aurait allait\u00e9 deux enfants comme s\u2019ils \u00e9taient ses propres petits. C\u2019est peut-\u00eatre ce myst\u00e8re [...]","protected":false},"author":3,"featured_media":1669,"comment_status":"closed","ping_status":"closed","sticky":false,"template":"","format":"standard","meta":{"_bos_mb_destination":["Roma"],"footnotes":""},"categories":[618,603],"tags":[],"class_list":{"0":"post-1538","1":"post","2":"type-post","3":"status-publish","4":"format-standard","5":"has-post-thumbnail","7":"category-rome","8":"category-villes-d-art"},"yoast_head":"<!-- This site is optimized with the Yoast SEO plugin v26.8 - https:\/\/yoast.com\/product\/yoast-seo-wordpress\/ -->\n<title>Que voir \u00e0 Rome : 20 lieux incontournables de la Ville \u00e9ternelle<\/title>\n<meta name=\"description\" content=\"Les choses \u00e0 faire et \u00e0 voir absolument pendant des vacances ou un week-end \u00e0 Rome.\" \/>\n<meta name=\"robots\" content=\"index, follow, max-snippet:-1, max-image-preview:large, max-video-preview:-1\" \/>\n<link rel=\"canonical\" href=\"https:\/\/www.10cose.it\/fr\/rome\/que-voir-rome\" \/>\n<meta property=\"og:locale\" content=\"fr_FR\" \/>\n<meta property=\"og:type\" content=\"article\" \/>\n<meta property=\"og:title\" content=\"Que voir \u00e0 Rome : 20 lieux incontournables de la Ville \u00e9ternelle\" \/>\n<meta property=\"og:description\" content=\"Les choses \u00e0 faire et \u00e0 voir absolument pendant des vacances ou un week-end \u00e0 Rome.\" \/>\n<meta property=\"og:url\" content=\"https:\/\/www.10cose.it\/fr\/rome\/que-voir-rome\" \/>\n<meta property=\"og:site_name\" content=\"10Cose.it\" \/>\n<meta property=\"article:publisher\" content=\"https:\/\/www.facebook.com\/10cose\" \/>\n<meta property=\"article:author\" content=\"https:\/\/www.facebook.com\/alfonso.cannavacciuolo\" \/>\n<meta property=\"article:published_time\" content=\"2019-03-12T13:15:24+00:00\" \/>\n<meta property=\"article:modified_time\" content=\"2026-04-26T05:51:36+00:00\" \/>\n<meta property=\"og:image\" content=\"https:\/\/www.10cose.it\/wp-content\/uploads\/2016\/05\/colosseo-roma.jpg\" \/>\n\t<meta property=\"og:image:width\" content=\"1200\" \/>\n\t<meta property=\"og:image:height\" content=\"800\" \/>\n\t<meta property=\"og:image:type\" content=\"image\/jpeg\" \/>\n<meta name=\"author\" content=\"Alfonso Cannavacciuolo\" \/>\n<meta name=\"twitter:card\" content=\"summary_large_image\" \/>\n<meta name=\"twitter:label1\" content=\"\u00c9crit par\" \/>\n\t<meta name=\"twitter:data1\" content=\"Alfonso Cannavacciuolo\" \/>\n\t<meta name=\"twitter:label2\" content=\"Dur\u00e9e de lecture estim\u00e9e\" \/>\n\t<meta name=\"twitter:data2\" content=\"35 minutes\" \/>\n<script type=\"application\/ld+json\" class=\"yoast-schema-graph\">{\"@context\":\"https:\/\/schema.org\",\"@graph\":[{\"@type\":\"Article\",\"@id\":\"https:\/\/www.10cose.it\/fr\/rome\/que-voir-rome#article\",\"isPartOf\":{\"@id\":\"https:\/\/www.10cose.it\/fr\/rome\/que-voir-rome\"},\"author\":{\"name\":\"Alfonso Cannavacciuolo\",\"@id\":\"https:\/\/www.10cose.it\/fr#\/schema\/person\/c80c316b467d8a1154ed7e3cbb1aa70e\"},\"headline\":\"Que voir \u00e0 Rome : 20 lieux incontournables de la Ville \u00e9ternelle\",\"datePublished\":\"2019-03-12T13:15:24+00:00\",\"dateModified\":\"2026-04-26T05:51:36+00:00\",\"mainEntityOfPage\":{\"@id\":\"https:\/\/www.10cose.it\/fr\/rome\/que-voir-rome\"},\"wordCount\":7800,\"image\":{\"@id\":\"https:\/\/www.10cose.it\/fr\/rome\/que-voir-rome#primaryimage\"},\"thumbnailUrl\":\"https:\/\/www.10cose.it\/wp-content\/uploads\/2015\/09\/roma.jpg\",\"articleSection\":[\"Rome\",\"Villes d&#039;art\"],\"inLanguage\":\"fr-FR\"},{\"@type\":\"WebPage\",\"@id\":\"https:\/\/www.10cose.it\/fr\/rome\/que-voir-rome\",\"url\":\"https:\/\/www.10cose.it\/fr\/rome\/que-voir-rome\",\"name\":\"Que voir \u00e0 Rome : 20 lieux incontournables de la Ville \u00e9ternelle\",\"isPartOf\":{\"@id\":\"https:\/\/www.10cose.it\/fr#website\"},\"primaryImageOfPage\":{\"@id\":\"https:\/\/www.10cose.it\/fr\/rome\/que-voir-rome#primaryimage\"},\"image\":{\"@id\":\"https:\/\/www.10cose.it\/fr\/rome\/que-voir-rome#primaryimage\"},\"thumbnailUrl\":\"https:\/\/www.10cose.it\/wp-content\/uploads\/2015\/09\/roma.jpg\",\"datePublished\":\"2019-03-12T13:15:24+00:00\",\"dateModified\":\"2026-04-26T05:51:36+00:00\",\"author\":{\"@id\":\"https:\/\/www.10cose.it\/fr#\/schema\/person\/c80c316b467d8a1154ed7e3cbb1aa70e\"},\"description\":\"Les choses \u00e0 faire et \u00e0 voir absolument pendant des vacances ou un week-end \u00e0 Rome.\",\"breadcrumb\":{\"@id\":\"https:\/\/www.10cose.it\/fr\/rome\/que-voir-rome#breadcrumb\"},\"inLanguage\":\"fr-FR\",\"potentialAction\":[{\"@type\":\"ReadAction\",\"target\":[\"https:\/\/www.10cose.it\/fr\/rome\/que-voir-rome\"]}]},{\"@type\":\"ImageObject\",\"inLanguage\":\"fr-FR\",\"@id\":\"https:\/\/www.10cose.it\/fr\/rome\/que-voir-rome#primaryimage\",\"url\":\"https:\/\/www.10cose.it\/wp-content\/uploads\/2015\/09\/roma.jpg\",\"contentUrl\":\"https:\/\/www.10cose.it\/wp-content\/uploads\/2015\/09\/roma.jpg\",\"width\":2700,\"height\":1800,\"caption\":\"Roma\"},{\"@type\":\"BreadcrumbList\",\"@id\":\"https:\/\/www.10cose.it\/fr\/rome\/que-voir-rome#breadcrumb\",\"itemListElement\":[{\"@type\":\"ListItem\",\"position\":1,\"name\":\"Home\",\"item\":\"https:\/\/www.10cose.it\/fr\"},{\"@type\":\"ListItem\",\"position\":2,\"name\":\"Que voir \u00e0 Rome : 20 lieux incontournables de la Ville \u00e9ternelle\"}]},{\"@type\":\"WebSite\",\"@id\":\"https:\/\/www.10cose.it\/fr#website\",\"url\":\"https:\/\/www.10cose.it\/fr\",\"name\":\"10Cose.it\",\"description\":\"La guida turistica che conta\",\"potentialAction\":[{\"@type\":\"SearchAction\",\"target\":{\"@type\":\"EntryPoint\",\"urlTemplate\":\"https:\/\/www.10cose.it\/fr?s={search_term_string}\"},\"query-input\":{\"@type\":\"PropertyValueSpecification\",\"valueRequired\":true,\"valueName\":\"search_term_string\"}}],\"inLanguage\":\"fr-FR\"},{\"@type\":\"Person\",\"@id\":\"https:\/\/www.10cose.it\/fr#\/schema\/person\/c80c316b467d8a1154ed7e3cbb1aa70e\",\"name\":\"Alfonso Cannavacciuolo\",\"image\":{\"@type\":\"ImageObject\",\"inLanguage\":\"fr-FR\",\"@id\":\"https:\/\/www.10cose.it\/fr#\/schema\/person\/image\/\",\"url\":\"https:\/\/secure.gravatar.com\/avatar\/07dd21fa5f5be64529ebba6b73d41aa689a271c3ded36579ae89cf0610610977?s=96&d=mm&r=g\",\"contentUrl\":\"https:\/\/secure.gravatar.com\/avatar\/07dd21fa5f5be64529ebba6b73d41aa689a271c3ded36579ae89cf0610610977?s=96&d=mm&r=g\",\"caption\":\"Alfonso Cannavacciuolo\"},\"description\":\"Alfonso Cannavacciuolo \u00e8 un copywriter e redattore professionista. Scrive per aziende e agenzie pubblicitarie. Insegna scrittura in master e universit\u00e0 e ha pubblicato tre manuali di scrittura con Hoepli editore. Appassionato di viaggi e fotografia, scrive guide e reportage. Ha fondato 10cose.it nel 2009. Oggi 10cose.it \u00e8 uno dei principali portali turistici italiani.\",\"sameAs\":[\"https:\/\/g.co\/kgs\/ZZghdD\",\"https:\/\/www.facebook.com\/alfonso.cannavacciuolo\",\"https:\/\/www.instagram.com\/cannavacciuo\/\",\"https:\/\/www.linkedin.com\/in\/alfonso-cannavacciuolo-a551775\/\"],\"url\":\"https:\/\/www.10cose.it\/fr\/author\/br5fcowh3nlo2ckhzx\"}]}<\/script>\n<!-- \/ Yoast SEO plugin. -->","yoast_head_json":{"title":"Que voir \u00e0 Rome : 20 lieux incontournables de la Ville \u00e9ternelle","description":"Les choses \u00e0 faire et \u00e0 voir absolument pendant des vacances ou un week-end \u00e0 Rome.","robots":{"index":"index","follow":"follow","max-snippet":"max-snippet:-1","max-image-preview":"max-image-preview:large","max-video-preview":"max-video-preview:-1"},"canonical":"https:\/\/www.10cose.it\/fr\/rome\/que-voir-rome","og_locale":"fr_FR","og_type":"article","og_title":"Que voir \u00e0 Rome : 20 lieux incontournables de la Ville \u00e9ternelle","og_description":"Les choses \u00e0 faire et \u00e0 voir absolument pendant des vacances ou un week-end \u00e0 Rome.","og_url":"https:\/\/www.10cose.it\/fr\/rome\/que-voir-rome","og_site_name":"10Cose.it","article_publisher":"https:\/\/www.facebook.com\/10cose","article_author":"https:\/\/www.facebook.com\/alfonso.cannavacciuolo","article_published_time":"2019-03-12T13:15:24+00:00","article_modified_time":"2026-04-26T05:51:36+00:00","og_image":[{"width":1200,"height":800,"url":"https:\/\/www.10cose.it\/wp-content\/uploads\/2016\/05\/colosseo-roma.jpg","type":"image\/jpeg"}],"author":"Alfonso Cannavacciuolo","twitter_card":"summary_large_image","twitter_misc":{"\u00c9crit par":"Alfonso Cannavacciuolo","Dur\u00e9e de lecture estim\u00e9e":"35 minutes"},"schema":{"@context":"https:\/\/schema.org","@graph":[{"@type":"Article","@id":"https:\/\/www.10cose.it\/fr\/rome\/que-voir-rome#article","isPartOf":{"@id":"https:\/\/www.10cose.it\/fr\/rome\/que-voir-rome"},"author":{"name":"Alfonso Cannavacciuolo","@id":"https:\/\/www.10cose.it\/fr#\/schema\/person\/c80c316b467d8a1154ed7e3cbb1aa70e"},"headline":"Que voir \u00e0 Rome : 20 lieux incontournables de la Ville \u00e9ternelle","datePublished":"2019-03-12T13:15:24+00:00","dateModified":"2026-04-26T05:51:36+00:00","mainEntityOfPage":{"@id":"https:\/\/www.10cose.it\/fr\/rome\/que-voir-rome"},"wordCount":7800,"image":{"@id":"https:\/\/www.10cose.it\/fr\/rome\/que-voir-rome#primaryimage"},"thumbnailUrl":"https:\/\/www.10cose.it\/wp-content\/uploads\/2015\/09\/roma.jpg","articleSection":["Rome","Villes d&#039;art"],"inLanguage":"fr-FR"},{"@type":"WebPage","@id":"https:\/\/www.10cose.it\/fr\/rome\/que-voir-rome","url":"https:\/\/www.10cose.it\/fr\/rome\/que-voir-rome","name":"Que voir \u00e0 Rome : 20 lieux incontournables de la Ville \u00e9ternelle","isPartOf":{"@id":"https:\/\/www.10cose.it\/fr#website"},"primaryImageOfPage":{"@id":"https:\/\/www.10cose.it\/fr\/rome\/que-voir-rome#primaryimage"},"image":{"@id":"https:\/\/www.10cose.it\/fr\/rome\/que-voir-rome#primaryimage"},"thumbnailUrl":"https:\/\/www.10cose.it\/wp-content\/uploads\/2015\/09\/roma.jpg","datePublished":"2019-03-12T13:15:24+00:00","dateModified":"2026-04-26T05:51:36+00:00","author":{"@id":"https:\/\/www.10cose.it\/fr#\/schema\/person\/c80c316b467d8a1154ed7e3cbb1aa70e"},"description":"Les choses \u00e0 faire et \u00e0 voir absolument pendant des vacances ou un week-end \u00e0 Rome.","breadcrumb":{"@id":"https:\/\/www.10cose.it\/fr\/rome\/que-voir-rome#breadcrumb"},"inLanguage":"fr-FR","potentialAction":[{"@type":"ReadAction","target":["https:\/\/www.10cose.it\/fr\/rome\/que-voir-rome"]}]},{"@type":"ImageObject","inLanguage":"fr-FR","@id":"https:\/\/www.10cose.it\/fr\/rome\/que-voir-rome#primaryimage","url":"https:\/\/www.10cose.it\/wp-content\/uploads\/2015\/09\/roma.jpg","contentUrl":"https:\/\/www.10cose.it\/wp-content\/uploads\/2015\/09\/roma.jpg","width":2700,"height":1800,"caption":"Roma"},{"@type":"BreadcrumbList","@id":"https:\/\/www.10cose.it\/fr\/rome\/que-voir-rome#breadcrumb","itemListElement":[{"@type":"ListItem","position":1,"name":"Home","item":"https:\/\/www.10cose.it\/fr"},{"@type":"ListItem","position":2,"name":"Que voir \u00e0 Rome : 20 lieux incontournables de la Ville \u00e9ternelle"}]},{"@type":"WebSite","@id":"https:\/\/www.10cose.it\/fr#website","url":"https:\/\/www.10cose.it\/fr","name":"10Cose.it","description":"La guida turistica che conta","potentialAction":[{"@type":"SearchAction","target":{"@type":"EntryPoint","urlTemplate":"https:\/\/www.10cose.it\/fr?s={search_term_string}"},"query-input":{"@type":"PropertyValueSpecification","valueRequired":true,"valueName":"search_term_string"}}],"inLanguage":"fr-FR"},{"@type":"Person","@id":"https:\/\/www.10cose.it\/fr#\/schema\/person\/c80c316b467d8a1154ed7e3cbb1aa70e","name":"Alfonso Cannavacciuolo","image":{"@type":"ImageObject","inLanguage":"fr-FR","@id":"https:\/\/www.10cose.it\/fr#\/schema\/person\/image\/","url":"https:\/\/secure.gravatar.com\/avatar\/07dd21fa5f5be64529ebba6b73d41aa689a271c3ded36579ae89cf0610610977?s=96&d=mm&r=g","contentUrl":"https:\/\/secure.gravatar.com\/avatar\/07dd21fa5f5be64529ebba6b73d41aa689a271c3ded36579ae89cf0610610977?s=96&d=mm&r=g","caption":"Alfonso Cannavacciuolo"},"description":"Alfonso Cannavacciuolo \u00e8 un copywriter e redattore professionista. Scrive per aziende e agenzie pubblicitarie. Insegna scrittura in master e universit\u00e0 e ha pubblicato tre manuali di scrittura con Hoepli editore. Appassionato di viaggi e fotografia, scrive guide e reportage. Ha fondato 10cose.it nel 2009. Oggi 10cose.it \u00e8 uno dei principali portali turistici italiani.","sameAs":["https:\/\/g.co\/kgs\/ZZghdD","https:\/\/www.facebook.com\/alfonso.cannavacciuolo","https:\/\/www.instagram.com\/cannavacciuo\/","https:\/\/www.linkedin.com\/in\/alfonso-cannavacciuolo-a551775\/"],"url":"https:\/\/www.10cose.it\/fr\/author\/br5fcowh3nlo2ckhzx"}]}},"_links":{"self":[{"href":"https:\/\/www.10cose.it\/fr\/wp-json\/wp\/v2\/posts\/1538","targetHints":{"allow":["GET"]}}],"collection":[{"href":"https:\/\/www.10cose.it\/fr\/wp-json\/wp\/v2\/posts"}],"about":[{"href":"https:\/\/www.10cose.it\/fr\/wp-json\/wp\/v2\/types\/post"}],"author":[{"embeddable":true,"href":"https:\/\/www.10cose.it\/fr\/wp-json\/wp\/v2\/users\/3"}],"replies":[{"embeddable":true,"href":"https:\/\/www.10cose.it\/fr\/wp-json\/wp\/v2\/comments?post=1538"}],"version-history":[{"count":62,"href":"https:\/\/www.10cose.it\/fr\/wp-json\/wp\/v2\/posts\/1538\/revisions"}],"predecessor-version":[{"id":36816,"href":"https:\/\/www.10cose.it\/fr\/wp-json\/wp\/v2\/posts\/1538\/revisions\/36816"}],"wp:featuredmedia":[{"embeddable":true,"href":"https:\/\/www.10cose.it\/fr\/wp-json\/wp\/v2\/media\/1669"}],"wp:attachment":[{"href":"https:\/\/www.10cose.it\/fr\/wp-json\/wp\/v2\/media?parent=1538"}],"wp:term":[{"taxonomy":"category","embeddable":true,"href":"https:\/\/www.10cose.it\/fr\/wp-json\/wp\/v2\/categories?post=1538"},{"taxonomy":"post_tag","embeddable":true,"href":"https:\/\/www.10cose.it\/fr\/wp-json\/wp\/v2\/tags?post=1538"}],"curies":[{"name":"wp","href":"https:\/\/api.w.org\/{rel}","templated":true}]}}