{"id":1075,"date":"2026-04-26T16:30:15","date_gmt":"2026-04-26T14:30:15","guid":{"rendered":"http:\/\/www.10cose.it\/?p=1075"},"modified":"2026-04-26T16:30:47","modified_gmt":"2026-04-26T14:30:47","slug":"que-voir-verone","status":"publish","type":"post","link":"https:\/\/www.10cose.it\/fr\/verone\/que-voir-verone","title":{"rendered":"Que faire et voir \u00e0 V\u00e9rone"},"content":{"rendered":"<div class=\"wpb-content-wrapper\"><div id=\"tdi_1\" class=\"tdc-row\"><div class=\"vc_row tdi_2  wpb_row td-pb-row\" >\n<style scoped>\n\/* custom css - generated by TagDiv Composer *\/\n\n\/* custom css - generated by TagDiv Composer *\/\n.tdi_2,\r\n                .tdi_2 .tdc-columns{\r\n                    min-height: 0;\r\n                }.tdi_2,\r\n\t\t\t\t.tdi_2 .tdc-columns{\r\n\t\t\t\t    display: block;\r\n\t\t\t\t}.tdi_2 .tdc-columns{\r\n\t\t\t\t    width: 100%;\r\n\t\t\t\t}.tdi_2:before,\r\n\t\t\t\t.tdi_2:after{\r\n\t\t\t\t    display: table;\r\n\t\t\t\t}\n<\/style><div class=\"vc_column tdi_4  wpb_column vc_column_container tdc-column td-pb-span12\">\n<style scoped>\n\/* custom css - generated by TagDiv Composer *\/\n\n\/* custom css - generated by TagDiv Composer *\/\n.tdi_4{\r\n                    vertical-align: baseline;\r\n                }.tdi_4 > .wpb_wrapper,\r\n\t\t\t\t.tdi_4 > .wpb_wrapper > .tdc-elements{\r\n\t\t\t\t    display: block;\r\n\t\t\t\t}.tdi_4 > .wpb_wrapper > .tdc-elements{\r\n\t\t\t\t    width: 100%;\r\n\t\t\t\t}.tdi_4 > .wpb_wrapper > .vc_row_inner{\r\n\t\t\t\t    width: auto;\r\n\t\t\t\t}.tdi_4 > .wpb_wrapper{\r\n\t\t\t\t    width: auto;\r\n\t\t\t\t    height: auto;\r\n\t\t\t\t}\n<\/style><div class=\"wpb_wrapper\" >[vc_column_text css=\u00a0\u00bb\u00a0\u00bb]On ne peut pas penser \u00e0 <strong>V\u00e9rone<\/strong> sans l\u2019imaginer comme le d\u00e9cor tragique de l\u2019histoire d\u2019amour de <strong>Rom\u00e9o et Juliette<\/strong>. Le drame de Shakespeare a certainement contribu\u00e9 \u00e0 la renomm\u00e9e de la ville v\u00e9nitienne : une grande partie de l\u2019\u00e9conomie de V\u00e9rone repose sur ce \u00ab tourisme romantique \u00bb, qui trouve son point culminant sous le c\u00e9l\u00e8bre balcon de Juliette.<\/p>\n<p>Et pourtant, r\u00e9duire V\u00e9rone \u00e0 la ville de Rom\u00e9o et Juliette a longtemps cach\u00e9 d\u2019autres beaut\u00e9s de cette cit\u00e9, que l\u2019on ne surnomme pas par hasard la \u00ab <em>Porte de l\u2019Italie<\/em> \u00bb, car elle offre \u00e0 ceux qui arrivent du nord un avant-go\u00fbt du visage, de la beaut\u00e9 et de l\u2019\u00e2me de notre pays.<\/p>\n<p>Un <strong>concentr\u00e9 de t\u00e9moignages artistiques, historiques et culturels <\/strong>plong\u00e9s dans l\u2019atmosph\u00e8re suggestive de ruelles et de places, compl\u00e9t\u00e9 par les saveurs d\u2019une cuisine traditionnelle et locale.<\/p>\n<p>Si vous aimez regarder au-del\u00e0 du fameux balcon, nous vous proposons <strong>un parcours entre les lieux c\u00e9l\u00e8bres de V\u00e9rone, les sp\u00e9cialit\u00e9s typiques et les plaisirs de la ville<\/strong>, pour vous laisser s\u00e9duire par une cit\u00e9 dont le charme vous donnera envie de revenir.<\/p>\n<p>Pour visiter V\u00e9rone, nous vous conseillons d\u2019acheter la VeronaCard, disponible en deux versions : 20 euros pour 24 heures et 25 euros pour 48 heures.<\/p>\n<p>Avec la VeronaCard, l\u2019entr\u00e9e est gratuite dans les lieux suivants : Mus\u00e9e de Castelvecchio, Mus\u00e9e des fresques G. B. Cavalcaselle pr\u00e8s de la Tombe de Juliette, Galerie d\u2019Art Moderne Achille Forti, Maison de Juliette, Mus\u00e9e d\u2019Histoire Naturelle, Amphith\u00e9\u00e2tre Arena et Mus\u00e9e Arch\u00e9ologique du Th\u00e9\u00e2tre Romain.<\/p>\n<p>Voici donc <strong>ce qu\u2019il faut voir \u00e0 V\u00e9rone <\/strong>pendant un week-end ou un court s\u00e9jour.<\/p>\n<blockquote class=\"td_quote_box td_box_center\">\n<p style=\"text-align: left;\">Si vous cherchez un h\u00f4tel \u00e0 V\u00e9rone, nous vous conseillons de choisir parmi ceux propos\u00e9s par <a href=\"https:\/\/www.booking.com\/city\/it\/verona.it.html?aid=340168;label=veronaparagrafo\" target=\"_blank\" rel=\"sponsored noopener noreferrer\"><strong>Booking.com<\/strong><\/a>. Il y a environ 127 h\u00f4tels avec prix, photos et commentaires de voyageurs ayant s\u00e9journ\u00e9 avant vous. Aller sur <a href=\"https:\/\/www.booking.com\/city\/it\/verona.it.html?aid=340168;label=veronaparagrafo\" target=\"_blank\" rel=\"sponsored noopener noreferrer\"><strong>Booking.com<\/strong><\/a>.<\/p>\n<\/blockquote>\n<p>[\/vc_column_text][vc_column_text]<div class='code-block code-block-11' style='margin: 8px auto; text-align: center; display: block; clear: both;'>\n<script async src=\"https:\/\/pagead2.googlesyndication.com\/pagead\/js\/adsbygoogle.js?client=ca-pub-6745002529729253\"\n     crossorigin=\"anonymous\"><\/script>\n<!-- Primo Paragrafo -->\n<ins class=\"adsbygoogle\"\n     style=\"display:block\"\n     data-ad-client=\"ca-pub-6745002529729253\"\n     data-ad-slot=\"6773079954\"\n     data-ad-format=\"auto\"\n     data-full-width-responsive=\"true\"><\/ins>\n<script>\n     (adsbygoogle = window.adsbygoogle || []).push({});\n<\/script><\/div>\n[\/vc_column_text]<\/div><\/div><\/div><\/div><div id=\"tdi_5\" class=\"tdc-row\"><div class=\"vc_row tdi_6  wpb_row td-pb-row\" >\n<style scoped>\n\/* custom css - generated by TagDiv Composer *\/\n\n\/* custom css - generated by TagDiv Composer *\/\n.tdi_6,\r\n                .tdi_6 .tdc-columns{\r\n                    min-height: 0;\r\n                }.tdi_6,\r\n\t\t\t\t.tdi_6 .tdc-columns{\r\n\t\t\t\t    display: block;\r\n\t\t\t\t}.tdi_6 .tdc-columns{\r\n\t\t\t\t    width: 100%;\r\n\t\t\t\t}.tdi_6:before,\r\n\t\t\t\t.tdi_6:after{\r\n\t\t\t\t    display: table;\r\n\t\t\t\t}\n<\/style><div class=\"vc_column tdi_8  wpb_column vc_column_container tdc-column td-pb-span12\">\n<style scoped>\n\/* custom css - generated by TagDiv Composer *\/\n\n\/* custom css - generated by TagDiv Composer *\/\n.tdi_8{\r\n                    vertical-align: baseline;\r\n                }.tdi_8 > .wpb_wrapper,\r\n\t\t\t\t.tdi_8 > .wpb_wrapper > .tdc-elements{\r\n\t\t\t\t    display: block;\r\n\t\t\t\t}.tdi_8 > .wpb_wrapper > .tdc-elements{\r\n\t\t\t\t    width: 100%;\r\n\t\t\t\t}.tdi_8 > .wpb_wrapper > .vc_row_inner{\r\n\t\t\t\t    width: auto;\r\n\t\t\t\t}.tdi_8 > .wpb_wrapper{\r\n\t\t\t\t    width: auto;\r\n\t\t\t\t    height: auto;\r\n\t\t\t\t}\n<\/style><div class=\"wpb_wrapper\" >[vc_custom_heading text=\u00a0\u00bbLes Ar\u00e8nes de V\u00e9rone\u00a0\u00bb google_fonts=\u00a0\u00bbfont_family:Open%20Sans%3A300%2C300italic%2Cregular%2Citalic%2C600%2C600italic%2C700%2C700italic%2C800%2C800italic|font_style:600%20bold%20regular%3A600%3Anormal\u00a0\u00bb css=\u00a0\u00bb.vc_custom_1487936416111{background-position: 0 0 !important;background-repeat: no-repeat !important;}\u00a0\u00bb][vc_column_text css=\u00a0\u00bb\u00a0\u00bb]<span class=\"dropcap\" style=\"background-color: #dd3333;\">1<\/span><\/p>\n<p>L\u2019Amphith\u00e9\u00e2tre romain, mieux connu sous le nom d\u2019\u00ab Arena \u00bb, est, avec Rom\u00e9o et Juliette, <strong>le symbole qui rend V\u00e9rone c\u00e9l\u00e8bre dans le monde entier <\/strong>et la premi\u00e8re chose que les touristes choisissent de voir d\u00e8s leur arriv\u00e9e en ville.<\/p>\n<figure id=\"attachment_3380\" aria-describedby=\"caption-attachment-3380\" style=\"width: 375px\" class=\"wp-caption alignleft\"><img decoding=\"async\" class=\"size-full wp-image-3380\" src=\"https:\/\/www.10cose.it\/wp-content\/uploads\/2015\/09\/arena-verona.jpg\" alt=\"Les Ar\u00e8nes de V\u00e9rone\" width=\"375\" height=\"250\" srcset=\"https:\/\/www.10cose.it\/wp-content\/uploads\/2015\/09\/arena-verona.jpg 375w, https:\/\/www.10cose.it\/wp-content\/uploads\/2015\/09\/arena-verona-300x200.jpg 300w\" sizes=\"(max-width: 375px) 100vw, 375px\" \/><figcaption id=\"caption-attachment-3380\" class=\"wp-caption-text\">Les Ar\u00e8nes de V\u00e9rone<\/figcaption><\/figure>\n<p>Probablement construite autour du Ier si\u00e8cle, l\u2019Arena, comme tous les amphith\u00e9\u00e2tres, <strong>accueillait les spectacles de gladiateurs.<\/strong><\/p>\n<p>C\u2019\u00e9tait le quatri\u00e8me amphith\u00e9\u00e2tre apr\u00e8s le <strong>Colis\u00e9e<\/strong> de Rome, celui de <strong>Capoue<\/strong> et celui de Milan, avec une structure solide et imposante dont l\u2019ext\u00e9rieur \u00e9tait rev\u00eatu de briques et de pierre de V\u00e9rone, cr\u00e9ant un \u00e9clatant effet chromatique.<\/p>\n<h3>L\u2019int\u00e9rieur des Ar\u00e8nes de V\u00e9rone<\/h3>\n<p>\u00c0 l\u2019int\u00e9rieur, le mouvement concentrique des gradins produit sur les spectateurs une impression singuli\u00e8re de majest\u00e9.<\/p>\n<p>Son nom vient de la \u00ab rena \u00bb, le sable qui recouvrait la partie centrale o\u00f9 se d\u00e9roulaient les spectacles. <strong>Elle pouvait accueillir jusqu\u2019\u00e0 30 000 spectateurs<\/strong>, tout en laissant un vaste espace de mouvement \u00e0 ceux qui se produisaient. Grandiose sc\u00e8ne de grandes repr\u00e9sentations musicales, l\u2019Arena continue de pr\u00e9server sa fonction mill\u00e9naire, m\u00eame si les spectacles sont aujourd\u2019hui bien moins sanglants !<\/p>\n<h3>Horaires et billet des Ar\u00e8nes de V\u00e9rone<\/h3>\n<p><strong>Horaires d\u2019ouverture<\/strong> : du mardi au dimanche de 9 h \u00e0 19 h, derni\u00e8re entr\u00e9e \u00e0 18 h 30.<br \/>\n<strong>Ferm\u00e9 le lundi<\/strong><br \/>\n<strong>Prix du billet<\/strong> : 10 \u20ac. Gratuit avec la Verona Card.<br \/>\n<strong>Comment arriver<\/strong> : Piazza Bra, en plein centre historique.[\/vc_column_text]<div class=\"wpb_wrapper td_block_separator td_block_wrap vc_separator tdi_10  td_separator_solid td_separator_center\"><span style=\"border-color:juicy_pink;border-width:1px;width:100%;\"><\/span>\n<style scoped>\n\/* custom css - generated by TagDiv Composer *\/\n\n\/* custom css - generated by TagDiv Composer *\/\n.td_block_separator{\r\n                  width: 100%;\r\n                  align-items: center;\r\n                  margin-bottom: 38px;\r\n                  padding-bottom: 10px;\r\n                }.td_block_separator span{\r\n                  position: relative;\r\n                  display: block;\r\n                  margin: 0 auto;\r\n                  width: 100%;\r\n                  height: 1px;\r\n                  border-top: 1px solid #EBEBEB;\r\n                }.td_separator_align_left span{\r\n                  margin-left: 0;\r\n                }.td_separator_align_right span{\r\n                  margin-right: 0;\r\n                }.td_separator_dashed span{\r\n                  border-top-style: dashed;\r\n                }.td_separator_dotted span{\r\n                  border-top-style: dotted;\r\n                }.td_separator_double span{\r\n                  height: 3px;\r\n                  border-bottom: 1px solid #EBEBEB;\r\n                }.td_separator_shadow > span{\r\n                  position: relative;\r\n                  height: 20px;\r\n                  overflow: hidden;\r\n                  border: 0;\r\n                  color: #EBEBEB;\r\n                }.td_separator_shadow > span > span{\r\n                  position: absolute;\r\n                  top: -30px;\r\n                  left: 0;\r\n                  right: 0;\r\n                  margin: 0 auto;\r\n                  height: 13px;\r\n                  width: 98%;\r\n                  border-radius: 100%;\r\n                }html :where([style*='border-width']){\r\n                    border-style: none;\r\n                }\n<\/style><\/div>[vc_column_text]<div class='code-block code-block-1' style='margin: 8px auto; text-align: center; display: block; clear: both;'>\n<script async type='text\/javascript' src='\/\/s.clickiocdn.com\/t\/218260\/360_light.js'><\/script>\n<script class='__lxGc__' type='text\/javascript'>\n((__lxGc__=window.__lxGc__||{'s':{},'b':0})['s']['_218260']=__lxGc__['s']['_218260']||{'b':{}})['b']['_709459']={'i':__lxGc__.b++};\n<\/script>\n\n<script async type='text\/javascript' src='\/\/s.clickiocdn.com\/t\/218260\/360_light.js'><\/script>\n<script class='__lxGc__' type='text\/javascript'>\n((__lxGc__=window.__lxGc__||{'s':{},'b':0})['s']['_218260']=__lxGc__['s']['_218260']||{'b':{}})['b']['_709457']={'i':__lxGc__.b++};\n<\/script><\/div>\n[\/vc_column_text]<\/div><\/div><\/div><\/div><div id=\"tdi_11\" class=\"tdc-row\"><div class=\"vc_row tdi_12  wpb_row td-pb-row\" >\n<style scoped>\n\/* custom css - generated by TagDiv Composer *\/\n\n\/* custom css - generated by TagDiv Composer *\/\n.tdi_12,\r\n                .tdi_12 .tdc-columns{\r\n                    min-height: 0;\r\n                }.tdi_12,\r\n\t\t\t\t.tdi_12 .tdc-columns{\r\n\t\t\t\t    display: block;\r\n\t\t\t\t}.tdi_12 .tdc-columns{\r\n\t\t\t\t    width: 100%;\r\n\t\t\t\t}.tdi_12:before,\r\n\t\t\t\t.tdi_12:after{\r\n\t\t\t\t    display: table;\r\n\t\t\t\t}\n<\/style><div class=\"vc_column tdi_14  wpb_column vc_column_container tdc-column td-pb-span12\">\n<style scoped>\n\/* custom css - generated by TagDiv Composer *\/\n\n\/* custom css - generated by TagDiv Composer *\/\n.tdi_14{\r\n                    vertical-align: baseline;\r\n                }.tdi_14 > .wpb_wrapper,\r\n\t\t\t\t.tdi_14 > .wpb_wrapper > .tdc-elements{\r\n\t\t\t\t    display: block;\r\n\t\t\t\t}.tdi_14 > .wpb_wrapper > .tdc-elements{\r\n\t\t\t\t    width: 100%;\r\n\t\t\t\t}.tdi_14 > .wpb_wrapper > .vc_row_inner{\r\n\t\t\t\t    width: auto;\r\n\t\t\t\t}.tdi_14 > .wpb_wrapper{\r\n\t\t\t\t    width: auto;\r\n\t\t\t\t    height: auto;\r\n\t\t\t\t}\n<\/style><div class=\"wpb_wrapper\" >[vc_custom_heading text=\u00a0\u00bbLa Maison de Rom\u00e9o et Juliette \u00e0 V\u00e9rone\u00a0\u00bb google_fonts=\u00a0\u00bbfont_family:Open%20Sans%3A300%2C300italic%2Cregular%2Citalic%2C600%2C600italic%2C700%2C700italic%2C800%2C800italic|font_style:600%20bold%20regular%3A600%3Anormal\u00a0\u00bb css=\u00a0\u00bb.vc_custom_1487936425947{background-position: 0 0 !important;background-repeat: no-repeat !important;}\u00a0\u00bb][vc_column_text]<span class=\"dropcap\" style=\"background-color: #c60c0c;\">2<\/span><\/p>\n<p>V\u00e9rone est le th\u00e9\u00e2tre o\u00f9 s\u2019est consum\u00e9e la tragique <strong>histoire d\u2019amour de Rom\u00e9o et Juliette<\/strong>, rendue immortelle par la plume de William Shakespeare. Dans un \u00e9difice du XIIIe si\u00e8cle situ\u00e9 dans le centre historique,<\/p>\n<figure id=\"attachment_3382\" aria-describedby=\"caption-attachment-3382\" style=\"width: 375px\" class=\"wp-caption alignleft\"><img decoding=\"async\" class=\"size-full wp-image-3382\" src=\"https:\/\/www.10cose.it\/wp-content\/uploads\/2015\/09\/casa-romeo-giulietta-verona.jpg\" alt=\"La Maison de Rom\u00e9o et Juliette \u00e0 V\u00e9rone\" width=\"375\" height=\"250\" srcset=\"https:\/\/www.10cose.it\/wp-content\/uploads\/2015\/09\/casa-romeo-giulietta-verona.jpg 375w, https:\/\/www.10cose.it\/wp-content\/uploads\/2015\/09\/casa-romeo-giulietta-verona-300x200.jpg 300w\" sizes=\"(max-width: 375px) 100vw, 375px\" \/><figcaption id=\"caption-attachment-3382\" class=\"wp-caption-text\">La Maison de Rom\u00e9o et Juliette \u00e0 V\u00e9rone<\/figcaption><\/figure>\n<p>les V\u00e9ronais ont reconnu la maison des Capulet : la l\u00e9gende rejoint la r\u00e9alit\u00e9 en y trouvant ses rep\u00e8res.<\/p>\n<p>Une splendide fa\u00e7ade recouverte de briques, avec un portail de style gothique, conduit les visiteurs vers l\u2019int\u00e9rieur : dans la cour se trouve une <strong>statue en bronze de Juliette<\/strong> et le tr\u00e8s c\u00e9l\u00e8bre balcon qui aurait vu na\u00eetre l\u2019amour entre les deux jeunes gens.<\/p>\n<h3>Le c\u00e9l\u00e8bre balcon de Juliette<\/h3>\n<p>On visite la cour, le rez-de-chauss\u00e9e, le premier \u00e9tage avec le <strong>balcon de Juliette<\/strong> et le deuxi\u00e8me \u00e9tage avec la chambre o\u00f9 est expos\u00e9 le lit cr\u00e9\u00e9 pour le film <em>Rom\u00e9o et Juliette <\/em>de Zeffirelli.<\/p>\n<p>La maison de Juliette est une \u00e9tape incontournable, m\u00eame tr\u00e8s touristique, pour ceux qui veulent d\u00e9couvrir les lieux ayant inspir\u00e9 l\u2019histoire d\u2019amour par excellence. Que vous croyiez ou non \u00e0 la l\u00e9gende, cela reste <strong>l\u2019une des choses \u00e0 voir absolument \u00e0 V\u00e9rone.<\/strong><\/p>\n<h3>La maison de Rom\u00e9o<\/h3>\n<p>La <strong>Maison de Rom\u00e9o<\/strong>, aujourd\u2019hui r\u00e9sidence priv\u00e9e, a eu moins de chance. Elle se trouve \u00e0 peu de distance des Arche Scaligere, voir point 8.<\/p>\n<p>Sur la fa\u00e7ade gothique, une inscription dit : \u00ab Oh ! O\u00f9 est Rom\u00e9o ?&#8230; Tais-toi, je me suis perdu moi-m\u00eame : je ne suis pas ici et je ne suis pas Rom\u00e9o, Rom\u00e9o est ailleurs \u00bb (Acte 1, sc\u00e8ne 1).<\/p>\n<h3>La tombe de Juliette<\/h3>\n<p><strong>La Tombe de Juliette<\/strong> se trouve dans un ancien couvent de fr\u00e8res capucins du XIIIe si\u00e8cle, Via del Pontiere, 35. Elle se visite du mardi au dimanche de 8 h 30 \u00e0 19 h 30, et le lundi de 13 h 30 \u00e0 19 h 30. Billet plein tarif : 4,50 \u20ac.<\/p>\n<h3>Horaires d\u2019ouverture et prix du billet de la Maison de Rom\u00e9o et Juliette<\/h3>\n<p><strong>Horaires d\u2019ouverture<\/strong> : du mardi au dimanche de 9 h \u00e0 19 h<br \/>\n(derni\u00e8re entr\u00e9e \u00e0 18 h 30)<br \/>\ndu mardi au dimanche de 9 h \u00e0 19 h<br \/>\n(derni\u00e8re entr\u00e9e \u00e0 18 h 30)<br \/>\n<strong>ferm\u00e9 le lundi<\/strong><br \/>\n<strong>Prix du billet<\/strong> : 6 \u20ac. Gratuit avec la Verona Card.<br \/>\n<strong>Comment arriver<\/strong> : Via Cappello 23, en plein centre historique.[\/vc_column_text]<div class=\"wpb_wrapper td_block_separator td_block_wrap vc_separator tdi_16  td_separator_solid td_separator_center\"><span style=\"border-color:juicy_pink;border-width:1px;width:100%;\"><\/span><\/div>[vc_column_text]<div class='code-block code-block-2' style='margin: 8px auto; text-align: center; display: block; clear: both;'>\n<script async type='text\/javascript' src='\/\/s.clickiocdn.com\/t\/218260\/360_light.js'><\/script>\n<script class='__lxGc__' type='text\/javascript'>\n((__lxGc__=window.__lxGc__||{'s':{},'b':0})['s']['_218260']=__lxGc__['s']['_218260']||{'b':{}})['b']['_709459']={'i':__lxGc__.b++};\n<\/script>\n\n<script async type='text\/javascript' src='\/\/s.clickiocdn.com\/t\/218260\/360_light.js'><\/script>\n<script class='__lxGc__' type='text\/javascript'>\n((__lxGc__=window.__lxGc__||{'s':{},'b':0})['s']['_218260']=__lxGc__['s']['_218260']||{'b':{}})['b']['_709457']={'i':__lxGc__.b++};\n<\/script><\/div>\n[\/vc_column_text]<\/div><\/div><\/div><\/div><div id=\"tdi_17\" class=\"tdc-row\"><div class=\"vc_row tdi_18  wpb_row td-pb-row\" >\n<style scoped>\n\/* custom css - generated by TagDiv Composer *\/\n\n\/* custom css - generated by TagDiv Composer *\/\n.tdi_18,\r\n                .tdi_18 .tdc-columns{\r\n                    min-height: 0;\r\n                }.tdi_18,\r\n\t\t\t\t.tdi_18 .tdc-columns{\r\n\t\t\t\t    display: block;\r\n\t\t\t\t}.tdi_18 .tdc-columns{\r\n\t\t\t\t    width: 100%;\r\n\t\t\t\t}.tdi_18:before,\r\n\t\t\t\t.tdi_18:after{\r\n\t\t\t\t    display: table;\r\n\t\t\t\t}\n<\/style><div class=\"vc_column tdi_20  wpb_column vc_column_container tdc-column td-pb-span12\">\n<style scoped>\n\/* custom css - generated by TagDiv Composer *\/\n\n\/* custom css - generated by TagDiv Composer *\/\n.tdi_20{\r\n                    vertical-align: baseline;\r\n                }.tdi_20 > .wpb_wrapper,\r\n\t\t\t\t.tdi_20 > .wpb_wrapper > .tdc-elements{\r\n\t\t\t\t    display: block;\r\n\t\t\t\t}.tdi_20 > .wpb_wrapper > .tdc-elements{\r\n\t\t\t\t    width: 100%;\r\n\t\t\t\t}.tdi_20 > .wpb_wrapper > .vc_row_inner{\r\n\t\t\t\t    width: auto;\r\n\t\t\t\t}.tdi_20 > .wpb_wrapper{\r\n\t\t\t\t    width: auto;\r\n\t\t\t\t    height: auto;\r\n\t\t\t\t}\n<\/style><div class=\"wpb_wrapper\" >[vc_custom_heading text=\u00a0\u00bb\u00c9glise San Zeno Maggiore \u00e0 V\u00e9rone\u00a0\u00bb google_fonts=\u00a0\u00bbfont_family:Open%20Sans%3A300%2C300italic%2Cregular%2Citalic%2C600%2C600italic%2C700%2C700italic%2C800%2C800italic|font_style:600%20bold%20regular%3A600%3Anormal\u00a0\u00bb css=\u00a0\u00bb.vc_custom_1487936439854{background-position: 0 0 !important;background-repeat: no-repeat !important;}\u00a0\u00bb][vc_column_text]<span class=\"dropcap\" style=\"background-color: #c60c0c;\">3<\/span><\/p>\n<p>La l\u00e9gende raconte que lors de la crue de l\u2019Adige en 589, qui submergea V\u00e9rone, l\u2019eau s\u2019arr\u00eata sur le seuil de cette \u00e9glise b\u00e2tie sur le lieu de s\u00e9pulture de l\u2019<strong>\u00e9v\u00eaque Z\u00e9non. <\/strong>Saint Z\u00e9non, d\u2019origine africaine, <strong>fut le huiti\u00e8me \u00e9v\u00eaque de V\u00e9rone, vers 362-380, <\/strong>et convertit la ville au christianisme.<\/p>\n<figure id=\"attachment_3383\" aria-describedby=\"caption-attachment-3383\" style=\"width: 375px\" class=\"wp-caption alignleft\"><img decoding=\"async\" class=\"size-full wp-image-3383\" src=\"https:\/\/www.10cose.it\/wp-content\/uploads\/2015\/09\/chiesa-san-zeno-verona.jpg\" alt=\"L\u2019\u00c9glise San Zeno \u00e0 V\u00e9rone.\" width=\"375\" height=\"250\" srcset=\"https:\/\/www.10cose.it\/wp-content\/uploads\/2015\/09\/chiesa-san-zeno-verona.jpg 375w, https:\/\/www.10cose.it\/wp-content\/uploads\/2015\/09\/chiesa-san-zeno-verona-300x200.jpg 300w\" sizes=\"(max-width: 375px) 100vw, 375px\" \/><figcaption id=\"caption-attachment-3383\" class=\"wp-caption-text\">L\u2019\u00c9glise San Zeno \u00e0 V\u00e9rone.<\/figcaption><\/figure>\n<p>L\u2019\u00e9glise San Zeno Maggiore <strong>est l\u2019un des plus grands exemples de l\u2019architecture romane en Italie<\/strong> et son aspect actuel semble remonter au XIIe si\u00e8cle.<\/p>\n<h3>Le Retable de San Zeno<\/h3>\n<p>En plus de conserver le <strong>corps du saint<\/strong>, l\u2019\u00e9glise est riche en sculptures et peintures du XIIe au XVIe si\u00e8cle. Parmi elles, une attention particuli\u00e8re revient au <strong>Retable de San Zeno d\u2019Andrea Mantegna<\/strong>, premier exemple de \u00ab <em>conversation sacr\u00e9e<\/em> \u00bb avec, au centre, la Vierge \u00e0 l\u2019Enfant.<\/p>\n<p>De gauche \u00e0 droite, on reconna\u00eet saint Pierre avec les cl\u00e9s, saint Paul avec l\u2019\u00e9p\u00e9e, saint Jean l\u2019\u00c9vang\u00e9liste avec son v\u00eatement ros\u00e9, saint Z\u00e9non en habits d\u2019\u00e9v\u00eaque, saint Beno\u00eet en habit monastique, saint Laurent avec le gril, saint Gr\u00e9goire le Grand v\u00eatu en pape et saint Jean-Baptiste avec l\u2019habit typique d\u2019ermite du d\u00e9sert.<\/p>\n<p><strong>On comprend qu\u2019il s\u2019agit d\u2019une conversation parce que les directions des regards et les gestes donnent l\u2019impression que les saints parlent entre eux.<\/strong><\/p>\n<h3>Horaires et billet de l\u2019\u00e9glise San Zeno \u00e0 V\u00e9rone<\/h3>\n<p><strong>Horaires d\u2019ouverture<\/strong><\/p>\n<p><strong>Du lundi au vendredi<\/strong> de 10 h \u00e0 13 h et de 14 h 30 \u00e0 18 h.<br \/>\n<strong>Samedi <\/strong>de 10 h \u00e0 18 h<br \/>\n<strong>Dimanche <\/strong>de 13 h \u00e0 18 h.<\/p>\n<p><strong>Prix du billet<\/strong> : gratuit, mais une contribution volontaire de 3 \u20ac est demand\u00e9e.<br \/>\n<strong>Comment arriver<\/strong> : Piazza San Zeno, centre historique.[\/vc_column_text]<div class=\"wpb_wrapper td_block_separator td_block_wrap vc_separator tdi_22  td_separator_solid td_separator_center\"><span style=\"border-color:juicy_pink;border-width:1px;width:100%;\"><\/span><\/div>[vc_column_text]<div class='code-block code-block-3' style='margin: 8px auto; text-align: center; display: block; clear: both;'>\n<script async type='text\/javascript' src='\/\/s.clickiocdn.com\/t\/218260\/360_light.js'><\/script>\n<script class='__lxGc__' type='text\/javascript'>\n((__lxGc__=window.__lxGc__||{'s':{},'b':0})['s']['_218260']=__lxGc__['s']['_218260']||{'b':{}})['b']['_709457']={'i':__lxGc__.b++};\n<\/script>\n\n<script async type='text\/javascript' src='\/\/s.clickiocdn.com\/t\/218260\/360_light.js'><\/script>\n<script class='__lxGc__' type='text\/javascript'>\n((__lxGc__=window.__lxGc__||{'s':{},'b':0})['s']['_218260']=__lxGc__['s']['_218260']||{'b':{}})['b']['_709459']={'i':__lxGc__.b++};\n<\/script><\/div>\n[\/vc_column_text]<\/div><\/div><\/div><\/div><div id=\"tdi_23\" class=\"tdc-row\"><div class=\"vc_row tdi_24  wpb_row td-pb-row\" >\n<style scoped>\n\/* custom css - generated by TagDiv Composer *\/\n\n\/* custom css - generated by TagDiv Composer *\/\n.tdi_24,\r\n                .tdi_24 .tdc-columns{\r\n                    min-height: 0;\r\n                }.tdi_24,\r\n\t\t\t\t.tdi_24 .tdc-columns{\r\n\t\t\t\t    display: block;\r\n\t\t\t\t}.tdi_24 .tdc-columns{\r\n\t\t\t\t    width: 100%;\r\n\t\t\t\t}.tdi_24:before,\r\n\t\t\t\t.tdi_24:after{\r\n\t\t\t\t    display: table;\r\n\t\t\t\t}\n<\/style><div class=\"vc_column tdi_26  wpb_column vc_column_container tdc-column td-pb-span12\">\n<style scoped>\n\/* custom css - generated by TagDiv Composer *\/\n\n\/* custom css - generated by TagDiv Composer *\/\n.tdi_26{\r\n                    vertical-align: baseline;\r\n                }.tdi_26 > .wpb_wrapper,\r\n\t\t\t\t.tdi_26 > .wpb_wrapper > .tdc-elements{\r\n\t\t\t\t    display: block;\r\n\t\t\t\t}.tdi_26 > .wpb_wrapper > .tdc-elements{\r\n\t\t\t\t    width: 100%;\r\n\t\t\t\t}.tdi_26 > .wpb_wrapper > .vc_row_inner{\r\n\t\t\t\t    width: auto;\r\n\t\t\t\t}.tdi_26 > .wpb_wrapper{\r\n\t\t\t\t    width: auto;\r\n\t\t\t\t    height: auto;\r\n\t\t\t\t}\n<\/style><div class=\"wpb_wrapper\" >[vc_custom_heading text=\u00a0\u00bbPiazza delle Erbe \u00e0 V\u00e9rone\u00a0\u00bb google_fonts=\u00a0\u00bbfont_family:Open%20Sans%3A300%2C300italic%2Cregular%2Citalic%2C600%2C600italic%2C700%2C700italic%2C800%2C800italic|font_style:600%20bold%20regular%3A600%3Anormal\u00a0\u00bb css=\u00a0\u00bb.vc_custom_1487936451619{background-position: 0 0 !important;background-repeat: no-repeat !important;}\u00a0\u00bb][vc_column_text]<span class=\"dropcap\" style=\"background-color: #c60c0c;\">4<\/span><\/p>\n<p>Un march\u00e9 color\u00e9 de fruits et l\u00e9gumes, avec sa rang\u00e9e de parasols, entour\u00e9 de b\u00e2timents et monuments historiques : voil\u00e0 la principale caract\u00e9ristique de <strong>Piazza delle Erbe<\/strong>, la plus ancienne place de V\u00e9rone, o\u00f9 les \u00e9difices m\u00e9di\u00e9vaux ont peu \u00e0 peu remplac\u00e9 ceux de l\u2019\u00e9poque romaine.<\/p>\n<figure id=\"attachment_3386\" aria-describedby=\"caption-attachment-3386\" style=\"width: 375px\" class=\"wp-caption alignleft\"><img decoding=\"async\" class=\"size-full wp-image-3386\" src=\"https:\/\/www.10cose.it\/wp-content\/uploads\/2015\/09\/piazza-erbe-verona.jpg\" alt=\"Piazza delle Erbe \u00e0 V\u00e9rone\" width=\"375\" height=\"250\" srcset=\"https:\/\/www.10cose.it\/wp-content\/uploads\/2015\/09\/piazza-erbe-verona.jpg 375w, https:\/\/www.10cose.it\/wp-content\/uploads\/2015\/09\/piazza-erbe-verona-300x200.jpg 300w\" sizes=\"(max-width: 375px) 100vw, 375px\" \/><figcaption id=\"caption-attachment-3386\" class=\"wp-caption-text\">Piazza delle Erbe \u00e0 V\u00e9rone<\/figcaption><\/figure>\n<p>C\u2019est le lieu o\u00f9 l\u2019on saisit le mieux le c\u00f4t\u00e9 le plus populaire et vivant de la ville, sans renoncer \u00e0 la dimension culturelle de votre s\u00e9jour.<\/p>\n<p><strong>Pendant le march\u00e9, le samedi et le dimanche<\/strong>, elle devient le salon de la ville, o\u00f9 les V\u00e9ronais se retrouvent pour faire leurs courses ou pour le <strong>rituel de l\u2019ap\u00e9ritif du soir<\/strong>.<\/p>\n<h3>Les palais de Piazza delle Erbe<\/h3>\n<p>Sur la place donnent le <strong>Palazzo del Comune, la Torre dei Lamberti, la Casa dei Giudici et les maisons des Mazzanti<\/strong>. Sur le c\u00f4t\u00e9 le plus court se trouve le baroque <strong>Palazzo Maffei<\/strong>, enrichi de plusieurs statues de dieux grecs : Jupiter, Hercule, Minerve, V\u00e9nus, Mercure et Apollon.<\/p>\n<h3>La Maison des Marchands<\/h3>\n<p>La <strong>Maison des Marchands<\/strong>, ou Domus Mercatorum, est magnifique. Elle abrite aujourd\u2019hui la Banca Popolare di Verona. Sur la place se trouve la fontaine appel\u00e9e \u00ab <em>Madonna Verona<\/em> \u00bb, qui dispute l\u2019attention au <strong>Capitello<\/strong>, \u00e9galement appel\u00e9 Tribune et, \u00e0 tort, Berlina.<\/p>\n<p>Il existait d\u00e9j\u00e0 au XIIIe si\u00e8cle, lorsque les podestats s\u2019y asseyaient pour la c\u00e9r\u00e9monie d\u2019installation, ainsi que les pr\u00e9teurs avant leur entr\u00e9e en fonction.[\/vc_column_text]<div class=\"wpb_wrapper td_block_separator td_block_wrap vc_separator tdi_28  td_separator_solid td_separator_center\"><span style=\"border-color:juicy_pink;border-width:1px;width:100%;\"><\/span><\/div>[vc_column_text]<div class='code-block code-block-4' style='margin: 8px auto; text-align: center; display: block; clear: both;'>\n<script async type='text\/javascript' src='\/\/s.clickiocdn.com\/t\/218260\/360_light.js'><\/script>\n<script class='__lxGc__' type='text\/javascript'>\n((__lxGc__=window.__lxGc__||{'s':{},'b':0})['s']['_218260']=__lxGc__['s']['_218260']||{'b':{}})['b']['_709457']={'i':__lxGc__.b++};\n<\/script>\n\n<script async type='text\/javascript' src='\/\/s.clickiocdn.com\/t\/218260\/360_light.js'><\/script>\n<script class='__lxGc__' type='text\/javascript'>\n((__lxGc__=window.__lxGc__||{'s':{},'b':0})['s']['_218260']=__lxGc__['s']['_218260']||{'b':{}})['b']['_709459']={'i':__lxGc__.b++};\n<\/script><\/div>\n[\/vc_column_text]<\/div><\/div><\/div><\/div><div id=\"tdi_29\" class=\"tdc-row\"><div class=\"vc_row tdi_30  wpb_row td-pb-row\" >\n<style scoped>\n\/* custom css - generated by TagDiv Composer *\/\n\n\/* custom css - generated by TagDiv Composer *\/\n.tdi_30,\r\n                .tdi_30 .tdc-columns{\r\n                    min-height: 0;\r\n                }.tdi_30,\r\n\t\t\t\t.tdi_30 .tdc-columns{\r\n\t\t\t\t    display: block;\r\n\t\t\t\t}.tdi_30 .tdc-columns{\r\n\t\t\t\t    width: 100%;\r\n\t\t\t\t}.tdi_30:before,\r\n\t\t\t\t.tdi_30:after{\r\n\t\t\t\t    display: table;\r\n\t\t\t\t}\n<\/style><div class=\"vc_column tdi_32  wpb_column vc_column_container tdc-column td-pb-span12\">\n<style scoped>\n\/* custom css - generated by TagDiv Composer *\/\n\n\/* custom css - generated by TagDiv Composer *\/\n.tdi_32{\r\n                    vertical-align: baseline;\r\n                }.tdi_32 > .wpb_wrapper,\r\n\t\t\t\t.tdi_32 > .wpb_wrapper > .tdc-elements{\r\n\t\t\t\t    display: block;\r\n\t\t\t\t}.tdi_32 > .wpb_wrapper > .tdc-elements{\r\n\t\t\t\t    width: 100%;\r\n\t\t\t\t}.tdi_32 > .wpb_wrapper > .vc_row_inner{\r\n\t\t\t\t    width: auto;\r\n\t\t\t\t}.tdi_32 > .wpb_wrapper{\r\n\t\t\t\t    width: auto;\r\n\t\t\t\t    height: auto;\r\n\t\t\t\t}\n<\/style><div class=\"wpb_wrapper\" >[vc_custom_heading text=\u00a0\u00bbPalazzo Maffei \u00e0 V\u00e9rone\u00a0\u00bb google_fonts=\u00a0\u00bbfont_family:Open%20Sans%3A300%2C300italic%2Cregular%2Citalic%2C600%2C600italic%2C700%2C700italic%2C800%2C800italic|font_style:600%20bold%20regular%3A600%3Anormal\u00a0\u00bb css=\u00a0\u00bb.vc_custom_1671652849808{background-position: 0 0 !important;background-repeat: no-repeat !important;}\u00a0\u00bb][vc_column_text]<span class=\"dropcap\" style=\"background-color: #c60c0c;\">5<\/span><\/p>\n<p><strong>Palazzo Maffei<\/strong> se trouve sur Piazza Erbe, \u00e0 deux cents m\u00e8tres de la Maison de Juliette. L\u2019\u00e9difice, restaur\u00e9 dans les r\u00e8gles de l\u2019art, vaut d\u00e9j\u00e0 \u00e0 lui seul la visite. Il remonte au XVIIe si\u00e8cle et compte parmi les plus sc\u00e9nographiques de V\u00e9rone. La collection est exceptionnelle par la vari\u00e9t\u00e9 et la beaut\u00e9 des \u0153uvres pr\u00e9sent\u00e9es. \u00c0 ne manquer sous aucun pr\u00e9texte et \u00e0 inclure parmi les choses \u00e0 voir lors d\u2019une visite de V\u00e9rone.<\/p>\n<p>La Maison-Mus\u00e9e de Palazzo Maffei abrite plus de <strong>350 \u0153uvres<\/strong> r\u00e9unies en plus de 50 ans par le collectionneur et m\u00e9c\u00e8ne Luigi Carlon. On passe de l\u2019art ancien \u00e0 l\u2019art contemporain, des peintures aux sculptures, jusqu\u2019aux meubles d\u2019\u00e9poque.<\/p>\n<figure id=\"attachment_30622\" aria-describedby=\"caption-attachment-30622\" style=\"width: 375px\" class=\"wp-caption alignleft\"><img decoding=\"async\" class=\"size-full wp-image-30622\" src=\"https:\/\/www.10cose.it\/wp-content\/uploads\/2015\/09\/palazzo-mafferi-verona.jpg\" alt=\"Palazzo Maffei \u00e0 V\u00e9rone\" width=\"375\" height=\"250\" srcset=\"https:\/\/www.10cose.it\/wp-content\/uploads\/2015\/09\/palazzo-mafferi-verona.jpg 375w, https:\/\/www.10cose.it\/wp-content\/uploads\/2015\/09\/palazzo-mafferi-verona-300x200.jpg 300w\" sizes=\"(max-width: 375px) 100vw, 375px\" \/><figcaption id=\"caption-attachment-30622\" class=\"wp-caption-text\">Palazzo Maffei \u00e0 V\u00e9rone<\/figcaption><\/figure>\n<p>La section consacr\u00e9e aux chefs-d\u2019\u0153uvre de la peinture du XXe si\u00e8cle est particuli\u00e8rement int\u00e9ressante. Parmi les artistes, citons <strong>Giacomo Balla, Lucio Fontana, De Chirico, Burri et Morandi. On y trouve aussi des \u0153uvres de Magritte, Duchamp et Picasso.<\/strong> Une section est d\u00e9di\u00e9e aux objets d\u2019art : meubles, <strong>verres et c\u00e9ramiques, vases orientaux.<\/strong><\/p>\n\n<p>Sur r\u00e9servation, des <strong>visites guid\u00e9es organis\u00e9es par groupes de 15 personnes \u00e0 la fois<\/strong> sont disponibles. Une option que nous conseillons \u00e0 ceux qui disposent de peu de temps, afin d\u2019approfondir l\u2019esprit de la collection sans passer \u00e0 c\u00f4t\u00e9 de l\u2019essentiel.<\/p>\n<p>Si vous d\u00e9cidez au contraire de visiter le palais en autonomie, nous vous sugg\u00e9rons de consacrer au moins deux heures \u00e0 la visite pour avoir une vision assez compl\u00e8te du parcours mus\u00e9al. Avec un petit suppl\u00e9ment, cela vaut la peine de monter sur la <strong>terrasse panoramique de Palazzo Maffei<\/strong> pour admirer Piazza Erbe et V\u00e9rone depuis un point de vue remarquable.<\/p>\n<h3>Horaires, jours d\u2019ouverture et prix du billet pour Palazzo Maffei<\/h3>\n<p><strong>Horaires d\u2019ouverture :<\/strong> lundi, jeudi, vendredi, samedi et dimanche de 10 h \u00e0 18 h.<br \/>\n<strong>Ferm\u00e9<\/strong> : mardi et mercredi, 25 d\u00e9cembre et 15 ao\u00fbt.<\/p>\n<p><strong>Prix du billet<\/strong> : plein tarif 14 euros, 15 avec acc\u00e8s \u00e0 la terrasse. Les billets peuvent \u00eatre achet\u00e9s <a href=\"https:\/\/palazzomaffeiverona.com\/biglietti\/\" target=\"_blank\" rel=\"noopener\">en ligne<\/a> ou sur place \u00e0 la billetterie.<br \/>\n<strong>Tarif r\u00e9duit :<\/strong> plus de 65 ans : 13 euros ; jeunes de 11 \u00e0 26 ans : 6 euros ; enfants de 6 \u00e0 10 ans : 3,50 euros<\/p>\n<p><strong>Comment arriver<\/strong> : \u00e0 pied, Piazza delle Erbe.<br \/>\n<strong>Bus :<\/strong> lignes 11 -12 -13 ou lignes 21-22-23-24-41-42[\/vc_column_text]<div class=\"wpb_wrapper td_block_separator td_block_wrap vc_separator tdi_34  td_separator_solid td_separator_center\"><span style=\"border-color:juicy_pink;border-width:1px;width:100%;\"><\/span><\/div>[vc_column_text]<div class='code-block code-block-5' style='margin: 8px auto; text-align: center; display: block; clear: both;'>\n<script async type='text\/javascript' src='\/\/s.clickiocdn.com\/t\/218260\/360_light.js'><\/script>\n<script class='__lxGc__' type='text\/javascript'>\n((__lxGc__=window.__lxGc__||{'s':{},'b':0})['s']['_218260']=__lxGc__['s']['_218260']||{'b':{}})['b']['_709457']={'i':__lxGc__.b++};\n<\/script>\n\n<script async type='text\/javascript' src='\/\/s.clickiocdn.com\/t\/218260\/360_light.js'><\/script>\n<script class='__lxGc__' type='text\/javascript'>\n((__lxGc__=window.__lxGc__||{'s':{},'b':0})['s']['_218260']=__lxGc__['s']['_218260']||{'b':{}})['b']['_709459']={'i':__lxGc__.b++};\n<\/script><\/div>\n[\/vc_column_text]<\/div><\/div><\/div><\/div><div id=\"tdi_35\" class=\"tdc-row\"><div class=\"vc_row tdi_36  wpb_row td-pb-row\" >\n<style scoped>\n\/* custom css - generated by TagDiv Composer *\/\n\n\/* custom css - generated by TagDiv Composer *\/\n.tdi_36,\r\n                .tdi_36 .tdc-columns{\r\n                    min-height: 0;\r\n                }.tdi_36,\r\n\t\t\t\t.tdi_36 .tdc-columns{\r\n\t\t\t\t    display: block;\r\n\t\t\t\t}.tdi_36 .tdc-columns{\r\n\t\t\t\t    width: 100%;\r\n\t\t\t\t}.tdi_36:before,\r\n\t\t\t\t.tdi_36:after{\r\n\t\t\t\t    display: table;\r\n\t\t\t\t}\n<\/style><div class=\"vc_column tdi_38  wpb_column vc_column_container tdc-column td-pb-span12\">\n<style scoped>\n\/* custom css - generated by TagDiv Composer *\/\n\n\/* custom css - generated by TagDiv Composer *\/\n.tdi_38{\r\n                    vertical-align: baseline;\r\n                }.tdi_38 > .wpb_wrapper,\r\n\t\t\t\t.tdi_38 > .wpb_wrapper > .tdc-elements{\r\n\t\t\t\t    display: block;\r\n\t\t\t\t}.tdi_38 > .wpb_wrapper > .tdc-elements{\r\n\t\t\t\t    width: 100%;\r\n\t\t\t\t}.tdi_38 > .wpb_wrapper > .vc_row_inner{\r\n\t\t\t\t    width: auto;\r\n\t\t\t\t}.tdi_38 > .wpb_wrapper{\r\n\t\t\t\t    width: auto;\r\n\t\t\t\t    height: auto;\r\n\t\t\t\t}\n<\/style><div class=\"wpb_wrapper\" >[vc_custom_heading text=\u00a0\u00bbLes ponts de V\u00e9rone\u00a0\u00bb google_fonts=\u00a0\u00bbfont_family:Open%20Sans%3A300%2C300italic%2Cregular%2Citalic%2C600%2C600italic%2C700%2C700italic%2C800%2C800italic|font_style:600%20bold%20regular%3A600%3Anormal\u00a0\u00bb css=\u00a0\u00bb.vc_custom_1487936462648{background-position: 0 0 !important;background-repeat: no-repeat !important;}\u00a0\u00bb][vc_column_text css=\u00a0\u00bb\u00a0\u00bb]<span class=\"dropcap\" style=\"background-color: #c60c0c;\">6<\/span><\/p>\n<p>Le fleuve Adige traverse V\u00e9rone et la coupe en deux : les ponts ont donc toujours jou\u00e9 un r\u00f4le essentiel pour la ville. Aujourd\u2019hui, il en existe 7 qui ont partag\u00e9 le m\u00eame destin : d\u00e9truits par les nazis en retraite, puis reconstruits dans les ann\u00e9es suivantes.<\/p>\n<figure id=\"attachment_3390\" aria-describedby=\"caption-attachment-3390\" style=\"width: 375px\" class=\"wp-caption alignleft\"><img decoding=\"async\" class=\"size-full wp-image-3390\" src=\"https:\/\/www.10cose.it\/wp-content\/uploads\/2015\/09\/ponti-verona.jpg\" alt=\"Ponts de V\u00e9rone\" width=\"375\" height=\"250\" srcset=\"https:\/\/www.10cose.it\/wp-content\/uploads\/2015\/09\/ponti-verona.jpg 375w, https:\/\/www.10cose.it\/wp-content\/uploads\/2015\/09\/ponti-verona-300x200.jpg 300w\" sizes=\"(max-width: 375px) 100vw, 375px\" \/><figcaption id=\"caption-attachment-3390\" class=\"wp-caption-text\">Ponts de V\u00e9rone<\/figcaption><\/figure>\n<p>Le plus ancien de tous est le <strong>Ponte di Pietra<\/strong>, d\u2019\u00e9poque romaine, qui relie encore aujourd\u2019hui le Th\u00e9\u00e2tre Romain au centre-ville.<\/p>\n<p><strong>Heureusement, les blocs de pierre et les briques projet\u00e9s dans le lit du fleuve par l\u2019explosion furent r\u00e9cup\u00e9r\u00e9s et utilis\u00e9s pour reconstruire le pont de mani\u00e8re tr\u00e8s fid\u00e8le \u00e0 l\u2019original<\/strong>.<\/p>\n<p>L\u2019autre pont embl\u00e9matique est le pont <strong>Scaligero<\/strong>, juste en face de <strong>Castelvecchio<\/strong>. Construit dans la seconde moiti\u00e9 du XIVe si\u00e8cle avec 3 arches in\u00e9gales, il subit le m\u00eame sort que le Ponte di Pietra et fut, comme lui, reconstruit en 1951 avec les pierres et briques originales r\u00e9cup\u00e9r\u00e9es au fond de l\u2019Adige.[\/vc_column_text]<div class=\"wpb_wrapper td_block_separator td_block_wrap vc_separator tdi_40  td_separator_solid td_separator_center\"><span style=\"border-color:juicy_pink;border-width:1px;width:100%;\"><\/span><\/div>[vc_column_text]<div class='code-block code-block-6' style='margin: 8px auto; text-align: center; display: block; clear: both;'>\n<script async type='text\/javascript' src='\/\/s.clickiocdn.com\/t\/218260\/360_light.js'><\/script>\n<script class='__lxGc__' type='text\/javascript'>\n((__lxGc__=window.__lxGc__||{'s':{},'b':0})['s']['_218260']=__lxGc__['s']['_218260']||{'b':{}})['b']['_709457']={'i':__lxGc__.b++};\n<\/script>\n\n<script async type='text\/javascript' src='\/\/s.clickiocdn.com\/t\/218260\/360_light.js'><\/script>\n<script class='__lxGc__' type='text\/javascript'>\n((__lxGc__=window.__lxGc__||{'s':{},'b':0})['s']['_218260']=__lxGc__['s']['_218260']||{'b':{}})['b']['_709459']={'i':__lxGc__.b++};\n<\/script><\/div>\n[\/vc_column_text]<\/div><\/div><\/div><\/div><div id=\"tdi_41\" class=\"tdc-row\"><div class=\"vc_row tdi_42  wpb_row td-pb-row\" >\n<style scoped>\n\/* custom css - generated by TagDiv Composer *\/\n\n\/* custom css - generated by TagDiv Composer *\/\n.tdi_42,\r\n                .tdi_42 .tdc-columns{\r\n                    min-height: 0;\r\n                }.tdi_42,\r\n\t\t\t\t.tdi_42 .tdc-columns{\r\n\t\t\t\t    display: block;\r\n\t\t\t\t}.tdi_42 .tdc-columns{\r\n\t\t\t\t    width: 100%;\r\n\t\t\t\t}.tdi_42:before,\r\n\t\t\t\t.tdi_42:after{\r\n\t\t\t\t    display: table;\r\n\t\t\t\t}\n<\/style><div class=\"vc_column tdi_44  wpb_column vc_column_container tdc-column td-pb-span12\">\n<style scoped>\n\/* custom css - generated by TagDiv Composer *\/\n\n\/* custom css - generated by TagDiv Composer *\/\n.tdi_44{\r\n                    vertical-align: baseline;\r\n                }.tdi_44 > .wpb_wrapper,\r\n\t\t\t\t.tdi_44 > .wpb_wrapper > .tdc-elements{\r\n\t\t\t\t    display: block;\r\n\t\t\t\t}.tdi_44 > .wpb_wrapper > .tdc-elements{\r\n\t\t\t\t    width: 100%;\r\n\t\t\t\t}.tdi_44 > .wpb_wrapper > .vc_row_inner{\r\n\t\t\t\t    width: auto;\r\n\t\t\t\t}.tdi_44 > .wpb_wrapper{\r\n\t\t\t\t    width: auto;\r\n\t\t\t\t    height: auto;\r\n\t\t\t\t}\n<\/style><div class=\"wpb_wrapper\" >[vc_custom_heading text=\u00a0\u00bbPiazza dei Signori et Arche Scaligere \u00e0 V\u00e9rone\u00a0\u00bb google_fonts=\u00a0\u00bbfont_family:Open%20Sans%3A300%2C300italic%2Cregular%2Citalic%2C600%2C600italic%2C700%2C700italic%2C800%2C800italic|font_style:600%20bold%20regular%3A600%3Anormal\u00a0\u00bb css=\u00a0\u00bb.vc_custom_1487936473123{background-position: 0 0 !important;background-repeat: no-repeat !important;}\u00a0\u00bb][vc_column_text]<span class=\"dropcap\" style=\"background-color: #c60c0c;\">7<\/span><\/p>\n<p>Le pouvoir administratif de V\u00e9rone s\u2019est toujours concentr\u00e9 sur cette belle place, entour\u00e9e de b\u00e2timents monumentaux reli\u00e9s entre eux par des portiques et des arcades.<\/p>\n<figure id=\"attachment_3394\" aria-describedby=\"caption-attachment-3394\" style=\"width: 375px\" class=\"wp-caption alignleft\"><img decoding=\"async\" class=\"size-full wp-image-3394\" src=\"https:\/\/www.10cose.it\/wp-content\/uploads\/2015\/09\/piazza-dei-signori-verona.jpg\" alt=\"Piazza dei Signori et Arche Scaligere \u00e0 V\u00e9rone\" width=\"375\" height=\"250\" srcset=\"https:\/\/www.10cose.it\/wp-content\/uploads\/2015\/09\/piazza-dei-signori-verona.jpg 375w, https:\/\/www.10cose.it\/wp-content\/uploads\/2015\/09\/piazza-dei-signori-verona-300x200.jpg 300w\" sizes=\"(max-width: 375px) 100vw, 375px\" \/><figcaption id=\"caption-attachment-3394\" class=\"wp-caption-text\">Piazza dei Signori et Arche Scaligere \u00e0 V\u00e9rone<\/figcaption><\/figure>\n<p>Au centre de la place, la grande statue de Dante attire imm\u00e9diatement le regard : il trouva refuge \u00e0 V\u00e9rone juste apr\u00e8s son exil de Florence.<\/p>\n\n<p>On entre sur la place par l\u2019<b>Arco della Costa<\/b> et l\u2019on trouve aussit\u00f4t, sur la gauche, la fa\u00e7ade de la <b>Domus Nova<\/b>. En poursuivant dans le sens des aiguilles d\u2019une montre, on rencontre la <strong>Loggia del Consiglio et le Palazzo degli Scaligeri<\/strong>, seigneurs de V\u00e9rone de 1260 \u00e0 1387.<\/p>\n<p>Vient ensuite le <strong>Palazzo del Capitanio<\/strong>, avec sa tour d\u2019angle qui domine la place, reli\u00e9 par une arche au <strong>Palazzo della Ragione<\/strong>. Par l\u2019arche, on acc\u00e8de \u00e0 la cour du <strong>Mercato Vecchio, avec la splendide Scala della Ragione<\/strong>. Depuis la <strong>Torre dei Lamberti<\/strong>, on admire un magnifique panorama sur la place et les toits de V\u00e9rone.<\/p>\n<p>Presque sur une petite place \u00e0 part se trouve l\u2019\u00e9glise Santa Maria Antica, dans la cour de laquelle s\u2019\u00e9l\u00e8vent les <strong>Arche Scaligere<\/strong>. Ce suggestif complexe fun\u00e9raire est un exemple extraordinaire de l\u2019architecture gothique en Italie.<\/p>\n<p>Les Arche furent \u00e9difi\u00e9es pour accueillir les d\u00e9pouilles de certains repr\u00e9sentants de la famille della Scala. Celles de <strong>Cangrande I, Mastino II et Cansignorio<\/strong> se distinguent par leur monumentalit\u00e9 et leurs d\u00e9corations.[\/vc_column_text]<div class=\"wpb_wrapper td_block_separator td_block_wrap vc_separator tdi_46  td_separator_solid td_separator_center\"><span style=\"border-color:juicy_pink;border-width:1px;width:100%;\"><\/span><\/div>[vc_column_text]<div class='code-block code-block-7' style='margin: 8px auto; text-align: center; display: block; clear: both;'>\n<script async type='text\/javascript' src='\/\/s.clickiocdn.com\/t\/218260\/360_light.js'><\/script>\n<script class='__lxGc__' type='text\/javascript'>\n((__lxGc__=window.__lxGc__||{'s':{},'b':0})['s']['_218260']=__lxGc__['s']['_218260']||{'b':{}})['b']['_709457']={'i':__lxGc__.b++};\n<\/script>\n\n<script async type='text\/javascript' src='\/\/s.clickiocdn.com\/t\/218260\/360_light.js'><\/script>\n<script class='__lxGc__' type='text\/javascript'>\n((__lxGc__=window.__lxGc__||{'s':{},'b':0})['s']['_218260']=__lxGc__['s']['_218260']||{'b':{}})['b']['_709459']={'i':__lxGc__.b++};\n<\/script><\/div>\n[\/vc_column_text]<\/div><\/div><\/div><\/div><div id=\"tdi_47\" class=\"tdc-row\"><div class=\"vc_row tdi_48  wpb_row td-pb-row\" >\n<style scoped>\n\/* custom css - generated by TagDiv Composer *\/\n\n\/* custom css - generated by TagDiv Composer *\/\n.tdi_48,\r\n                .tdi_48 .tdc-columns{\r\n                    min-height: 0;\r\n                }.tdi_48,\r\n\t\t\t\t.tdi_48 .tdc-columns{\r\n\t\t\t\t    display: block;\r\n\t\t\t\t}.tdi_48 .tdc-columns{\r\n\t\t\t\t    width: 100%;\r\n\t\t\t\t}.tdi_48:before,\r\n\t\t\t\t.tdi_48:after{\r\n\t\t\t\t    display: table;\r\n\t\t\t\t}\n<\/style><div class=\"vc_column tdi_50  wpb_column vc_column_container tdc-column td-pb-span12\">\n<style scoped>\n\/* custom css - generated by TagDiv Composer *\/\n\n\/* custom css - generated by TagDiv Composer *\/\n.tdi_50{\r\n                    vertical-align: baseline;\r\n                }.tdi_50 > .wpb_wrapper,\r\n\t\t\t\t.tdi_50 > .wpb_wrapper > .tdc-elements{\r\n\t\t\t\t    display: block;\r\n\t\t\t\t}.tdi_50 > .wpb_wrapper > .tdc-elements{\r\n\t\t\t\t    width: 100%;\r\n\t\t\t\t}.tdi_50 > .wpb_wrapper > .vc_row_inner{\r\n\t\t\t\t    width: auto;\r\n\t\t\t\t}.tdi_50 > .wpb_wrapper{\r\n\t\t\t\t    width: auto;\r\n\t\t\t\t    height: auto;\r\n\t\t\t\t}\n<\/style><div class=\"wpb_wrapper\" >[vc_custom_heading text=\u00a0\u00bbPiazza Br\u00e0 \u00e0 V\u00e9rone\u00a0\u00bb google_fonts=\u00a0\u00bbfont_family:Open%20Sans%3A300%2C300italic%2Cregular%2Citalic%2C600%2C600italic%2C700%2C700italic%2C800%2C800italic|font_style:600%20bold%20regular%3A600%3Anormal\u00a0\u00bb css=\u00a0\u00bb.vc_custom_1487936483613{background-position: 0 0 !important;background-repeat: no-repeat !important;}\u00a0\u00bb][vc_column_text]<span class=\"dropcap\" style=\"background-color: #c60c0c;\">8<\/span>Piazza Br\u00e0 est l\u2019une des plus grandes places d\u2019Europe, domin\u00e9e par la silhouette de l\u2019Arena et enrichie de plusieurs palais historiques. La place tire son nom du terme allemand <em>breit, <\/em>qui signifie large.<\/p>\n<h3>Le <em>liston<\/em> o\u00f9 les V\u00e9ronais aiment se promener<\/h3>\n<figure id=\"attachment_3401\" aria-describedby=\"caption-attachment-3401\" style=\"width: 375px\" class=\"wp-caption alignleft\"><img decoding=\"async\" class=\"size-full wp-image-3401\" src=\"https:\/\/www.10cose.it\/wp-content\/uploads\/2015\/09\/piazza-bra-verona.jpg\" alt=\"Piazza Br\u00e0 \u00e0 V\u00e9rone\" width=\"375\" height=\"250\" srcset=\"https:\/\/www.10cose.it\/wp-content\/uploads\/2015\/09\/piazza-bra-verona.jpg 375w, https:\/\/www.10cose.it\/wp-content\/uploads\/2015\/09\/piazza-bra-verona-300x200.jpg 300w\" sizes=\"(max-width: 375px) 100vw, 375px\" \/><figcaption id=\"caption-attachment-3401\" class=\"wp-caption-text\">Piazza Br\u00e0 \u00e0 V\u00e9rone<\/figcaption><\/figure>\n<p>Sur Piazza Br\u00e0 se trouve le <em>liston<\/em>, le dallage en marbre rose de la Valpolicella, le m\u00eame que celui utilis\u00e9 pour construire l\u2019Amphith\u00e9\u00e2tre romain. Sur le <em>liston <\/em>, les V\u00e9ronais aiment se retrouver, se promener et discuter, avant de s\u2019asseoir aux tables des caf\u00e9s pour prendre un caf\u00e9 ou un ap\u00e9ritif.<\/p>\n<p>Une tradition ancienne, puisque Goethe \u00e9crivait d\u00e9j\u00e0 dans son essai <i>Voyage en Italie<\/i> : \u00ab <i>sur le large pav\u00e9 de la Bra, une foule de gens marchait<\/i> \u00bb. Outre l\u2019Arena, la place est bord\u00e9e par le <strong>Palazzo della Gran Guardia<\/strong>, lieu d\u2019expositions et d\u2019\u00e9v\u00e9nements, et par le <strong>Palazzo Barbieri<\/strong>, si\u00e8ge de la <strong>Mairie de V\u00e9rone.<\/strong>[\/vc_column_text]<div class=\"wpb_wrapper td_block_separator td_block_wrap vc_separator tdi_52  td_separator_solid td_separator_center\"><span style=\"border-color:juicy_pink;border-width:1px;width:100%;\"><\/span><\/div>[vc_column_text]<div class='code-block code-block-8' style='margin: 8px auto; text-align: center; display: block; clear: both;'>\n<script async type='text\/javascript' src='\/\/s.clickiocdn.com\/t\/218260\/360_light.js'><\/script>\n<script class='__lxGc__' type='text\/javascript'>\n((__lxGc__=window.__lxGc__||{'s':{},'b':0})['s']['_218260']=__lxGc__['s']['_218260']||{'b':{}})['b']['_709457']={'i':__lxGc__.b++};\n<\/script>\n\n<script async type='text\/javascript' src='\/\/s.clickiocdn.com\/t\/218260\/360_light.js'><\/script>\n<script class='__lxGc__' type='text\/javascript'>\n((__lxGc__=window.__lxGc__||{'s':{},'b':0})['s']['_218260']=__lxGc__['s']['_218260']||{'b':{}})['b']['_709459']={'i':__lxGc__.b++};\n<\/script><\/div>\n[\/vc_column_text]<\/div><\/div><\/div><\/div><div id=\"tdi_53\" class=\"tdc-row\"><div class=\"vc_row tdi_54  wpb_row td-pb-row\" >\n<style scoped>\n\/* custom css - generated by TagDiv Composer *\/\n\n\/* custom css - generated by TagDiv Composer *\/\n.tdi_54,\r\n                .tdi_54 .tdc-columns{\r\n                    min-height: 0;\r\n                }.tdi_54,\r\n\t\t\t\t.tdi_54 .tdc-columns{\r\n\t\t\t\t    display: block;\r\n\t\t\t\t}.tdi_54 .tdc-columns{\r\n\t\t\t\t    width: 100%;\r\n\t\t\t\t}.tdi_54:before,\r\n\t\t\t\t.tdi_54:after{\r\n\t\t\t\t    display: table;\r\n\t\t\t\t}\n<\/style><div class=\"vc_column tdi_56  wpb_column vc_column_container tdc-column td-pb-span12\">\n<style scoped>\n\/* custom css - generated by TagDiv Composer *\/\n\n\/* custom css - generated by TagDiv Composer *\/\n.tdi_56{\r\n                    vertical-align: baseline;\r\n                }.tdi_56 > .wpb_wrapper,\r\n\t\t\t\t.tdi_56 > .wpb_wrapper > .tdc-elements{\r\n\t\t\t\t    display: block;\r\n\t\t\t\t}.tdi_56 > .wpb_wrapper > .tdc-elements{\r\n\t\t\t\t    width: 100%;\r\n\t\t\t\t}.tdi_56 > .wpb_wrapper > .vc_row_inner{\r\n\t\t\t\t    width: auto;\r\n\t\t\t\t}.tdi_56 > .wpb_wrapper{\r\n\t\t\t\t    width: auto;\r\n\t\t\t\t    height: auto;\r\n\t\t\t\t}\n<\/style><div class=\"wpb_wrapper\" >[vc_custom_heading text=\u00a0\u00bbCastelvecchio \u00e0 V\u00e9rone\u00a0\u00bb google_fonts=\u00a0\u00bbfont_family:Open%20Sans%3A300%2C300italic%2Cregular%2Citalic%2C600%2C600italic%2C700%2C700italic%2C800%2C800italic|font_style:600%20bold%20regular%3A600%3Anormal\u00a0\u00bb css=\u00a0\u00bb.vc_custom_1487936493077{background-position: 0 0 !important;background-repeat: no-repeat !important;}\u00a0\u00bb][vc_column_text]<span class=\"dropcap\" style=\"background-color: #c60c0c;\">9<\/span><\/p>\n<p>Cangrande II della Scala voulut la construction de Castelvecchio afin de disposer d\u2019une forteresse contre les dangers ext\u00e9rieurs pouvant venir du pont, mais aussi contre d\u2019\u00e9ventuels soul\u00e8vements de la population de V\u00e9rone \u00e0 la suite des luttes internes de la famille Scaliger.<\/p>\n<figure id=\"attachment_3404\" aria-describedby=\"caption-attachment-3404\" style=\"width: 375px\" class=\"wp-caption alignleft\"><img decoding=\"async\" class=\"size-full wp-image-3404\" src=\"https:\/\/www.10cose.it\/wp-content\/uploads\/2015\/09\/castelvecchio-verona.jpg\" alt=\"Castelvecchio \u00e0 V\u00e9rone\" width=\"375\" height=\"250\" srcset=\"https:\/\/www.10cose.it\/wp-content\/uploads\/2015\/09\/castelvecchio-verona.jpg 375w, https:\/\/www.10cose.it\/wp-content\/uploads\/2015\/09\/castelvecchio-verona-300x200.jpg 300w\" sizes=\"(max-width: 375px) 100vw, 375px\" \/><figcaption id=\"caption-attachment-3404\" class=\"wp-caption-text\">Castelvecchio \u00e0 V\u00e9rone<\/figcaption><\/figure>\n<p>Le Ponte Scaligero auquel il est reli\u00e9 projetait en effet le ch\u00e2teau au-del\u00e0 du fleuve, garantissant une voie de fuite vers la campagne. <strong>Comme le pont, le ch\u00e2teau a lui aussi connu des fortunes diverses.<\/strong><\/p>\n<p>Apr\u00e8s la chute des Scaligeri, il fut utilis\u00e9 par les V\u00e9nitiens comme d\u00e9p\u00f4t d\u2019armes, puis devint une caserne sous la domination fran\u00e7aise et autrichienne. La restauration de 1926 supprima les \u00e9l\u00e9ments militaires et ajouta des r\u00e9f\u00e9rences au gothique tardif et \u00e0 la Renaissance.<\/p>\n\n<p>Castelvecchio poss\u00e8de <b>deux noyaux :<\/b> \u00e0 droite se trouvent <strong>la grande cour et la place d\u2019armes<\/strong> ; \u00e0 gauche, la r\u00e9sidence scalig\u00e8re o\u00f9 habitaient les seigneurs, avec une cour plus \u00e9troite et une double enceinte.<\/p>\n<p>Au centre, la haute <b>Torre del Mastio<\/b>, depuis laquelle on acc\u00e8de au <strong>Ponte Scaligero <\/strong>sur l\u2019Adige. Aujourd\u2019hui, le ch\u00e2teau abrite un mus\u00e9e avec des \u0153uvres d\u2019art m\u00e9di\u00e9val, Renaissance et moderne.<\/p>\n<p>Le mus\u00e9e n\u2019est pas tr\u00e8s grand, mais il conserve au moins 20 chefs-d\u2019\u0153uvre : parmi eux, la <em>Sainte Famille<\/em> de Mantegna, le <em>Gar\u00e7on avec un dessin de poup\u00e9e<\/em> de Caroto, le <em>Portrait de femme<\/em> de Rubens, la <em>Madone aux cailles<\/em> attribu\u00e9e \u00e0 Pisanello, le <em>Saint J\u00e9r\u00f4me p\u00e9nitent<\/em> de Bellini et beaucoup d\u2019autres.<\/p>\n<div>\n<h3>Horaires et billet pour Castelvecchio et le Mus\u00e9e<\/h3>\n<p><strong>Horaires d\u2019ouverture du Mus\u00e9e :<\/strong> du mardi au dimanche de 10 h \u00e0 18 h<br \/>\n(derni\u00e8re entr\u00e9e \u00e0 17 h 30)<br \/>\n<strong>Ferm\u00e9<\/strong> : lundi<\/p>\n<p><strong>Prix du billet<\/strong> : 6 \u20ac<br \/>\n<strong>Comment arriver<\/strong> : \u00e0 pied dans le centre historique.<\/p>\n<\/div>\n<p>[\/vc_column_text]<div class=\"wpb_wrapper td_block_separator td_block_wrap vc_separator tdi_58  td_separator_solid td_separator_center\"><span style=\"border-color:juicy_pink;border-width:1px;width:100%;\"><\/span><\/div>[vc_column_text]<div class='code-block code-block-9' style='margin: 8px auto; text-align: center; display: block; clear: both;'>\n<script async type='text\/javascript' src='\/\/s.clickiocdn.com\/t\/218260\/360_light.js'><\/script>\n<script class='__lxGc__' type='text\/javascript'>\n((__lxGc__=window.__lxGc__||{'s':{},'b':0})['s']['_218260']=__lxGc__['s']['_218260']||{'b':{}})['b']['_709457']={'i':__lxGc__.b++};\n<\/script>\n\n<script async type='text\/javascript' src='\/\/s.clickiocdn.com\/t\/218260\/360_light.js'><\/script>\n<script class='__lxGc__' type='text\/javascript'>\n((__lxGc__=window.__lxGc__||{'s':{},'b':0})['s']['_218260']=__lxGc__['s']['_218260']||{'b':{}})['b']['_709459']={'i':__lxGc__.b++};\n<\/script><\/div>\n[\/vc_column_text]<\/div><\/div><\/div><\/div><div id=\"tdi_59\" class=\"tdc-row\"><div class=\"vc_row tdi_60  wpb_row td-pb-row\" >\n<style scoped>\n\/* custom css - generated by TagDiv Composer *\/\n\n\/* custom css - generated by TagDiv Composer *\/\n.tdi_60,\r\n                .tdi_60 .tdc-columns{\r\n                    min-height: 0;\r\n                }.tdi_60,\r\n\t\t\t\t.tdi_60 .tdc-columns{\r\n\t\t\t\t    display: block;\r\n\t\t\t\t}.tdi_60 .tdc-columns{\r\n\t\t\t\t    width: 100%;\r\n\t\t\t\t}.tdi_60:before,\r\n\t\t\t\t.tdi_60:after{\r\n\t\t\t\t    display: table;\r\n\t\t\t\t}\n<\/style><div class=\"vc_column tdi_62  wpb_column vc_column_container tdc-column td-pb-span12\">\n<style scoped>\n\/* custom css - generated by TagDiv Composer *\/\n\n\/* custom css - generated by TagDiv Composer *\/\n.tdi_62{\r\n                    vertical-align: baseline;\r\n                }.tdi_62 > .wpb_wrapper,\r\n\t\t\t\t.tdi_62 > .wpb_wrapper > .tdc-elements{\r\n\t\t\t\t    display: block;\r\n\t\t\t\t}.tdi_62 > .wpb_wrapper > .tdc-elements{\r\n\t\t\t\t    width: 100%;\r\n\t\t\t\t}.tdi_62 > .wpb_wrapper > .vc_row_inner{\r\n\t\t\t\t    width: auto;\r\n\t\t\t\t}.tdi_62 > .wpb_wrapper{\r\n\t\t\t\t    width: auto;\r\n\t\t\t\t    height: auto;\r\n\t\t\t\t}\n<\/style><div class=\"wpb_wrapper\" >[vc_custom_heading text=\u00a0\u00bbLa \u00ab Veronetta \u00bb\u00a0\u00bb google_fonts=\u00a0\u00bbfont_family:Open%20Sans%3A300%2C300italic%2Cregular%2Citalic%2C600%2C600italic%2C700%2C700italic%2C800%2C800italic|font_style:600%20bold%20regular%3A600%3Anormal\u00a0\u00bb css=\u00a0\u00bb.vc_custom_1654333343522{background-position: 0 0 !important;background-repeat: no-repeat !important;}\u00a0\u00bb][vc_column_text]<span class=\"dropcap\" style=\"background-color: #c60c0c;\">10<\/span><\/p>\n<p>En 1801, avec l\u2019arriv\u00e9e des Fran\u00e7ais dans la ville, <strong>V\u00e9rone fut divis\u00e9e en deux<\/strong> : sur la rive gauche de l\u2019Adige se trouvaient les Autrichiens, tandis que sur la rive droite \u00e9taient install\u00e9es les troupes de Napol\u00e9on. Il semble que <strong>ce soit Bonaparte lui-m\u00eame qui rebaptisa, de mani\u00e8re m\u00e9prisante, cette partie de V\u00e9rone du nom de \u00ab <em>Veronette<\/em> \u00bb<\/strong>, c\u2019est-\u00e0-dire la V\u00e9rone inf\u00e9rieure. Ce quartier de V\u00e9rone a v\u00e9cu pendant des si\u00e8cles de moulins, tanneries, filatures et autres activit\u00e9s li\u00e9es \u00e0 l\u2019eau.<\/p>\n<figure id=\"attachment_28211\" aria-describedby=\"caption-attachment-28211\" style=\"width: 375px\" class=\"wp-caption alignleft\"><img decoding=\"async\" class=\"size-full wp-image-28211\" src=\"https:\/\/www.10cose.it\/wp-content\/uploads\/2015\/09\/quartiere-veronetta-verona.jpg\" alt=\"Le quartier de la Veronetta \u00e0 V\u00e9rone\" width=\"375\" height=\"250\" srcset=\"https:\/\/www.10cose.it\/wp-content\/uploads\/2015\/09\/quartiere-veronetta-verona.jpg 375w, https:\/\/www.10cose.it\/wp-content\/uploads\/2015\/09\/quartiere-veronetta-verona-300x200.jpg 300w\" sizes=\"(max-width: 375px) 100vw, 375px\" \/><figcaption id=\"caption-attachment-28211\" class=\"wp-caption-text\">Le quartier de la Veronetta \u00e0 V\u00e9rone<\/figcaption><\/figure>\n<p>Apr\u00e8s plus d\u2019un si\u00e8cle d\u2019abandon, la Veronetta a repris son d\u00e9veloppement \u00e0 partir des ann\u00e9es 1970 et elle est aujourd\u2019hui un quartier typiquement v\u00e9ronais, celui de la \u00ab vieille V\u00e9rone \u00bb, pourrait-on dire.<\/p>\n<p><strong>Ateliers d\u2019artisans, artistes, restaurants en font un quartier tr\u00e8s vivant, alternatif par rapport au shopping touristique de la rive droite<\/strong>.<\/p>\n\n<h3>Le Th\u00e9\u00e2tre Romain de V\u00e9rone<\/h3>\n<p>Les monuments et les choses \u00e0 voir ne manquent pas \u00e0 mesure que l\u2019on grimpe le long du Colle San Pietro et que le panorama devient magnifique. D\u2019abord, <strong>les vestiges du merveilleux Th\u00e9\u00e2tre Romain<\/strong>, construit au Ier si\u00e8cle av. J.-C., avant m\u00eame la plus c\u00e9l\u00e8bre Arena. Le th\u00e9\u00e2tre accueille chaque \u00e9t\u00e9 des festivals et des spectacles incontournables.<\/p>\n<p>Au Th\u00e9\u00e2tre Romain est associ\u00e9 le <strong>Mus\u00e9e Arch\u00e9ologique<\/strong>, qui rassemble de pr\u00e9cieux vestiges de l\u2019\u00e9poque romaine antique ainsi que d\u2019int\u00e9ressantes expositions temporaires th\u00e9matiques.<\/p>\n<h3>Castel San Pietro<\/h3>\n<p>Au-dessus du Th\u00e9\u00e2tre Romain se trouve <strong>Castel San Pietro, une forteresse<\/strong> que l\u2019on rejoint par une belle promenade \u00e0 pied ou en funiculaire, avant de profiter d\u2019un caf\u00e9 en terrasse. Le joyau de la Veronetta est le <strong>Jardin Giusti<\/strong> avec son palais nobiliaire : un merveilleux espace vert \u00e0 l\u2019italienne qui, au fil des si\u00e8cles, a fascin\u00e9 les voyageurs venus de toute l\u2019Europe.[\/vc_column_text]<div class=\"wpb_wrapper td_block_separator td_block_wrap vc_separator tdi_64  td_separator_solid td_separator_center\"><span style=\"border-color:juicy_pink;border-width:1px;width:100%;\"><\/span><\/div>[vc_column_text]<div class='code-block code-block-10' style='margin: 8px auto; text-align: center; display: block; clear: both;'>\n<script async type='text\/javascript' src='\/\/s.clickiocdn.com\/t\/218260\/360_light.js'><\/script>\n<script class='__lxGc__' type='text\/javascript'>\n((__lxGc__=window.__lxGc__||{'s':{},'b':0})['s']['_218260']=__lxGc__['s']['_218260']||{'b':{}})['b']['_709457']={'i':__lxGc__.b++};\n<\/script>\n\n<script async type='text\/javascript' src='\/\/s.clickiocdn.com\/t\/218260\/360_light.js'><\/script>\n<script class='__lxGc__' type='text\/javascript'>\n((__lxGc__=window.__lxGc__||{'s':{},'b':0})['s']['_218260']=__lxGc__['s']['_218260']||{'b':{}})['b']['_709459']={'i':__lxGc__.b++};\n<\/script><\/div>\n[\/vc_column_text]<\/div><\/div><\/div><\/div><div id=\"tdi_65\" class=\"tdc-row\"><div class=\"vc_row tdi_66  wpb_row td-pb-row\" >\n<style scoped>\n\/* custom css - generated by TagDiv Composer *\/\n\n\/* custom css - generated by TagDiv Composer *\/\n.tdi_66,\r\n                .tdi_66 .tdc-columns{\r\n                    min-height: 0;\r\n                }.tdi_66,\r\n\t\t\t\t.tdi_66 .tdc-columns{\r\n\t\t\t\t    display: block;\r\n\t\t\t\t}.tdi_66 .tdc-columns{\r\n\t\t\t\t    width: 100%;\r\n\t\t\t\t}.tdi_66:before,\r\n\t\t\t\t.tdi_66:after{\r\n\t\t\t\t    display: table;\r\n\t\t\t\t}\n<\/style><div class=\"vc_column tdi_68  wpb_column vc_column_container tdc-column td-pb-span12\">\n<style scoped>\n\/* custom css - generated by TagDiv Composer *\/\n\n\/* custom css - generated by TagDiv Composer *\/\n.tdi_68{\r\n                    vertical-align: baseline;\r\n                }.tdi_68 > .wpb_wrapper,\r\n\t\t\t\t.tdi_68 > .wpb_wrapper > .tdc-elements{\r\n\t\t\t\t    display: block;\r\n\t\t\t\t}.tdi_68 > .wpb_wrapper > .tdc-elements{\r\n\t\t\t\t    width: 100%;\r\n\t\t\t\t}.tdi_68 > .wpb_wrapper > .vc_row_inner{\r\n\t\t\t\t    width: auto;\r\n\t\t\t\t}.tdi_68 > .wpb_wrapper{\r\n\t\t\t\t    width: auto;\r\n\t\t\t\t    height: auto;\r\n\t\t\t\t}\n<\/style><div class=\"wpb_wrapper\" >[vc_custom_heading text=\u00a0\u00bbLes environs de V\u00e9rone\u00a0\u00bb google_fonts=\u00a0\u00bbfont_family:Open%20Sans%3A300%2C300italic%2Cregular%2Citalic%2C600%2C600italic%2C700%2C700italic%2C800%2C800italic|font_style:600%20bold%20regular%3A600%3Anormal\u00a0\u00bb css=\u00a0\u00bb.vc_custom_1627365921005{background-position: 0 0 !important;background-repeat: no-repeat !important;}\u00a0\u00bb][vc_column_text]<span class=\"dropcap\" style=\"background-color: #c60c0c;\">11<\/span><\/p>\n<p>L\u2019itin\u00e9raire propos\u00e9 dans cette page suffit pour passer 3 jours \u00e0 V\u00e9rone, la visiter tranquillement et l\u2019appr\u00e9cier. Mais s\u2019il vous reste encore un peu de temps, les <strong>environs de V\u00e9rone<\/strong> offrent l\u2019occasion de d\u00e9couvrir des villages, de l\u2019histoire et de la nature.<\/p>\n<figure id=\"attachment_1990\" aria-describedby=\"caption-attachment-1990\" style=\"width: 375px\" class=\"wp-caption alignleft\"><img decoding=\"async\" class=\"size-full wp-image-1990\" src=\"https:\/\/www.10cose.it\/wp-content\/uploads\/2015\/09\/castello-sirmione-lago-di-garda.jpg\" alt=\"Le Ch\u00e2teau de Sirmione sur le lac de Garde\" width=\"375\" height=\"250\" srcset=\"https:\/\/www.10cose.it\/wp-content\/uploads\/2015\/09\/castello-sirmione-lago-di-garda.jpg 375w, https:\/\/www.10cose.it\/wp-content\/uploads\/2015\/09\/castello-sirmione-lago-di-garda-300x200.jpg 300w\" sizes=\"(max-width: 375px) 100vw, 375px\" \/><figcaption id=\"caption-attachment-1990\" class=\"wp-caption-text\">Le Ch\u00e2teau de Sirmione sur le lac de Garde<\/figcaption><\/figure>\n<p>La premi\u00e8re pens\u00e9e va tout de suite au <a href=\"https:\/\/www.10cose.it\/lago-garda\/cosa-vedere-lago-di-garda\"><strong>lac de Garde<\/strong><\/a>, non seulement sur la rive v\u00e9ronaise, mais aussi sur les rives bresciane et trentine.<\/p>\n<p>Un itin\u00e9raire qui permet de passer des eaux thermales de Sirmione au surf \u00e0 <a href=\"https:\/\/www.10cose.it\/lago-garda\/borgo-torbole-sul-garda\"><strong>Torbole,<\/strong> <\/a>des atmosph\u00e8res \u00e9l\u00e9gantes de <a href=\"https:\/\/www.10cose.it\/riva-del-garda\/cosa-vedere-riva-del-garda\"><strong>Riva del Garda<\/strong><\/a> aux excursions en montagne, en quelques kilom\u00e8tres seulement.<\/p>\n<p>\u00c0 moins d\u2019une heure de route de V\u00e9rone se trouve <a href=\"https:\/\/www.10cose.it\/mantova\/cosa-vedere-mantova\"><strong>Mantoue<\/strong> <\/a>, avec deux villages \u00e0 ne pas manquer : <a href=\"https:\/\/www.10cose.it\/mantova\/borgo-castellaro-lagusello\"><strong>Castellaro Lagusello<\/strong><\/a> et <strong>Borghetto sul Mincio<\/strong>. Dans les environs, ne manquez pas non plus le <strong>Parco Sigurt\u00e0<\/strong>, l\u2019un des plus beaux jardins du monde.<\/p>\n<p>Toujours \u00e0 une heure de route, vous trouverez deux des plus belles villes d\u2019art de V\u00e9n\u00e9tie : <a href=\"https:\/\/www.10cose.it\/vicenza\/cosa-vedere-vicenza\"><strong>Vicence<\/strong> <\/a>et <strong>Padoue<\/strong>, sans oublier qu\u2019avec un peu plus de route, on arrive \u00e0 <a href=\"https:\/\/www.10cose.it\/venezia\/cosa-vedere-venezia\"><strong>Venise<\/strong><\/a> ![\/vc_column_text]<div class=\"wpb_wrapper td_block_separator td_block_wrap vc_separator tdi_70  td_separator_solid td_separator_center\"><span style=\"border-color:juicy_pink;border-width:1px;width:100%;\"><\/span><\/div>[vc_column_text]<div class='ai-viewports ai-viewport-3 ai-insert-13-68687828' style='margin: 8px auto; text-align: center; display: block; clear: both;' data-insertion-position='prepend' data-selector='.ai-insert-13-68687828' data-insertion-no-dbg data-code='PGRpdiBjbGFzcz0nY29kZS1ibG9jayBjb2RlLWJsb2NrLTEzJyBzdHlsZT0nbWFyZ2luOiA4cHggYXV0bzsgdGV4dC1hbGlnbjogY2VudGVyOyBkaXNwbGF5OiBibG9jazsgY2xlYXI6IGJvdGg7Jz4KPHNjcmlwdCBhc3luYyB0eXBlPSd0ZXh0L2phdmFzY3JpcHQnIHNyYz0nLy9zLmNsaWNraW9jZG4uY29tL3QvMjE4MjYwLzM2MF9saWdodC5qcyc+PC9zY3JpcHQ+CjxzY3JpcHQgY2xhc3M9J19fbHhHY19fJyB0eXBlPSd0ZXh0L2phdmFzY3JpcHQnPgooKF9fbHhHY19fPXdpbmRvdy5fX2x4R2NfX3x8eydzJzp7fSwnYic6MH0pWydzJ11bJ18yMTgyNjAnXT1fX2x4R2NfX1sncyddWydfMjE4MjYwJ118fHsnYic6e319KVsnYiddWydfNzA5NDU3J109eydpJzpfX2x4R2NfXy5iKyt9Owo8L3NjcmlwdD4KCjxzY3JpcHQgYXN5bmMgdHlwZT0ndGV4dC9qYXZhc2NyaXB0JyBzcmM9Jy8vcy5jbGlja2lvY2RuLmNvbS90LzIxODI2MC8zNjBfbGlnaHQuanMnPjwvc2NyaXB0Pgo8c2NyaXB0IGNsYXNzPSdfX2x4R2NfXycgdHlwZT0ndGV4dC9qYXZhc2NyaXB0Jz4KKChfX2x4R2NfXz13aW5kb3cuX19seEdjX198fHsncyc6e30sJ2InOjB9KVsncyddWydfMjE4MjYwJ109X19seEdjX19bJ3MnXVsnXzIxODI2MCddfHx7J2InOnt9fSlbJ2InXVsnXzcwOTQ1OSddPXsnaSc6X19seEdjX18uYisrfTsKPC9zY3JpcHQ+PC9kaXY+Cg==' data-block='13'><\/div>\n<script>\n  ai_run_925808569636 = function(){ai_insert_viewport_code ('ai-insert-13-68687828');};\n  if (document.readyState === 'complete' || (document.readyState !== 'loading' && !document.documentElement.doScroll)) ai_run_925808569636 (); else document.addEventListener ('DOMContentLoaded', ai_run_925808569636);\n<\/script>\n[\/vc_column_text]<\/div><\/div><\/div><\/div><div id=\"tdi_71\" class=\"tdc-row\"><div class=\"vc_row tdi_72  wpb_row td-pb-row\" >\n<style scoped>\n\/* custom css - generated by TagDiv Composer *\/\n\n\/* custom css - generated by TagDiv Composer *\/\n.tdi_72,\r\n                .tdi_72 .tdc-columns{\r\n                    min-height: 0;\r\n                }.tdi_72,\r\n\t\t\t\t.tdi_72 .tdc-columns{\r\n\t\t\t\t    display: block;\r\n\t\t\t\t}.tdi_72 .tdc-columns{\r\n\t\t\t\t    width: 100%;\r\n\t\t\t\t}.tdi_72:before,\r\n\t\t\t\t.tdi_72:after{\r\n\t\t\t\t    display: table;\r\n\t\t\t\t}\n<\/style><div class=\"vc_column tdi_74  wpb_column vc_column_container tdc-column td-pb-span12\">\n<style scoped>\n\/* custom css - generated by TagDiv Composer *\/\n\n\/* custom css - generated by TagDiv Composer *\/\n.tdi_74{\r\n                    vertical-align: baseline;\r\n                }.tdi_74 > .wpb_wrapper,\r\n\t\t\t\t.tdi_74 > .wpb_wrapper > .tdc-elements{\r\n\t\t\t\t    display: block;\r\n\t\t\t\t}.tdi_74 > .wpb_wrapper > .tdc-elements{\r\n\t\t\t\t    width: 100%;\r\n\t\t\t\t}.tdi_74 > .wpb_wrapper > .vc_row_inner{\r\n\t\t\t\t    width: auto;\r\n\t\t\t\t}.tdi_74 > .wpb_wrapper{\r\n\t\t\t\t    width: auto;\r\n\t\t\t\t    height: auto;\r\n\t\t\t\t}\n<\/style><div class=\"wpb_wrapper\" >[vc_custom_heading text=\u00a0\u00bbQue manger \u00e0 V\u00e9rone\u00a0\u00bb google_fonts=\u00a0\u00bbfont_family:Open%20Sans%3A300%2C300italic%2Cregular%2Citalic%2C600%2C600italic%2C700%2C700italic%2C800%2C800italic|font_style:600%20bold%20regular%3A600%3Anormal\u00a0\u00bb css=\u00a0\u00bb.vc_custom_1487936503425{background-position: 0 0 !important;background-repeat: no-repeat !important;}\u00a0\u00bb][vc_column_text]<span class=\"dropcap\" style=\"background-color: #c60c0c;\">12<\/span><\/p>\n<p>V\u00e9rone poss\u00e8de une tradition culinaire s\u00e9culaire, h\u00e9rit\u00e9e des cuisines des seigneurs locaux et aujourd\u2019hui perp\u00e9tu\u00e9e par les restaurants et les trattorias. Pas seulement du riz et de la polenta, mais aussi des sp\u00e9cialit\u00e9s peu connues hors du territoire local, \u00e0 go\u00fbter absolument :<\/p>\n<figure id=\"attachment_3398\" aria-describedby=\"caption-attachment-3398\" style=\"width: 375px\" class=\"wp-caption alignleft\"><img decoding=\"async\" class=\"size-full wp-image-3398\" src=\"https:\/\/www.10cose.it\/wp-content\/uploads\/2015\/09\/cosa-mangiare-verona.jpg\" alt=\"Que manger \u00e0 V\u00e9rone\" width=\"375\" height=\"250\" srcset=\"https:\/\/www.10cose.it\/wp-content\/uploads\/2015\/09\/cosa-mangiare-verona.jpg 375w, https:\/\/www.10cose.it\/wp-content\/uploads\/2015\/09\/cosa-mangiare-verona-300x200.jpg 300w\" sizes=\"(max-width: 375px) 100vw, 375px\" \/><figcaption id=\"caption-attachment-3398\" class=\"wp-caption-text\">Que manger \u00e0 V\u00e9rone<\/figcaption><\/figure>\n<p>la \u00ab <strong>pear\u00e0<\/strong> \u00bb, par exemple, du b\u0153uf bouilli accompagn\u00e9 d\u2019une sauce au pain, poivr\u00e9e et au fromage ; la \u00ab <strong>pastisada de caval<\/strong> \u00bb, un rago\u00fbt de viande de cheval qui accompagne les <strong>gnocchi<\/strong> locaux ; ou encore les \u00ab <strong>paparele<\/strong> \u00bb, des tagliatelles avec petits pois et haricots.<\/p>\n<p>\u00c0 essayer aussi, la <strong>Renga de Parona de V\u00e9rone<\/strong>, \u00e0 base d\u2019anchois.<\/p>\n<h3>Les desserts de V\u00e9rone<\/h3>\n<p>Parmi les desserts, citons le Pandoro, connu dans le monde entier, <span style=\"color: #000000;\"><span style=\"font-family: Verdana, sans-serif;\">le <\/span><\/span><span style=\"color: #000000;\"><span style=\"font-family: Verdana, sans-serif;\">nadal\u00ecn<\/span><\/span>, en forme d\u2019\u00e9toile \u00e0 huit branches, <span style=\"color: #000000;\"><span style=\"font-family: Verdana, sans-serif;\">et le <strong>mandorlato <\/strong>de Cologna Veneta. <\/span><\/span><\/p>\n<h3>Les vins de V\u00e9n\u00e9tie<\/h3>\n<p>N\u2019oublions pas non plus que V\u00e9rone est la premi\u00e8re province italienne pour la <strong>production de vins D.O.C.<\/strong> : ne manquez donc pas d\u2019accompagner votre repas d\u2019un agr\u00e9able <strong>Bardolino<\/strong> ou d\u2019un <strong>Valpolicella<\/strong> plus cors\u00e9.[\/vc_column_text]<div class=\"wpb_wrapper td_block_separator td_block_wrap vc_separator tdi_76  td_separator_solid td_separator_center\"><span style=\"border-color:juicy_pink;border-width:1px;width:100%;\"><\/span><\/div>[vc_column_text]<div class='ai-viewports ai-viewport-3 ai-insert-13-33569585' style='margin: 8px auto; text-align: center; display: block; clear: both;' data-insertion-position='prepend' data-selector='.ai-insert-13-33569585' data-insertion-no-dbg data-code='PGRpdiBjbGFzcz0nY29kZS1ibG9jayBjb2RlLWJsb2NrLTEzJyBzdHlsZT0nbWFyZ2luOiA4cHggYXV0bzsgdGV4dC1hbGlnbjogY2VudGVyOyBkaXNwbGF5OiBibG9jazsgY2xlYXI6IGJvdGg7Jz4KPHNjcmlwdCBhc3luYyB0eXBlPSd0ZXh0L2phdmFzY3JpcHQnIHNyYz0nLy9zLmNsaWNraW9jZG4uY29tL3QvMjE4MjYwLzM2MF9saWdodC5qcyc+PC9zY3JpcHQ+CjxzY3JpcHQgY2xhc3M9J19fbHhHY19fJyB0eXBlPSd0ZXh0L2phdmFzY3JpcHQnPgooKF9fbHhHY19fPXdpbmRvdy5fX2x4R2NfX3x8eydzJzp7fSwnYic6MH0pWydzJ11bJ18yMTgyNjAnXT1fX2x4R2NfX1sncyddWydfMjE4MjYwJ118fHsnYic6e319KVsnYiddWydfNzA5NDU3J109eydpJzpfX2x4R2NfXy5iKyt9Owo8L3NjcmlwdD4KCjxzY3JpcHQgYXN5bmMgdHlwZT0ndGV4dC9qYXZhc2NyaXB0JyBzcmM9Jy8vcy5jbGlja2lvY2RuLmNvbS90LzIxODI2MC8zNjBfbGlnaHQuanMnPjwvc2NyaXB0Pgo8c2NyaXB0IGNsYXNzPSdfX2x4R2NfXycgdHlwZT0ndGV4dC9qYXZhc2NyaXB0Jz4KKChfX2x4R2NfXz13aW5kb3cuX19seEdjX198fHsncyc6e30sJ2InOjB9KVsncyddWydfMjE4MjYwJ109X19seEdjX19bJ3MnXVsnXzIxODI2MCddfHx7J2InOnt9fSlbJ2InXVsnXzcwOTQ1OSddPXsnaSc6X19seEdjX18uYisrfTsKPC9zY3JpcHQ+PC9kaXY+Cg==' data-block='13'><\/div>\n<script>\n  ai_run_964682489019 = function(){ai_insert_viewport_code ('ai-insert-13-33569585');};\n  if (document.readyState === 'complete' || (document.readyState !== 'loading' && !document.documentElement.doScroll)) ai_run_964682489019 (); else document.addEventListener ('DOMContentLoaded', ai_run_964682489019);\n<\/script>\n[\/vc_column_text]<\/div><\/div><\/div><\/div><div id=\"tdi_77\" class=\"tdc-row\"><div class=\"vc_row tdi_78  wpb_row td-pb-row\" >\n<style scoped>\n\/* custom css - generated by TagDiv Composer *\/\n\n\/* custom css - generated by TagDiv Composer *\/\n.tdi_78,\r\n                .tdi_78 .tdc-columns{\r\n                    min-height: 0;\r\n                }.tdi_78,\r\n\t\t\t\t.tdi_78 .tdc-columns{\r\n\t\t\t\t    display: block;\r\n\t\t\t\t}.tdi_78 .tdc-columns{\r\n\t\t\t\t    width: 100%;\r\n\t\t\t\t}.tdi_78:before,\r\n\t\t\t\t.tdi_78:after{\r\n\t\t\t\t    display: table;\r\n\t\t\t\t}\n<\/style><div class=\"vc_column tdi_80  wpb_column vc_column_container tdc-column td-pb-span12\">\n<style scoped>\n\/* custom css - generated by TagDiv Composer *\/\n\n\/* custom css - generated by TagDiv Composer *\/\n.tdi_80{\r\n                    vertical-align: baseline;\r\n                }.tdi_80 > .wpb_wrapper,\r\n\t\t\t\t.tdi_80 > .wpb_wrapper > .tdc-elements{\r\n\t\t\t\t    display: block;\r\n\t\t\t\t}.tdi_80 > .wpb_wrapper > .tdc-elements{\r\n\t\t\t\t    width: 100%;\r\n\t\t\t\t}.tdi_80 > .wpb_wrapper > .vc_row_inner{\r\n\t\t\t\t    width: auto;\r\n\t\t\t\t}.tdi_80 > .wpb_wrapper{\r\n\t\t\t\t    width: auto;\r\n\t\t\t\t    height: auto;\r\n\t\t\t\t}\n<\/style><div class=\"wpb_wrapper\" >[vc_custom_heading text=\u00a0\u00bbH\u00f4tels \u00e0 V\u00e9rone\u00a0\u00bb google_fonts=\u00a0\u00bbfont_family:Open%20Sans%3A300%2C300italic%2Cregular%2Citalic%2C600%2C600italic%2C700%2C700italic%2C800%2C800italic|font_style:600%20bold%20regular%3A600%3Anormal\u00a0\u00bb css=\u00a0\u00bb.vc_custom_1487936514781{background-position: 0 0 !important;background-repeat: no-repeat !important;}\u00a0\u00bb][vc_column_text]<span class=\"dropcap\" style=\"background-color: #c60c0c;\">H<\/span><\/p>\n<p>Fascinante et romantique, V\u00e9rone est le deuxi\u00e8me centre de V\u00e9n\u00e9tie pour l\u2019afflux touristique italien et international.<\/p>\n<figure id=\"attachment_3396\" aria-describedby=\"caption-attachment-3396\" style=\"width: 375px\" class=\"wp-caption alignleft\"><img decoding=\"async\" class=\"size-full wp-image-3396\" src=\"https:\/\/www.10cose.it\/wp-content\/uploads\/2015\/09\/hotel-dove-dormire-verona.jpg\" alt=\"O\u00f9 dormir \u00e0 V\u00e9rone\" width=\"375\" height=\"250\" srcset=\"https:\/\/www.10cose.it\/wp-content\/uploads\/2015\/09\/hotel-dove-dormire-verona.jpg 375w, https:\/\/www.10cose.it\/wp-content\/uploads\/2015\/09\/hotel-dove-dormire-verona-300x200.jpg 300w\" sizes=\"(max-width: 375px) 100vw, 375px\" \/><figcaption id=\"caption-attachment-3396\" class=\"wp-caption-text\">O\u00f9 dormir \u00e0 V\u00e9rone<\/figcaption><\/figure>\n<p>Le territoire, avec la province et le <a href=\"https:\/\/www.10cose.it\/lago-garda\/cosa-vedere-lago-di-garda\"><strong>lac de Garde<\/strong><\/a>, accueille chaque ann\u00e9e un grand nombre de touristes. Pour r\u00e9pondre \u00e0 cette tendance, la ville propose une offre d\u2019<strong>h\u00f4tels et de bed &amp; breakfast<\/strong>, mais aussi d\u2019auberges de jeunesse et d\u2019agritourismes confortables, et certainement moins co\u00fbteux.<\/p>\n<p>Les prix sont en moyenne \u00e9lev\u00e9s et il peut \u00eatre difficile de trouver une chambre \u00e0 bon prix au printemps, surtout pendant les <strong>ponts, les f\u00eates de No\u00ebl et les \u00e9v\u00e9nements musicaux aux Ar\u00e8nes<\/strong>.<\/p>\n<p>Le conseil est de r\u00e9server longtemps \u00e0 l\u2019avance pendant ces p\u00e9riodes. Les prix d\u2019un <strong>h\u00f4tel 3 \u00e9toiles dans le centre commencent \u00e0 70 euros<\/strong>, mais peuvent augmenter fortement pour les \u00e9tablissements plus luxueux ou dans les zones les plus monumentales.<\/p>\n<blockquote class=\"td_quote_box td_box_center\">\n<p style=\"text-align: left;\">Si vous cherchez un h\u00f4tel \u00e0 V\u00e9rone, nous vous conseillons de choisir parmi ceux propos\u00e9s par <strong><a href=\"https:\/\/www.booking.com\/city\/it\/verona.it.html?aid=340168;label=veronaparagrafo\" target=\"_blank\" rel=\"sponsored noopener noreferrer\">Booking.com<\/a>.<\/strong> Il y a environ 127 h\u00f4tels avec prix, photos et commentaires de voyageurs ayant s\u00e9journ\u00e9 avant vous. <a href=\"https:\/\/www.booking.com\/city\/it\/verona.it.html?aid=340168;label=veronaparagrafo\" target=\"_blank\" rel=\"sponsored noopener noreferrer\"><strong>Aller sur Booking.com<\/strong><\/a><\/p>\n<\/blockquote>\n<p>[\/vc_column_text]<div class=\"wpb_wrapper td_block_separator td_block_wrap vc_separator tdi_82  td_separator_solid td_separator_center\"><span style=\"border-color:juicy_pink;border-width:1px;width:100%;\"><\/span><\/div><\/div><\/div><\/div><\/div><div id=\"tdi_83\" class=\"tdc-row\"><div class=\"vc_row tdi_84  wpb_row td-pb-row\" >\n<style scoped>\n\/* custom css - generated by TagDiv Composer *\/\n\n\/* custom css - generated by TagDiv Composer *\/\n.tdi_84,\r\n                .tdi_84 .tdc-columns{\r\n                    min-height: 0;\r\n                }.tdi_84,\r\n\t\t\t\t.tdi_84 .tdc-columns{\r\n\t\t\t\t    display: block;\r\n\t\t\t\t}.tdi_84 .tdc-columns{\r\n\t\t\t\t    width: 100%;\r\n\t\t\t\t}.tdi_84:before,\r\n\t\t\t\t.tdi_84:after{\r\n\t\t\t\t    display: table;\r\n\t\t\t\t}\n<\/style><div class=\"vc_column tdi_86  wpb_column vc_column_container tdc-column td-pb-span12\">\n<style scoped>\n\/* custom css - generated by TagDiv Composer *\/\n\n\/* custom css - generated by TagDiv Composer *\/\n.tdi_86{\r\n                    vertical-align: baseline;\r\n                }.tdi_86 > .wpb_wrapper,\r\n\t\t\t\t.tdi_86 > .wpb_wrapper > .tdc-elements{\r\n\t\t\t\t    display: block;\r\n\t\t\t\t}.tdi_86 > .wpb_wrapper > .tdc-elements{\r\n\t\t\t\t    width: 100%;\r\n\t\t\t\t}.tdi_86 > .wpb_wrapper > .vc_row_inner{\r\n\t\t\t\t    width: auto;\r\n\t\t\t\t}.tdi_86 > .wpb_wrapper{\r\n\t\t\t\t    width: auto;\r\n\t\t\t\t    height: auto;\r\n\t\t\t\t}\n<\/style><div class=\"wpb_wrapper\" ><div class=\"td_block_wrap td_block_22 tdi_87 td-pb-border-top td_block_template_1 tdc-no-posts td-column-3\"  data-td-block-uid=\"tdi_87\" ><script>var block_tdi_87 = new tdBlock();\nblock_tdi_87.id = \"tdi_87\";\nblock_tdi_87.atts = '{\"custom_title\":\"ENVIRONS DE V\\u00c9RONE\",\"category_id\":\"482\",\"sort\":\"popular\",\"limit\":\"0\",\"block_type\":\"td_block_22\",\"separator\":\"\",\"custom_url\":\"\",\"block_template_id\":\"\",\"m17_tl\":\"\",\"m17_el\":\"\",\"post_ids\":\"\",\"taxonomies\":\"\",\"category_ids\":\"\",\"in_all_terms\":\"\",\"tag_slug\":\"\",\"autors_id\":\"\",\"installed_post_types\":\"\",\"include_cf_posts\":\"\",\"exclude_cf_posts\":\"\",\"popular_by_date\":\"\",\"linked_posts\":\"\",\"favourite_only\":\"\",\"offset\":\"\",\"open_in_new_window\":\"\",\"show_modified_date\":\"\",\"time_ago\":\"\",\"time_ago_add_txt\":\"ago\",\"time_ago_txt_pos\":\"\",\"review_source\":\"\",\"el_class\":\"\",\"td_ajax_filter_type\":\"\",\"td_ajax_filter_ids\":\"\",\"td_filter_default_txt\":\"All\",\"td_ajax_preloading\":\"\",\"f_header_font_header\":\"\",\"f_header_font_title\":\"Block header\",\"f_header_font_settings\":\"\",\"f_header_font_family\":\"\",\"f_header_font_size\":\"\",\"f_header_font_line_height\":\"\",\"f_header_font_style\":\"\",\"f_header_font_weight\":\"\",\"f_header_font_transform\":\"\",\"f_header_font_spacing\":\"\",\"f_header_\":\"\",\"f_ajax_font_title\":\"Ajax categories\",\"f_ajax_font_settings\":\"\",\"f_ajax_font_family\":\"\",\"f_ajax_font_size\":\"\",\"f_ajax_font_line_height\":\"\",\"f_ajax_font_style\":\"\",\"f_ajax_font_weight\":\"\",\"f_ajax_font_transform\":\"\",\"f_ajax_font_spacing\":\"\",\"f_ajax_\":\"\",\"f_more_font_title\":\"Load more button\",\"f_more_font_settings\":\"\",\"f_more_font_family\":\"\",\"f_more_font_size\":\"\",\"f_more_font_line_height\":\"\",\"f_more_font_style\":\"\",\"f_more_font_weight\":\"\",\"f_more_font_transform\":\"\",\"f_more_font_spacing\":\"\",\"f_more_\":\"\",\"m17f_title_font_header\":\"\",\"m17f_title_font_title\":\"Article title\",\"m17f_title_font_settings\":\"\",\"m17f_title_font_family\":\"\",\"m17f_title_font_size\":\"\",\"m17f_title_font_line_height\":\"\",\"m17f_title_font_style\":\"\",\"m17f_title_font_weight\":\"\",\"m17f_title_font_transform\":\"\",\"m17f_title_font_spacing\":\"\",\"m17f_title_\":\"\",\"m17f_cat_font_title\":\"Article category tag\",\"m17f_cat_font_settings\":\"\",\"m17f_cat_font_family\":\"\",\"m17f_cat_font_size\":\"\",\"m17f_cat_font_line_height\":\"\",\"m17f_cat_font_style\":\"\",\"m17f_cat_font_weight\":\"\",\"m17f_cat_font_transform\":\"\",\"m17f_cat_font_spacing\":\"\",\"m17f_cat_\":\"\",\"m17f_meta_font_title\":\"Article meta info\",\"m17f_meta_font_settings\":\"\",\"m17f_meta_font_family\":\"\",\"m17f_meta_font_size\":\"\",\"m17f_meta_font_line_height\":\"\",\"m17f_meta_font_style\":\"\",\"m17f_meta_font_weight\":\"\",\"m17f_meta_font_transform\":\"\",\"m17f_meta_font_spacing\":\"\",\"m17f_meta_\":\"\",\"m17f_ex_font_title\":\"Article excerpt\",\"m17f_ex_font_settings\":\"\",\"m17f_ex_font_family\":\"\",\"m17f_ex_font_size\":\"\",\"m17f_ex_font_line_height\":\"\",\"m17f_ex_font_style\":\"\",\"m17f_ex_font_weight\":\"\",\"m17f_ex_font_transform\":\"\",\"m17f_ex_font_spacing\":\"\",\"m17f_ex_\":\"\",\"m17f_btn_font_title\":\"Article read more button\",\"m17f_btn_font_settings\":\"\",\"m17f_btn_font_family\":\"\",\"m17f_btn_font_size\":\"\",\"m17f_btn_font_line_height\":\"\",\"m17f_btn_font_style\":\"\",\"m17f_btn_font_weight\":\"\",\"m17f_btn_font_transform\":\"\",\"m17f_btn_font_spacing\":\"\",\"m17f_btn_\":\"\",\"ajax_pagination\":\"\",\"ajax_pagination_next_prev_swipe\":\"\",\"ajax_pagination_infinite_stop\":\"\",\"css\":\"\",\"tdc_css\":\"\",\"td_column_number\":3,\"header_color\":\"\",\"color_preset\":\"\",\"border_top\":\"\",\"class\":\"tdi_87\",\"tdc_css_class\":\"tdi_87\",\"tdc_css_class_style\":\"tdi_87_rand_style\"}';\nblock_tdi_87.td_column_number = \"3\";\nblock_tdi_87.block_type = \"td_block_22\";\nblock_tdi_87.post_count = \"0\";\nblock_tdi_87.found_posts = \"0\";\nblock_tdi_87.header_color = \"\";\nblock_tdi_87.ajax_pagination_infinite_stop = \"\";\nblock_tdi_87.max_num_pages = \"0\";\ntdBlocksArray.push(block_tdi_87);\n<\/script><div class=\"td-block-title-wrap\"><h4 class=\"block-title td-block-title\"><span class=\"td-pulldown-size\">ENVIRONS DE V\u00c9RONE<\/span><\/h4><\/div><div id=tdi_87 class=\"td_block_inner td-column-3 td-opacity-read\"><\/div><\/div> <!-- .\/block --><\/div><\/div><\/div><\/div>\n<\/div>","protected":false},"excerpt":{"rendered":"[vc_column_text css=\"\"]On ne peut pas penser \u00e0 V\u00e9rone sans l\u2019imaginer comme le d\u00e9cor tragique de l\u2019histoire d\u2019amour de Rom\u00e9o et Juliette. Le drame de Shakespeare a certainement contribu\u00e9 \u00e0 la renomm\u00e9e de la ville v\u00e9nitienne : une grande partie de l\u2019\u00e9conomie de V\u00e9rone repose sur ce \u00ab tourisme romantique \u00bb, qui trouve son point culminant [...]","protected":false},"author":3,"featured_media":3388,"comment_status":"closed","ping_status":"closed","sticky":false,"template":"","format":"standard","meta":{"_bos_mb_destination":["Verona"],"footnotes":""},"categories":[619,603],"tags":[],"class_list":{"0":"post-1075","1":"post","2":"type-post","3":"status-publish","4":"format-standard","5":"has-post-thumbnail","7":"category-verone","8":"category-villes-d-art"},"yoast_head":"<!-- This site is optimized with the Yoast SEO plugin v26.8 - https:\/\/yoast.com\/product\/yoast-seo-wordpress\/ -->\n<title>V\u00e9rone : que faire et voir \u00e0 V\u00e9rone<\/title>\n<meta name=\"description\" content=\"Que voir \u00e0 V\u00e9rone : les lieux incontournables \u00e0 visiter pendant des vacances ou un week-end dans la ville de Rom\u00e9o et Juliette.\" \/>\n<meta name=\"robots\" content=\"index, follow, max-snippet:-1, max-image-preview:large, max-video-preview:-1\" \/>\n<link rel=\"canonical\" href=\"https:\/\/www.10cose.it\/fr\/verone\/que-voir-verone\" \/>\n<meta property=\"og:locale\" content=\"fr_FR\" \/>\n<meta property=\"og:type\" content=\"article\" \/>\n<meta property=\"og:title\" content=\"V\u00e9rone : que faire et voir \u00e0 V\u00e9rone\" \/>\n<meta property=\"og:description\" content=\"Que voir \u00e0 V\u00e9rone : les lieux incontournables \u00e0 visiter pendant des vacances ou un week-end dans la ville de Rom\u00e9o et Juliette.\" \/>\n<meta property=\"og:url\" content=\"https:\/\/www.10cose.it\/fr\/verone\/que-voir-verone\" \/>\n<meta property=\"og:site_name\" content=\"10Cose.it\" \/>\n<meta property=\"article:publisher\" content=\"https:\/\/www.facebook.com\/10cose\" \/>\n<meta property=\"article:author\" content=\"https:\/\/www.facebook.com\/alfonso.cannavacciuolo\" \/>\n<meta property=\"article:published_time\" content=\"2026-04-26T14:30:15+00:00\" \/>\n<meta property=\"article:modified_time\" content=\"2026-04-26T14:30:47+00:00\" \/>\n<meta property=\"og:image\" content=\"https:\/\/www.10cose.it\/wp-content\/uploads\/2015\/09\/verona.jpg\" \/>\n\t<meta property=\"og:image:width\" content=\"1440\" \/>\n\t<meta property=\"og:image:height\" content=\"630\" \/>\n\t<meta property=\"og:image:type\" content=\"image\/jpeg\" \/>\n<meta name=\"author\" content=\"Alfonso Cannavacciuolo\" \/>\n<meta name=\"twitter:card\" content=\"summary_large_image\" \/>\n<meta name=\"twitter:label1\" content=\"\u00c9crit par\" \/>\n\t<meta name=\"twitter:data1\" content=\"Alfonso Cannavacciuolo\" \/>\n\t<meta name=\"twitter:label2\" content=\"Dur\u00e9e de lecture estim\u00e9e\" \/>\n\t<meta name=\"twitter:data2\" content=\"16 minutes\" \/>\n<script type=\"application\/ld+json\" class=\"yoast-schema-graph\">{\"@context\":\"https:\/\/schema.org\",\"@graph\":[{\"@type\":\"Article\",\"@id\":\"https:\/\/www.10cose.it\/fr\/verone\/que-voir-verone#article\",\"isPartOf\":{\"@id\":\"https:\/\/www.10cose.it\/fr\/verone\/que-voir-verone\"},\"author\":{\"name\":\"Alfonso Cannavacciuolo\",\"@id\":\"https:\/\/www.10cose.it\/fr#\/schema\/person\/c80c316b467d8a1154ed7e3cbb1aa70e\"},\"headline\":\"Que faire et voir \u00e0 V\u00e9rone\",\"datePublished\":\"2026-04-26T14:30:15+00:00\",\"dateModified\":\"2026-04-26T14:30:47+00:00\",\"mainEntityOfPage\":{\"@id\":\"https:\/\/www.10cose.it\/fr\/verone\/que-voir-verone\"},\"wordCount\":4821,\"image\":{\"@id\":\"https:\/\/www.10cose.it\/fr\/verone\/que-voir-verone#primaryimage\"},\"thumbnailUrl\":\"https:\/\/www.10cose.it\/wp-content\/uploads\/2015\/09\/verona.jpg\",\"articleSection\":[\"Verone\",\"Villes d&#039;art\"],\"inLanguage\":\"fr-FR\"},{\"@type\":\"WebPage\",\"@id\":\"https:\/\/www.10cose.it\/fr\/verone\/que-voir-verone\",\"url\":\"https:\/\/www.10cose.it\/fr\/verone\/que-voir-verone\",\"name\":\"V\u00e9rone : que faire et voir \u00e0 V\u00e9rone\",\"isPartOf\":{\"@id\":\"https:\/\/www.10cose.it\/fr#website\"},\"primaryImageOfPage\":{\"@id\":\"https:\/\/www.10cose.it\/fr\/verone\/que-voir-verone#primaryimage\"},\"image\":{\"@id\":\"https:\/\/www.10cose.it\/fr\/verone\/que-voir-verone#primaryimage\"},\"thumbnailUrl\":\"https:\/\/www.10cose.it\/wp-content\/uploads\/2015\/09\/verona.jpg\",\"datePublished\":\"2026-04-26T14:30:15+00:00\",\"dateModified\":\"2026-04-26T14:30:47+00:00\",\"author\":{\"@id\":\"https:\/\/www.10cose.it\/fr#\/schema\/person\/c80c316b467d8a1154ed7e3cbb1aa70e\"},\"description\":\"Que voir \u00e0 V\u00e9rone : les lieux incontournables \u00e0 visiter pendant des vacances ou un week-end dans la ville de Rom\u00e9o et Juliette.\",\"breadcrumb\":{\"@id\":\"https:\/\/www.10cose.it\/fr\/verone\/que-voir-verone#breadcrumb\"},\"inLanguage\":\"fr-FR\",\"potentialAction\":[{\"@type\":\"ReadAction\",\"target\":[\"https:\/\/www.10cose.it\/fr\/verone\/que-voir-verone\"]}]},{\"@type\":\"ImageObject\",\"inLanguage\":\"fr-FR\",\"@id\":\"https:\/\/www.10cose.it\/fr\/verone\/que-voir-verone#primaryimage\",\"url\":\"https:\/\/www.10cose.it\/wp-content\/uploads\/2015\/09\/verona.jpg\",\"contentUrl\":\"https:\/\/www.10cose.it\/wp-content\/uploads\/2015\/09\/verona.jpg\",\"width\":1440,\"height\":630,\"caption\":\"Verona\"},{\"@type\":\"BreadcrumbList\",\"@id\":\"https:\/\/www.10cose.it\/fr\/verone\/que-voir-verone#breadcrumb\",\"itemListElement\":[{\"@type\":\"ListItem\",\"position\":1,\"name\":\"Home\",\"item\":\"https:\/\/www.10cose.it\/fr\"},{\"@type\":\"ListItem\",\"position\":2,\"name\":\"Que faire et voir \u00e0 V\u00e9rone\"}]},{\"@type\":\"WebSite\",\"@id\":\"https:\/\/www.10cose.it\/fr#website\",\"url\":\"https:\/\/www.10cose.it\/fr\",\"name\":\"10Cose.it\",\"description\":\"La guida turistica che conta\",\"potentialAction\":[{\"@type\":\"SearchAction\",\"target\":{\"@type\":\"EntryPoint\",\"urlTemplate\":\"https:\/\/www.10cose.it\/fr?s={search_term_string}\"},\"query-input\":{\"@type\":\"PropertyValueSpecification\",\"valueRequired\":true,\"valueName\":\"search_term_string\"}}],\"inLanguage\":\"fr-FR\"},{\"@type\":\"Person\",\"@id\":\"https:\/\/www.10cose.it\/fr#\/schema\/person\/c80c316b467d8a1154ed7e3cbb1aa70e\",\"name\":\"Alfonso Cannavacciuolo\",\"image\":{\"@type\":\"ImageObject\",\"inLanguage\":\"fr-FR\",\"@id\":\"https:\/\/www.10cose.it\/fr#\/schema\/person\/image\/\",\"url\":\"https:\/\/secure.gravatar.com\/avatar\/07dd21fa5f5be64529ebba6b73d41aa689a271c3ded36579ae89cf0610610977?s=96&d=mm&r=g\",\"contentUrl\":\"https:\/\/secure.gravatar.com\/avatar\/07dd21fa5f5be64529ebba6b73d41aa689a271c3ded36579ae89cf0610610977?s=96&d=mm&r=g\",\"caption\":\"Alfonso Cannavacciuolo\"},\"description\":\"Alfonso Cannavacciuolo \u00e8 un copywriter e redattore professionista. Scrive per aziende e agenzie pubblicitarie. Insegna scrittura in master e universit\u00e0 e ha pubblicato tre manuali di scrittura con Hoepli editore. Appassionato di viaggi e fotografia, scrive guide e reportage. Ha fondato 10cose.it nel 2009. Oggi 10cose.it \u00e8 uno dei principali portali turistici italiani.\",\"sameAs\":[\"https:\/\/g.co\/kgs\/ZZghdD\",\"https:\/\/www.facebook.com\/alfonso.cannavacciuolo\",\"https:\/\/www.instagram.com\/cannavacciuo\/\",\"https:\/\/www.linkedin.com\/in\/alfonso-cannavacciuolo-a551775\/\"],\"url\":\"https:\/\/www.10cose.it\/fr\/author\/br5fcowh3nlo2ckhzx\"}]}<\/script>\n<!-- \/ Yoast SEO plugin. -->","yoast_head_json":{"title":"V\u00e9rone : que faire et voir \u00e0 V\u00e9rone","description":"Que voir \u00e0 V\u00e9rone : les lieux incontournables \u00e0 visiter pendant des vacances ou un week-end dans la ville de Rom\u00e9o et Juliette.","robots":{"index":"index","follow":"follow","max-snippet":"max-snippet:-1","max-image-preview":"max-image-preview:large","max-video-preview":"max-video-preview:-1"},"canonical":"https:\/\/www.10cose.it\/fr\/verone\/que-voir-verone","og_locale":"fr_FR","og_type":"article","og_title":"V\u00e9rone : que faire et voir \u00e0 V\u00e9rone","og_description":"Que voir \u00e0 V\u00e9rone : les lieux incontournables \u00e0 visiter pendant des vacances ou un week-end dans la ville de Rom\u00e9o et Juliette.","og_url":"https:\/\/www.10cose.it\/fr\/verone\/que-voir-verone","og_site_name":"10Cose.it","article_publisher":"https:\/\/www.facebook.com\/10cose","article_author":"https:\/\/www.facebook.com\/alfonso.cannavacciuolo","article_published_time":"2026-04-26T14:30:15+00:00","article_modified_time":"2026-04-26T14:30:47+00:00","og_image":[{"width":1440,"height":630,"url":"https:\/\/www.10cose.it\/wp-content\/uploads\/2015\/09\/verona.jpg","type":"image\/jpeg"}],"author":"Alfonso Cannavacciuolo","twitter_card":"summary_large_image","twitter_misc":{"\u00c9crit par":"Alfonso Cannavacciuolo","Dur\u00e9e de lecture estim\u00e9e":"16 minutes"},"schema":{"@context":"https:\/\/schema.org","@graph":[{"@type":"Article","@id":"https:\/\/www.10cose.it\/fr\/verone\/que-voir-verone#article","isPartOf":{"@id":"https:\/\/www.10cose.it\/fr\/verone\/que-voir-verone"},"author":{"name":"Alfonso Cannavacciuolo","@id":"https:\/\/www.10cose.it\/fr#\/schema\/person\/c80c316b467d8a1154ed7e3cbb1aa70e"},"headline":"Que faire et voir \u00e0 V\u00e9rone","datePublished":"2026-04-26T14:30:15+00:00","dateModified":"2026-04-26T14:30:47+00:00","mainEntityOfPage":{"@id":"https:\/\/www.10cose.it\/fr\/verone\/que-voir-verone"},"wordCount":4821,"image":{"@id":"https:\/\/www.10cose.it\/fr\/verone\/que-voir-verone#primaryimage"},"thumbnailUrl":"https:\/\/www.10cose.it\/wp-content\/uploads\/2015\/09\/verona.jpg","articleSection":["Verone","Villes d&#039;art"],"inLanguage":"fr-FR"},{"@type":"WebPage","@id":"https:\/\/www.10cose.it\/fr\/verone\/que-voir-verone","url":"https:\/\/www.10cose.it\/fr\/verone\/que-voir-verone","name":"V\u00e9rone : que faire et voir \u00e0 V\u00e9rone","isPartOf":{"@id":"https:\/\/www.10cose.it\/fr#website"},"primaryImageOfPage":{"@id":"https:\/\/www.10cose.it\/fr\/verone\/que-voir-verone#primaryimage"},"image":{"@id":"https:\/\/www.10cose.it\/fr\/verone\/que-voir-verone#primaryimage"},"thumbnailUrl":"https:\/\/www.10cose.it\/wp-content\/uploads\/2015\/09\/verona.jpg","datePublished":"2026-04-26T14:30:15+00:00","dateModified":"2026-04-26T14:30:47+00:00","author":{"@id":"https:\/\/www.10cose.it\/fr#\/schema\/person\/c80c316b467d8a1154ed7e3cbb1aa70e"},"description":"Que voir \u00e0 V\u00e9rone : les lieux incontournables \u00e0 visiter pendant des vacances ou un week-end dans la ville de Rom\u00e9o et Juliette.","breadcrumb":{"@id":"https:\/\/www.10cose.it\/fr\/verone\/que-voir-verone#breadcrumb"},"inLanguage":"fr-FR","potentialAction":[{"@type":"ReadAction","target":["https:\/\/www.10cose.it\/fr\/verone\/que-voir-verone"]}]},{"@type":"ImageObject","inLanguage":"fr-FR","@id":"https:\/\/www.10cose.it\/fr\/verone\/que-voir-verone#primaryimage","url":"https:\/\/www.10cose.it\/wp-content\/uploads\/2015\/09\/verona.jpg","contentUrl":"https:\/\/www.10cose.it\/wp-content\/uploads\/2015\/09\/verona.jpg","width":1440,"height":630,"caption":"Verona"},{"@type":"BreadcrumbList","@id":"https:\/\/www.10cose.it\/fr\/verone\/que-voir-verone#breadcrumb","itemListElement":[{"@type":"ListItem","position":1,"name":"Home","item":"https:\/\/www.10cose.it\/fr"},{"@type":"ListItem","position":2,"name":"Que faire et voir \u00e0 V\u00e9rone"}]},{"@type":"WebSite","@id":"https:\/\/www.10cose.it\/fr#website","url":"https:\/\/www.10cose.it\/fr","name":"10Cose.it","description":"La guida turistica che conta","potentialAction":[{"@type":"SearchAction","target":{"@type":"EntryPoint","urlTemplate":"https:\/\/www.10cose.it\/fr?s={search_term_string}"},"query-input":{"@type":"PropertyValueSpecification","valueRequired":true,"valueName":"search_term_string"}}],"inLanguage":"fr-FR"},{"@type":"Person","@id":"https:\/\/www.10cose.it\/fr#\/schema\/person\/c80c316b467d8a1154ed7e3cbb1aa70e","name":"Alfonso Cannavacciuolo","image":{"@type":"ImageObject","inLanguage":"fr-FR","@id":"https:\/\/www.10cose.it\/fr#\/schema\/person\/image\/","url":"https:\/\/secure.gravatar.com\/avatar\/07dd21fa5f5be64529ebba6b73d41aa689a271c3ded36579ae89cf0610610977?s=96&d=mm&r=g","contentUrl":"https:\/\/secure.gravatar.com\/avatar\/07dd21fa5f5be64529ebba6b73d41aa689a271c3ded36579ae89cf0610610977?s=96&d=mm&r=g","caption":"Alfonso Cannavacciuolo"},"description":"Alfonso Cannavacciuolo \u00e8 un copywriter e redattore professionista. Scrive per aziende e agenzie pubblicitarie. Insegna scrittura in master e universit\u00e0 e ha pubblicato tre manuali di scrittura con Hoepli editore. Appassionato di viaggi e fotografia, scrive guide e reportage. Ha fondato 10cose.it nel 2009. Oggi 10cose.it \u00e8 uno dei principali portali turistici italiani.","sameAs":["https:\/\/g.co\/kgs\/ZZghdD","https:\/\/www.facebook.com\/alfonso.cannavacciuolo","https:\/\/www.instagram.com\/cannavacciuo\/","https:\/\/www.linkedin.com\/in\/alfonso-cannavacciuolo-a551775\/"],"url":"https:\/\/www.10cose.it\/fr\/author\/br5fcowh3nlo2ckhzx"}]}},"_links":{"self":[{"href":"https:\/\/www.10cose.it\/fr\/wp-json\/wp\/v2\/posts\/1075","targetHints":{"allow":["GET"]}}],"collection":[{"href":"https:\/\/www.10cose.it\/fr\/wp-json\/wp\/v2\/posts"}],"about":[{"href":"https:\/\/www.10cose.it\/fr\/wp-json\/wp\/v2\/types\/post"}],"author":[{"embeddable":true,"href":"https:\/\/www.10cose.it\/fr\/wp-json\/wp\/v2\/users\/3"}],"replies":[{"embeddable":true,"href":"https:\/\/www.10cose.it\/fr\/wp-json\/wp\/v2\/comments?post=1075"}],"version-history":[{"count":41,"href":"https:\/\/www.10cose.it\/fr\/wp-json\/wp\/v2\/posts\/1075\/revisions"}],"predecessor-version":[{"id":36818,"href":"https:\/\/www.10cose.it\/fr\/wp-json\/wp\/v2\/posts\/1075\/revisions\/36818"}],"wp:featuredmedia":[{"embeddable":true,"href":"https:\/\/www.10cose.it\/fr\/wp-json\/wp\/v2\/media\/3388"}],"wp:attachment":[{"href":"https:\/\/www.10cose.it\/fr\/wp-json\/wp\/v2\/media?parent=1075"}],"wp:term":[{"taxonomy":"category","embeddable":true,"href":"https:\/\/www.10cose.it\/fr\/wp-json\/wp\/v2\/categories?post=1075"},{"taxonomy":"post_tag","embeddable":true,"href":"https:\/\/www.10cose.it\/fr\/wp-json\/wp\/v2\/tags?post=1075"}],"curies":[{"name":"wp","href":"https:\/\/api.w.org\/{rel}","templated":true}]}}